{"id":258594,"date":"2025-11-27T14:00:08","date_gmt":"2025-11-27T14:00:08","guid":{"rendered":"https:\/\/www.europesays.com\/es\/258594\/"},"modified":"2025-11-27T14:00:08","modified_gmt":"2025-11-27T14:00:08","slug":"salud-abre-la-vacunacion-de-la-gripe-a-toda-la-poblacion-a-partir-del-1-de-diciembre","status":"publish","type":"post","link":"https:\/\/www.europesays.com\/es\/258594\/","title":{"rendered":"Salud abre la vacunaci\u00f3n de la gripe a toda la poblaci\u00f3n a partir del 1 de diciembre"},"content":{"rendered":"<p data-end=\"995\" data-start=\"513\"><strong data-end=\"522\" data-start=\"513\">Salud<\/strong> abre la <strong data-end=\"557\" data-start=\"531\">vacunaci\u00f3n de la gripe<\/strong> a la <strong data-end=\"584\" data-start=\"563\">poblaci\u00f3n general<\/strong> a partir del <strong data-end=\"616\" data-start=\"598\">1 de diciembre<\/strong> en la <strong data-end=\"643\" data-start=\"623\">Regi\u00f3n de Murcia<\/strong>. La cita puede solicitarse desde hoy en la <strong data-end=\"694\" data-start=\"687\">app<\/strong> o la <strong data-end=\"722\" data-start=\"700\">web de MurciaSalud<\/strong> y en los <strong data-end=\"752\" data-start=\"732\">centros de salud<\/strong>, <strong data-end=\"770\" data-start=\"754\">consultorios<\/strong> o <strong data-end=\"808\" data-start=\"773\">puntos de vacunaci\u00f3n habituales<\/strong>. La <strong data-end=\"827\" data-start=\"813\">Consejer\u00eda<\/strong> recomienda <strong data-end=\"852\" data-start=\"839\">vacunarse<\/strong> a toda la <strong data-end=\"882\" data-start=\"863\">poblaci\u00f3n diana<\/strong>, ya que l<a href=\"https:\/\/www.orm.es\/informativos\/se-duplican-los-casos-de-gripe-bronquitis-y-bronquiolitis-en-las-dos-ultimas-semanas\/\" rel=\"nofollow noopener\" target=\"_blank\">a <strong data-end=\"903\" data-start=\"894\">gripe<\/strong>, que este a\u00f1o circula con una <strong data-end=\"948\" data-start=\"934\">nueva cepa<\/strong>, se ha adelantado <strong data-end=\"992\" data-start=\"967\">tres o cuatro semanas<\/strong>.<\/a><\/p>\n<p data-end=\"1382\" data-start=\"997\"><strong data-end=\"1019\" data-start=\"997\">Jos\u00e9 Jes\u00fas Guill\u00e9n<\/strong>, director general de <strong data-end=\"1058\" data-start=\"1041\">Salud P\u00fablica<\/strong>, hace un llamamiento a <strong data-end=\"1095\" data-start=\"1082\">vacunarse<\/strong> a los <strong data-end=\"1122\" data-start=\"1102\">grupos de riesgo<\/strong>, especialmente a los <strong data-end=\"1177\" data-start=\"1144\">menores de entre 6 y 23 meses<\/strong> que a\u00fan no hayan sido vacunados. Un estudio realizado con poblaci\u00f3n del Reino Unido asegura que la <strong data-end=\"1265\" data-start=\"1237\">vacuna de esta temporada<\/strong> puede reducir el <strong data-end=\"1293\" data-start=\"1283\">riesgo<\/strong> y las <strong data-end=\"1321\" data-start=\"1300\">hospitalizaciones<\/strong> en <strong data-end=\"1334\" data-start=\"1325\">ni\u00f1os<\/strong> en un 75% y en <strong data-end=\"1372\" data-start=\"1350\">mayores de 65 a\u00f1os<\/strong> un 40%, informa la consejer\u00eda de Salud.\u00a0<\/p>\n<p data-end=\"1760\" data-start=\"1384\"><strong data-end=\"1393\" data-start=\"1384\">Salud<\/strong> recuerda que las personas que no est\u00e1n dentro de esos <strong data-end=\"1471\" data-start=\"1448\">grupos prioritarios<\/strong> tambi\u00e9n se deben <strong data-end=\"1515\" data-start=\"1489\">proteger ante la gripe<\/strong>. Adem\u00e1s, aprovechando que este viernes 28 de nnoviembre no hay clases en <strong data-end=\"1586\" data-start=\"1574\">Infantil<\/strong> y <strong data-end=\"1601\" data-start=\"1589\">Primaria<\/strong> por el <strong data-end=\"1628\" data-start=\"1609\">D\u00eda del Maestro<\/strong>, la mayor\u00eda de <strong data-end=\"1664\" data-start=\"1644\">centros de salud<\/strong> de la Regi\u00f3n har\u00e1n una <strong data-end=\"1722\" data-start=\"1688\">jornada de vacunaci\u00f3n sin cita<\/strong> para los <strong data-end=\"1757\" data-start=\"1732\">ni\u00f1os de hasta 9 a\u00f1os<\/strong>.<\/p>\n<p data-end=\"2096\" data-start=\"1762\">Seg\u00fan los datos de la <strong data-end=\"1807\" data-start=\"1784\">Consejer\u00eda de Salud<\/strong>, la <strong data-end=\"1842\" data-start=\"1812\">cobertura vacunal de gripe<\/strong> es ligeramente superior a la campa\u00f1a del a\u00f1o pasado por estas fechas. As\u00ed, en <strong data-end=\"1943\" data-start=\"1921\">mayores de 65 a\u00f1os<\/strong> se alcanza el <strong data-end=\"1967\" data-start=\"1958\">49,5%<\/strong>. Entre la <strong data-end=\"2000\" data-start=\"1978\">poblaci\u00f3n infantil<\/strong>, la <strong data-end=\"2032\" data-start=\"2005\">cobertura de vacunaci\u00f3n<\/strong> entre los <strong data-end=\"2078\" data-start=\"2043\">ni\u00f1os nacidos entre 2016 y 2023<\/strong> es del <strong data-end=\"2093\" data-start=\"2086\">46%<\/strong>.<\/p>\n<p data-end=\"2379\" data-start=\"2098\">Sin embargo, seg\u00fan una encuesta del <strong data-end=\"2185\" data-start=\"2134\">Observatorio de vacunaci\u00f3n antigripal en Espa\u00f1a<\/strong>, la <strong data-end=\"2216\" data-start=\"2190\">mitad de los murcianos<\/strong> no tiene intenci\u00f3n de <strong data-end=\"2252\" data-start=\"2239\">vacunarse<\/strong> frente a la <strong data-end=\"2274\" data-start=\"2265\">gripe<\/strong>, y se confirma que el papel de los <strong data-end=\"2338\" data-start=\"2310\">profesionales sanitarios<\/strong> es clave para revertir esta tendencia.<\/p>\n<p data-end=\"2688\" data-start=\"2381\">Aunque el dato mejora respecto al a\u00f1o anterior, la <strong data-end=\"2453\" data-start=\"2432\">conciencia social<\/strong> sobre la importancia de las <strong data-end=\"2493\" data-start=\"2482\">vacunas<\/strong> sigue siendo <strong data-end=\"2523\" data-start=\"2507\">insuficiente<\/strong>. Entre las <strong data-end=\"2566\" data-start=\"2535\">personas mayores de 60 a\u00f1os<\/strong>, la <strong data-end=\"2597\" data-start=\"2571\">intenci\u00f3n de vacunarse<\/strong> asciende al 74%, mientras que en el <strong data-end=\"2659\" data-start=\"2634\">resto de la poblaci\u00f3n<\/strong> esa tasa desciende al 32%.<\/p>\n<p data-end=\"3184\" data-start=\"2690\">Los <strong data-end=\"2714\" data-start=\"2694\">centros de salud<\/strong> est\u00e1n haciendo esfuerzos muy importantes para <strong data-end=\"2798\" data-start=\"2761\">vacunar fuera del horario laboral<\/strong> y en <strong data-end=\"2825\" data-start=\"2804\">espacios p\u00fablicos<\/strong>, pero la respuesta no est\u00e1 siendo la deseada. Adem\u00e1s de la <strong data-end=\"2914\" data-start=\"2885\">poblaci\u00f3n de mayor riesgo<\/strong>, los <strong data-end=\"2942\" data-start=\"2920\">m\u00e9dicos de familia<\/strong> hacen un llamamiento sobre la importancia de <strong data-end=\"3001\" data-start=\"2988\">vacunarse<\/strong> al <strong data-end=\"3027\" data-start=\"3005\">personal sanitario<\/strong> y a la <strong data-end=\"3062\" data-start=\"3035\">poblaci\u00f3n de menor edad<\/strong> que trabaja con <strong data-end=\"3088\" data-start=\"3079\">ni\u00f1os<\/strong> o <strong data-end=\"3102\" data-start=\"3091\">mayores<\/strong>. \u00abEs verdad que cuando empezamos con la campa\u00f1a, siempre vacunamos de inicio a la poblaci\u00f3n de mayor riesgo. Pero luego la poblaci\u00f3n de menor edad, que adem\u00e1s muchas veces entra en contacto con estos pacientes tienen una menor percepci\u00f3n tanto del riesgo como de las potenciales ventajas de la vacuna. Por ello\u00a0hacemos siempre un llamamiento a aquellas personas que trabajan con ni\u00f1os, que trabajan con mayores, que trabajan en el \u00e1mbito sanitario que acudan\u00a0a los centros de salud a vacunarse porque es importante. Es\u00a0de las pocas cosas que podemos hacer para prevenir un cuadro grave, un ingreso hospitalario o un\u00a0fallecimiento\u00bb, ha dicho <strong>Jes\u00fas Abenza,\u00a0presidente de la Sociedad Murciana de Medicina Familiar.\u00a0<\/strong><\/p>\n","protected":false},"excerpt":{"rendered":"Salud abre la vacunaci\u00f3n de la gripe a la poblaci\u00f3n general a partir del 1 de diciembre en&hellip;\n","protected":false},"author":2,"featured_media":258595,"comment_status":"","ping_status":"","sticky":false,"template":"","format":"standard","meta":{"footnotes":""},"categories":[92],"tags":[64798,25,24,7749,165,166,23,64797],"class_list":{"0":"post-258594","1":"post","2":"type-post","3":"status-publish","4":"format-standard","5":"has-post-thumbnail","7":"category-salud","8":"tag-consejeru00eda-de-salud","9":"tag-es","10":"tag-espana","11":"tag-gripe","12":"tag-health","13":"tag-salud","14":"tag-spain","15":"tag-vacuna-contra-la-gripe"},"share_on_mastodon":{"url":"https:\/\/pubeurope.com\/@es\/115622027216832972","error":""},"_links":{"self":[{"href":"https:\/\/www.europesays.com\/es\/wp-json\/wp\/v2\/posts\/258594","targetHints":{"allow":["GET"]}}],"collection":[{"href":"https:\/\/www.europesays.com\/es\/wp-json\/wp\/v2\/posts"}],"about":[{"href":"https:\/\/www.europesays.com\/es\/wp-json\/wp\/v2\/types\/post"}],"author":[{"embeddable":true,"href":"https:\/\/www.europesays.com\/es\/wp-json\/wp\/v2\/users\/2"}],"replies":[{"embeddable":true,"href":"https:\/\/www.europesays.com\/es\/wp-json\/wp\/v2\/comments?post=258594"}],"version-history":[{"count":0,"href":"https:\/\/www.europesays.com\/es\/wp-json\/wp\/v2\/posts\/258594\/revisions"}],"wp:featuredmedia":[{"embeddable":true,"href":"https:\/\/www.europesays.com\/es\/wp-json\/wp\/v2\/media\/258595"}],"wp:attachment":[{"href":"https:\/\/www.europesays.com\/es\/wp-json\/wp\/v2\/media?parent=258594"}],"wp:term":[{"taxonomy":"category","embeddable":true,"href":"https:\/\/www.europesays.com\/es\/wp-json\/wp\/v2\/categories?post=258594"},{"taxonomy":"post_tag","embeddable":true,"href":"https:\/\/www.europesays.com\/es\/wp-json\/wp\/v2\/tags?post=258594"}],"curies":[{"name":"wp","href":"https:\/\/api.w.org\/{rel}","templated":true}]}}