{"id":258610,"date":"2025-11-27T14:12:12","date_gmt":"2025-11-27T14:12:12","guid":{"rendered":"https:\/\/www.europesays.com\/es\/258610\/"},"modified":"2025-11-27T14:12:12","modified_gmt":"2025-11-27T14:12:12","slug":"la-ontinyentina-sofia-rodriguez-acaricia-el-campeonato-de-espana-de-ciclocross-en-xativa","status":"publish","type":"post","link":"https:\/\/www.europesays.com\/es\/258610\/","title":{"rendered":"La ontinyentina Sof\u00eda Rodr\u00edguez acaricia el campeonato de Espa\u00f1a de ciclocross en X\u00e0tiva"},"content":{"rendered":"<p class=\"ft-text\">La ciclista de Ontinyent Sof\u00eda Rodr\u00edguez Rever<strong>t podr\u00eda proclamarse autom\u00e1ticamente campeona de la Copa de Espa\u00f1a de ciclocross en X\u00e0tiva<\/strong> dentro de dos semanas tras la victoria lograda este pasado domingo en la poblaci\u00f3n catalana de Vic.<\/p>\n<p class=\"ft-text\">Rodr\u00edguez realiz\u00f3 una de las mejores carreras de la temporada ante un buen n\u00famero de corredoras extranjeras, que se lo pusieron complicado. Sin embargo, se <strong>fue pronto y en solitario<\/strong> tras el abandono de su compa\u00f1era Luc\u00eda Gonz\u00e1lez por enfermedad respiratoria.<\/p>\n<p class=\"ft-text\">En ese momento, la ontinyentina se quit\u00f3 mucha presi\u00f3n de encima <strong>y se solt\u00f3 r\u00e1pidamente hasta ir poniendo segundo a segundo a su predecesora, <\/strong>la holandesa Larisa Hartog, que le sacar\u00e1 10 segundos mientras que Lorena Pati\u00f1o terminar\u00eda tercera a medio minuto.<\/p>\n<p class=\"ft-text\">Con esta victoria, la ontinyentina necesita<strong> tan solo cinco puntos para revalidar el t\u00edtulo campeona de la Copa de Espa\u00f1a <\/strong>en la pr\u00f3xima prueba que se celebrar\u00e1 dentro de dos semanas en X\u00e0tiva, un trofeo que yaconsigui\u00f3 a principios de a\u00f1o.<\/p>\n<p class=\"ft-text\">Este fin de semana glorioso para Rodr\u00edguez empez\u00f3 en la jornada del s\u00e1bado, con una prueba internacional de categor\u00eda C2 en Gurb donde finaliz\u00f3 segunda mientras que Gonz\u00e1lez acab\u00f3 m\u00e1s atr\u00e1s dejando claro que no estaba bien.<\/p>\n<p>Triunfo del setabense Asier Fortea<\/p>\n<p class=\"ft-text\">Por otra parte, Gandia alberg\u00f3 este pasado s\u00e1bado una nueva prueba de ciclocross auton\u00f3mico, valedora para el Memorial Pascual Momparler, sobre el mejor circuito de esta temporada.<\/p>\n<p class=\"ft-text\"><strong>El setabense Asier Fortea venci\u00f3 en la categor\u00eda sub 23,<\/strong> donde \u00c1lex Soro y Sergio Cabedo finalizaron en el puesto 18 y 19 en \u00e9lites.<\/p>\n<p class=\"ft-text\">Alberto Manzano, del Genov\u00e9s, termin\u00f3 en el cuarto puesto en junior tras estar en algunos momentos en la tercera plaza, mientras que, en cadetes, Andreu Sansaloni, de La Forca de Canals, termin\u00f3 11 y el ontinyent\u00ed Aitor Selva, en el 14 puesto.<\/p>\n","protected":false},"excerpt":{"rendered":"La ciclista de Ontinyent Sof\u00eda Rodr\u00edguez Revert podr\u00eda proclamarse autom\u00e1ticamente campeona de la Copa de Espa\u00f1a de ciclocross&hellip;\n","protected":false},"author":2,"featured_media":258611,"comment_status":"","ping_status":"","sticky":false,"template":"","format":"standard","meta":{"footnotes":""},"categories":[273],"tags":[30899,15288,313,64808,8590,312,168,64806,25,24,64807,64805,416,11647,23,167,8589],"class_list":{"0":"post-258610","1":"post","2":"type-post","3":"status-publish","4":"format-standard","5":"has-post-thumbnail","7":"category-ciclismo","8":"tag-acaricia","9":"tag-campeonato","10":"tag-ciclismo","11":"tag-ciclocros","12":"tag-costera","13":"tag-cycling","14":"tag-deportes","15":"tag-deportes-costera","16":"tag-es","17":"tag-espana","18":"tag-ontinyent","19":"tag-ontinyentina","20":"tag-rodriguez","21":"tag-sofia","22":"tag-spain","23":"tag-sports","24":"tag-vall"},"share_on_mastodon":{"url":"https:\/\/pubeurope.com\/@es\/115622074332969917","error":""},"_links":{"self":[{"href":"https:\/\/www.europesays.com\/es\/wp-json\/wp\/v2\/posts\/258610","targetHints":{"allow":["GET"]}}],"collection":[{"href":"https:\/\/www.europesays.com\/es\/wp-json\/wp\/v2\/posts"}],"about":[{"href":"https:\/\/www.europesays.com\/es\/wp-json\/wp\/v2\/types\/post"}],"author":[{"embeddable":true,"href":"https:\/\/www.europesays.com\/es\/wp-json\/wp\/v2\/users\/2"}],"replies":[{"embeddable":true,"href":"https:\/\/www.europesays.com\/es\/wp-json\/wp\/v2\/comments?post=258610"}],"version-history":[{"count":0,"href":"https:\/\/www.europesays.com\/es\/wp-json\/wp\/v2\/posts\/258610\/revisions"}],"wp:featuredmedia":[{"embeddable":true,"href":"https:\/\/www.europesays.com\/es\/wp-json\/wp\/v2\/media\/258611"}],"wp:attachment":[{"href":"https:\/\/www.europesays.com\/es\/wp-json\/wp\/v2\/media?parent=258610"}],"wp:term":[{"taxonomy":"category","embeddable":true,"href":"https:\/\/www.europesays.com\/es\/wp-json\/wp\/v2\/categories?post=258610"},{"taxonomy":"post_tag","embeddable":true,"href":"https:\/\/www.europesays.com\/es\/wp-json\/wp\/v2\/tags?post=258610"}],"curies":[{"name":"wp","href":"https:\/\/api.w.org\/{rel}","templated":true}]}}