{"id":258612,"date":"2025-11-27T14:14:11","date_gmt":"2025-11-27T14:14:11","guid":{"rendered":"https:\/\/www.europesays.com\/es\/258612\/"},"modified":"2025-11-27T14:14:11","modified_gmt":"2025-11-27T14:14:11","slug":"tres-tecnicos-fulminados-y-uno-de-ellos-el-proximo-rival-del-real-madrid","status":"publish","type":"post","link":"https:\/\/www.europesays.com\/es\/258612\/","title":{"rendered":"tres t\u00e9cnicos fulminados y uno de ellos el pr\u00f3ximo rival del Real Madrid"},"content":{"rendered":"<p>Semana de cambios en los banquillos en la <strong>Euroliga<\/strong>. <strong>Tres entrenadores<\/strong> de la m\u00e1xima competici\u00f3n de clubes han dejado su cargo en los <strong>\u00faltimos cuatro d\u00edas<\/strong>. El \u00faltimo ha sido <strong>Igor Kokoskov,<\/strong> t\u00e9cnico de <strong>Anadolu Efes<\/strong>, despedido por el club turco a una semana de recibir al <a href=\"https:\/\/okdiario.com\/diariomadridista\/baloncesto\/real-madrid-vence-minima-cancha-del-lider-sigue-creciendo-euroliga-582389\" rel=\"nofollow noopener\" target=\"_blank\"><strong>Real Madrid<\/strong><\/a> en la jornada 14 de la competici\u00f3n continental. La semana comenz\u00f3 con las <strong>dimisiones de Ettore Messina y Zeljko Obradovic<\/strong>\u00a0en <strong>Armani Mil\u00e1n y Partiz\u00e1n de Belgrado<\/strong>, respectivamente.<\/p>\n<p>La Euroliga m\u00e1s exigente desde el <strong>cambio de formato<\/strong> que cumple una d\u00e9cada esta temporada se ha cobrado <strong>varias v\u00edctimas<\/strong> en los banquillos. Con la ampliaci\u00f3n a<strong> 20 equipos<\/strong>, la liga regular ha apretado a\u00fan m\u00e1s el ya de por s\u00ed comprimido calendario del baloncesto europeo. Las <strong>38 fechas <\/strong>de la primera fase de la Euroliga, obligan a una mayor cantidad de semanas con doble jornada y provocan diagn\u00f3sticos tempranos en los equipos. Es el caso de un Anadolu Efes que firmaba un balance de <strong>cinco victorias y ocho derrotas<\/strong> tras 13 partidos de Euroliga con Kokoskov a los mandos.<\/p>\n<p>El t\u00e9cnico serbio hab\u00eda vuelto a los mandos de un banquillo este verano despu\u00e9s de cuatro temporadas consecutivas como <strong>asistente en la NBA<\/strong>. Precisamente en la liga norteamericana pas\u00f3 a la historia como el primer europeo en dirigir un equipo de la NBA. Kokoskov tuvo como mayor \u00e9xito la victoria de<strong> Eslovenia en el Eurobasket de 2017<\/strong>, dirigiendo un equipo liderado por <strong>Goran Dragic y <a href=\"https:\/\/okdiario.com\/deportes\/test-okdiario-chus-mateo-invitaria-luka-doncic-grifo-cerveza-casa-15834914\" rel=\"nofollow noopener\" target=\"_blank\">Luka Doncic<\/a><\/strong>. Su experiencia como t\u00e9cnico jefe en<strong> Phoenix Suns<\/strong> no fue la mejor, con s\u00f3lo <strong>19 victorias en 82 partidos<\/strong> en una temporada en la que su franquicia eligi\u00f3 a <strong>Deandre Ayton por delante de Luka Doncic <\/strong>en el n\u00famero uno del Draft.<\/p>\n<blockquote class=\"twitter-tweet\">\n<p dir=\"ltr\" lang=\"tr\">Anadolu Efes Spor Kul\u00fcb\u00fc olarak Say\u0131n Igor Koko\u0161kov ile yollar\u0131m\u0131z\u0131 ay\u0131rm\u0131\u015f bulunuyoruz.<\/p>\n<p>Kendisine kul\u00fcb\u00fcm\u00fcze verdi\u011fi emekler i\u00e7in te\u015fekk\u00fcr eder, kariyerinin bundan sonraki d\u00f6nemi i\u00e7in ba\u015far\u0131lar dileriz.<\/p>\n<p>Tak\u0131m\u0131m\u0131z, yeni ba\u015fantren\u00f6r\u00fcm\u00fcz belirlenene kadar \u00e7al\u0131\u015fmalar\u0131n\u0131 Radovan\u2026 <a href=\"https:\/\/t.co\/ffc3LtzuCz\" rel=\"nofollow\">pic.twitter.com\/ffc3LtzuCz<\/a><\/p>\n<p>\u2014 Anadolu Efes SK (@AnadoluEfesSK) <a href=\"https:\/\/twitter.com\/AnadoluEfesSK\/status\/1993962165749809334?ref_src=twsrc%5Etfw\" rel=\"nofollow noopener\" target=\"_blank\">November 27, 2025<\/a><\/p>\n<\/blockquote>\n<p>Dos dimisiones y un despido en la Euroliga<\/p>\n<p>Igor Kokoskov ha sido el \u00fanico de los tres entrenadores Euroliga que han ca\u00eddo esta semana que no ha presentado su dimisi\u00f3n. El primero fue un <strong>Ettore Messina<\/strong> que dej\u00f3 Armani Mil\u00e1n tras<strong> seis a\u00f1os<\/strong> al frente del equipo italiano. El t\u00e9cnico, <strong>campe\u00f3n de cuatro Euroligas<\/strong>, continuar\u00e1 en el club como <strong>director deportivo<\/strong> y podr\u00eda decir adi\u00f3s a los banquillos, a sus <strong>66 a\u00f1os<\/strong>, tras una larga y exitosa carrera.<\/p>\n<p>El otro protagonista de la semana en los banquillos europeos es un nombre tan ilustre como el de <strong>Zeljko Obradovic<\/strong>. El entrenador serbio, el m\u00e1s laureado de la historia con <strong>nueve t\u00edtulos de Euroliga<\/strong>, tambi\u00e9n ha renunciado a su cargo de forma voluntaria. \u00abHa llegado el momento de asumir la responsabilidad de todo lo malo ocurrido esta temporada y <strong>presentar mi renuncia irrevocabl<\/strong>e\u00bb, escribi\u00f3 Obradovic en su despedida de <strong>Partizan<\/strong> el pasado martes. El serbio, que regres\u00f3 en 2021 al club en el que despunt\u00f3 como jugador, dimiti\u00f3 de su cargo tras caer ante <strong><a href=\"https:\/\/okdiario.com\/diariomadridista\/baloncesto\/gigante-panathinaikos-asalta-palacio-579806\" rel=\"nofollow noopener\" target=\"_blank\">Panathinaikos<\/a> (91-69)<\/strong> y firmar su <strong>novena derrota en 13 partidos<\/strong> de Euroliga.<\/p>\n<p>\t\t\t\t\t<script async src=\"https:\/\/platform.twitter.com\/widgets.js\" charset=\"utf-8\"><\/script><\/p>\n","protected":false},"excerpt":{"rendered":"Semana de cambios en los banquillos en la Euroliga. Tres entrenadores de la m\u00e1xima competici\u00f3n de clubes han&hellip;\n","protected":false},"author":2,"featured_media":258613,"comment_status":"","ping_status":"","sticky":false,"template":"","format":"standard","meta":{"footnotes":""},"categories":[269],"tags":[299,298,168,25,24,23,167],"class_list":{"0":"post-258612","1":"post","2":"type-post","3":"status-publish","4":"format-standard","5":"has-post-thumbnail","7":"category-baloncesto","8":"tag-baloncesto","9":"tag-basketball","10":"tag-deportes","11":"tag-es","12":"tag-espana","13":"tag-spain","14":"tag-sports"},"share_on_mastodon":{"url":"https:\/\/pubeurope.com\/@es\/115622082466334758","error":""},"_links":{"self":[{"href":"https:\/\/www.europesays.com\/es\/wp-json\/wp\/v2\/posts\/258612","targetHints":{"allow":["GET"]}}],"collection":[{"href":"https:\/\/www.europesays.com\/es\/wp-json\/wp\/v2\/posts"}],"about":[{"href":"https:\/\/www.europesays.com\/es\/wp-json\/wp\/v2\/types\/post"}],"author":[{"embeddable":true,"href":"https:\/\/www.europesays.com\/es\/wp-json\/wp\/v2\/users\/2"}],"replies":[{"embeddable":true,"href":"https:\/\/www.europesays.com\/es\/wp-json\/wp\/v2\/comments?post=258612"}],"version-history":[{"count":0,"href":"https:\/\/www.europesays.com\/es\/wp-json\/wp\/v2\/posts\/258612\/revisions"}],"wp:featuredmedia":[{"embeddable":true,"href":"https:\/\/www.europesays.com\/es\/wp-json\/wp\/v2\/media\/258613"}],"wp:attachment":[{"href":"https:\/\/www.europesays.com\/es\/wp-json\/wp\/v2\/media?parent=258612"}],"wp:term":[{"taxonomy":"category","embeddable":true,"href":"https:\/\/www.europesays.com\/es\/wp-json\/wp\/v2\/categories?post=258612"},{"taxonomy":"post_tag","embeddable":true,"href":"https:\/\/www.europesays.com\/es\/wp-json\/wp\/v2\/tags?post=258612"}],"curies":[{"name":"wp","href":"https:\/\/api.w.org\/{rel}","templated":true}]}}