{"id":258614,"date":"2025-11-27T14:15:16","date_gmt":"2025-11-27T14:15:16","guid":{"rendered":"https:\/\/www.europesays.com\/es\/258614\/"},"modified":"2025-11-27T14:15:16","modified_gmt":"2025-11-27T14:15:16","slug":"valentin-gomez-acumula-admiradores-en-laliga-tras-su-gran-rendimiento-como-comodin-del-betis","status":"publish","type":"post","link":"https:\/\/www.europesays.com\/es\/258614\/","title":{"rendered":"Valent\u00edn G\u00f3mez acumula admiradores en LaLiga tras su gran rendimiento como comod\u00edn del Betis"},"content":{"rendered":"<p>El vers\u00e1til zaguero argentino, de s\u00f3lo 22 a\u00f1os, est\u00e1 brillando como central y al mismo tiempo es se\u00f1alado como el mejor lateral zurdo de la plantilla verdiblanca a pesar de no ser su puesto natural. Su valor de mercado se dispara y su nombre aparece apuntado en agendas de clubes &#8216;top&#8217; <\/p>\n<p class=\"parrafo\">No pocos son los que se hacen esta pregunta:<strong> \u00bfCu\u00e1nto puede costar ahora mismo el fichaje de Valent\u00edn G\u00f3mez?<\/strong> Evidemente, la respuesta es bastante compleja, pero de lo que no cabe ninguna duda es de que el precio del polivalente defensor del Real Betis est\u00e1 muy por encima de los <strong>m\u00f3dicos 5,3 millones de euros<\/strong> que el club verdiblanco pag\u00f3 el pasado verano a V\u00e9lez Sarsfield para hacerse por este prometedor central de s\u00f3lo 22 a\u00f1os que no para de coleccionar admiradores. Entre ellos, en LaLiga, que no ha perdido la oportunidad de reconocer el gran rendimiento que <strong>el comod\u00edn de Manuel Pellegrini<\/strong> est\u00e1 ofreciendo tanto en su puesto natural de zaguero como de mediocentro de urgencias y, sobre todo, como lateral izquierdo. <\/p>\n<p><a class=\"elementos-rel-t2\" href=\"https:\/\/www.estadiodeportivo.com\/futbol\/betis\/valentin-gomez-analiza-condicion-comodin-del-betis-opina-sobre-misteriosa-lesion-nunca-sabre-que-paso-20251118-520711.html\" title=\"Valent\u00edn G\u00f3mez analiza su condici\u00f3n de comod\u00edn del Betis y opina sobre su misteriosa lesi\u00f3n: &quot;Nunca sabr\u00e9 qu\u00e9 pas\u00f3&quot;\" rel=\"nofollow noopener\" target=\"_blank\">Valent\u00edn G\u00f3mez analiza su condici\u00f3n de comod\u00edn del Betis y opina sobre su misteriosa lesi\u00f3n: \u00abNunca sabr\u00e9 qu\u00e9 pas\u00f3\u00bb<img decoding=\"async\" src=\"https:\/\/www.europesays.com\/es\/wp-content\/uploads\/2025\/11\/f9599cef-1bd3-43cf-adbc-8f8374b62b1c_320x180.jpeg\" alt=\"Valent\u00edn G\u00f3mez analiza su condici\u00f3n de comod\u00edn del Betis y opina sobre su misteriosa lesi\u00f3n: &quot;Nunca sabr\u00e9 qu\u00e9 pas\u00f3&quot;\"\/><\/a><a class=\"elementos-rel-t2\" href=\"https:\/\/www.estadiodeportivo.com\/futbol\/betis\/fichaje-bendecido-valentin-una-bestia-sera-capitan-betis-20251001-514506.html\" title=\"Fichaje bendecido: &quot;Valent\u00edn es una bestia y ser\u00e1 capit\u00e1n en el Betis&quot;\" rel=\"nofollow noopener\" target=\"_blank\">Fichaje bendecido: \u00abValent\u00edn es una bestia y ser\u00e1 capit\u00e1n en el Betis\u00bb<img decoding=\"async\" src=\"https:\/\/www.europesays.com\/es\/wp-content\/uploads\/2025\/11\/02827a40-1e72-4f20-b28e-165e2e11f4c6_320x180.jpeg\" alt=\"Fichaje bendecido: &quot;Valent\u00edn es una bestia y ser\u00e1 capit\u00e1n en el Betis&quot;\"\/><\/a><a class=\"elementos-rel-t2\" href=\"https:\/\/www.estadiodeportivo.com\/futbol\/betis\/presion-por-valentin-gomez-mejor-seis-argentina-tras-lisandro-20251003-514869.html\" title=\"Presi\u00f3n por Valent\u00edn G\u00f3mez: &quot;Es el mejor &#039;seis&#039; de Argentina tras Lisandro&quot;\" rel=\"nofollow noopener\" target=\"_blank\">Presi\u00f3n por Valent\u00edn G\u00f3mez: \u00abEs el mejor &#8216;seis&#8217; de Argentina tras Lisandro\u00bb<img decoding=\"async\" src=\"https:\/\/www.europesays.com\/es\/wp-content\/uploads\/2025\/11\/9bcbc3d6-d8ff-4556-bd98-0869653f4e46_320x180.jpeg\" alt=\"Presi\u00f3n por Valent\u00edn G\u00f3mez: &quot;Es el mejor 'seis' de Argentina tras Lisandro&quot;\"\/><\/a>Valent\u00edn G\u00f3mez, defensa del Betis, nominado por LaLiga a Mejor Futbolista sub 23  <\/p>\n<p class=\"parrafo\">Tanto es as\u00ed, que el ente nacional presidido por Javier Tebas ha incluido a <strong>Valent\u00edn G\u00f3mez entre los nominados para ser elegido como Mejor Futbolista Sub 23 de LaLiga EA Sports en el el presente mes de noviembre<\/strong><strong>, un honor que el jugador del Real Betis comparte con otras destacadas estrellas j\u00f3venes del campeonato espa\u00f1ol como son Iv\u00e1n Moleiro (22 a\u00f1os), extremo del Villarreal CF; Jude Bellingham (22), centrocampista del Real Madrid; Ferm\u00edn L\u00f3pez (22), mediapunta del FC Barcelona; y \u00c1lvaro Rodr\u00edguez (21), delantero centro del Elche CF<\/strong>. <a href=\"https:\/\/miliga.laliga.com\/premioslaliga?utm_source=BET&amp;utm_medium=social&amp;utm_campaign=202509_PREMIOSLALIGASUB23_GMF_PRU&amp;utm_content=static&amp;utm_term=na\" target=\"_blank\" class=\"intext-link\" rel=\"nofollow noopener\">La votaci\u00f3n se puede realizar a trav\u00e9s de la web oficial<\/a> del torneo hasta las 23:59 horas del pr\u00f3ximo domingo d\u00eda 30 de noviembre.<\/p>\n<p class=\"parrafo\">Valent\u00edn G\u00f3mez ha jugado en las tres jornadas que se han celebrado en Primera divisi\u00f3n a lo largo de este mes de noviembre, con el par\u00f3n liguero de hace 10 d\u00edas entre medias. Despu\u00e9s de enlazar un <strong>tramo agotador entre los par\u00e9ntesis ligueros de septiembre y octubre debido a las lesiones de los centrales Marc Bartra y Diego Llorente<\/strong><strong>, el de San Miguel empez\u00f3 como suplente el choque del d\u00eda 2-N ante el RCD Mallorca (3-0); pero tuvo que salir tras el descanso para suplir al lesionado Ricardo Rodr\u00edguez y se situ\u00f3 en el carril del &#8216;3&#8217;<\/strong>, al darse la casualidad de que Junior Firpo tambi\u00e9n estaba convaleciente. <\/p>\n<p><img decoding=\"async\" src=\"https:\/\/www.europesays.com\/es\/wp-content\/uploads\/2025\/11\/b0e05796-bc29-4bb6-9aa7-8af9f932eb52_800x453.jpeg\" loading=\"lazy\"\/><\/p>\n<p class=\"parrafo\">As\u00ed, <strong>repiti\u00f3 en el costado zurdo durante los 90&#8242; de la visita al Valencia CF (1-1) y luego sigui\u00f3 tambi\u00e9n durante todo el choque del pasado domingo contra el Girona FC, marcando incluso el tanto del empate final (1-1)<\/strong><strong>. Se mantuvo en el puesto a pesar de que<\/strong><strong> el suizo y el hispano-dominicano ya estaban recuperados<\/strong>; en una<strong> <\/strong>decisi\u00f3n de Pellegrini que refuerza la sensaci\u00f3n de que <a href=\"https:\/\/www.estadiodeportivo.com\/futbol\/betis\/grito-silencio-junior-firpo-futbolista-del-real-betis-cuantos-laterales-zurdos-tendra-que-fichar-manu-fajardo-20251115-520311.html\" target=\"_blank\" class=\"intext-link\" rel=\"nofollow noopener\">Valent\u00edn G\u00f3mez es el mejor lateral izquierdo de la actual plantilla del Real Betis<\/a> sin ser su puesto natural. El mes lo cerrar\u00e1, ni m\u00e1s ni menos, que con su primera experiencia en El Gran Derbi y adem\u00e1s en el estadio del Sevilla FC. <\/p>\n<p>Los n\u00fameros de Valent\u00edn G\u00f3mez como b\u00e9tico en la temporada 2025\/2026<\/p>\n<p class=\"parrafo\">Eso en cuanto a m\u00e9ritos en LaLiga; pero, asimismo, noviembre le ha permitido brillar tambi\u00e9n pegado a la banda en la cuarta jornada de la UEFA Europa League ante el Olympique de Lyon (tambi\u00e9n los 90&#8242;) y este mismo jueves tiene opciones de salir de titular ante el FC Utrecht como central, debido a las molestias que arrastra Natan de Souza. <strong>En cifras globales, Valent\u00edn G\u00f3mez ha participado en 15 de los 18 encuentros oficiales disputados por el Real Betis entre las tres competiciones, 11 de ellos como titular, con el referido gol ante el Girona FC y con un total de 1.077 minutos disputados<\/strong> a pesar de que arranc\u00f3 disputando s\u00f3lo 22&#8242; entre las cuatro jornadas de agosto. <\/p>\n<p><img decoding=\"async\" src=\"https:\/\/www.europesays.com\/es\/wp-content\/uploads\/2025\/11\/81007298-a2b8-4595-bbab-0e9836999c7c_800x800.jpeg\" loading=\"lazy\"\/>El valor de mercado de Valent\u00edn G\u00f3mez se dispara y ya se habla de plusval\u00eda en el Betis <\/p>\n<p class=\"parrafo\">Su adaptaci\u00f3n ha sido fulgurante, su rendimiento est\u00e1 causando muy buenas impresiones y su precio debe estar ya muy por encima de <a href=\"https:\/\/www.transfermarkt.es\/valentin-gomez\/marktwertverlauf\/spieler\/985383\" target=\"_blank\" class=\"intext-link\" rel=\"nofollow noopener\">la tasaci\u00f3n que hizo el portal especializado <\/a><a href=\"https:\/\/www.transfermarkt.es\/valentin-gomez\/marktwertverlauf\/spieler\/985383\" target=\"_blank\" class=\"intext-link\" rel=\"nofollow noopener\">Transfermarkt<\/a> el pasado 2 de junio, cuando a\u00fan no hab\u00eda firmado el contrato que le une al Betis hasta 2030. Pese a ello, ya le otorgaba un valor de mercado de 10 millones de euros, el doble de lo que pagaron los verdiblancos y much\u00edsimo menos de lo que costar\u00eda hoy. <strong>Un \u00e9xito rotundo que est\u00e1 despertando el inter\u00e9s de muchos clubes europeos de primer nivel y que anuncia a corto-medio plazo una excelente oportunidad de seguir ingresando altas plusval\u00edas<\/strong> por venta, factor esencial en el plan de crecimiento de la entidad.  <\/p>\n","protected":false},"excerpt":{"rendered":"El vers\u00e1til zaguero argentino, de s\u00f3lo 22 a\u00f1os, est\u00e1 brillando como central y al mismo tiempo es se\u00f1alado&hellip;\n","protected":false},"author":2,"featured_media":258615,"comment_status":"","ping_status":"","sticky":false,"template":"","format":"standard","meta":{"footnotes":""},"categories":[268],"tags":[168,25,24,284,280,282,288,1945,286,281,23,167],"class_list":{"0":"post-258614","1":"post","2":"type-post","3":"status-publish","4":"format-standard","5":"has-post-thumbnail","7":"category-futbol","8":"tag-deportes","9":"tag-es","10":"tag-espana","11":"tag-estadio-deportivo","12":"tag-football","13":"tag-futbol","14":"tag-laliga","15":"tag-primera-division","16":"tag-real-betis-balompie","17":"tag-soccer","18":"tag-spain","19":"tag-sports"},"share_on_mastodon":{"url":"https:\/\/pubeurope.com\/@es\/115622086649347157","error":""},"_links":{"self":[{"href":"https:\/\/www.europesays.com\/es\/wp-json\/wp\/v2\/posts\/258614","targetHints":{"allow":["GET"]}}],"collection":[{"href":"https:\/\/www.europesays.com\/es\/wp-json\/wp\/v2\/posts"}],"about":[{"href":"https:\/\/www.europesays.com\/es\/wp-json\/wp\/v2\/types\/post"}],"author":[{"embeddable":true,"href":"https:\/\/www.europesays.com\/es\/wp-json\/wp\/v2\/users\/2"}],"replies":[{"embeddable":true,"href":"https:\/\/www.europesays.com\/es\/wp-json\/wp\/v2\/comments?post=258614"}],"version-history":[{"count":0,"href":"https:\/\/www.europesays.com\/es\/wp-json\/wp\/v2\/posts\/258614\/revisions"}],"wp:featuredmedia":[{"embeddable":true,"href":"https:\/\/www.europesays.com\/es\/wp-json\/wp\/v2\/media\/258615"}],"wp:attachment":[{"href":"https:\/\/www.europesays.com\/es\/wp-json\/wp\/v2\/media?parent=258614"}],"wp:term":[{"taxonomy":"category","embeddable":true,"href":"https:\/\/www.europesays.com\/es\/wp-json\/wp\/v2\/categories?post=258614"},{"taxonomy":"post_tag","embeddable":true,"href":"https:\/\/www.europesays.com\/es\/wp-json\/wp\/v2\/tags?post=258614"}],"curies":[{"name":"wp","href":"https:\/\/api.w.org\/{rel}","templated":true}]}}