{"id":258619,"date":"2025-11-27T14:19:09","date_gmt":"2025-11-27T14:19:09","guid":{"rendered":"https:\/\/www.europesays.com\/es\/258619\/"},"modified":"2025-11-27T14:19:09","modified_gmt":"2025-11-27T14:19:09","slug":"en-boca-de-todos-nacho-abad-explica-alto-y-claro-la-razon-de-la-condena-al-fiscal-general-del-estado-es-derecho","status":"publish","type":"post","link":"https:\/\/www.europesays.com\/es\/258619\/","title":{"rendered":"En boca de todos: Nacho Abad explica alto y claro la \u00abraz\u00f3n\u00bb de la condena al fiscal general del Estado: \u00abEs Derecho\u00bb"},"content":{"rendered":"<p style=\"\">La condena al <strong>fiscal general del Estado<\/strong>, \u00c1lvaro Garc\u00eda Ortiz, ha desatado una ola de reacciones al frente del Gobierno que critic\u00f3 desde el minuto uno el <strong>fallo<\/strong> del Tribunal Supremo. As\u00ed, este jueves, Nacho Abad, presentador de &#8216;<a href=\"https:\/\/www.abc.es\/play\/television\/noticias\/nacho-abad-obligado-cortar-conexion-dice-invitado-20251126120648-nt.html\" target=\"_self\" data-voc-vtm-id=\"in-text-traffic\" title=\"En boca de todos\" data-mrf-link=\"www.abc.es\" rel=\"nofollow noopener\">En boca de todos<\/a>&#8216; ( &#8230; Cuatro) ha querido zanjar este debate hablando alto y claro sobre la \u00abraz\u00f3n\u00bb incontestable por la que los jueces han sentenciado a Garc\u00eda Ortiz.<\/p>\n<p class=\"voc-p\" style=\"\">\u00abLes quiero contar algo para que sean los primeros en saberlo: la raz\u00f3n de la condena. Miren, la <strong>raz\u00f3n<\/strong> de la <strong>condena<\/strong> es muy sencillita\u00bb, comenzaba diciendo Nacho Abad a la audiencia de &#8216;<a href=\"https:\/\/www.abc.es\/play\/television\/noticias\/okupas-brujas-propietarios-vivienda-okupada-denuncian-brujeria-20251124120200-nt.html\" target=\"_self\" data-voc-vtm-id=\"in-text-traffic\" title=\"En boca de todos\" data-mrf-link=\"www.abc.es\" rel=\"nofollow noopener\">En boca de todos<\/a>&#8216;. \u00abSi el vecino les abre a ustedes una carta del buz\u00f3n sin su permiso, el vecino est\u00e1 cometiendo un delito de revelaci\u00f3n de secretos, les ha abierto la carta y la ha mirado. No hace falta que se lo cuente a nadie, no es un delito de resultado, solo el hecho de abrir la carta es delito\u00bb, explicaba el presentador del programa de Cuatro a los telespectadores.<\/p>\n<p class=\"voc-p\" style=\"\">\u00abCuando el fiscal general del Estado decide emitir una nota de prensa contando que el novio de Ayuso ha confesado dos delitos fiscales, aunque ya est\u00e9 publicado, comete un delito\u00bb, afirmaba <strong>Nacho Abad<\/strong> que pasaba a poner otro ejemplo al p\u00fablico de &#8216;<a href=\"https:\/\/www.abc.es\/play\/television\/noticias\/nacho-abad-sorprende-revelar-audiencia-inesperado-metodo-20251119095757-nt.html\" target=\"_self\" data-voc-vtm-id=\"in-text-traffic\" title=\"En boca de todo\" data-mrf-link=\"www.abc.es\" rel=\"nofollow noopener\">En boca de todo<\/a>s&#8217;. \u00abImaginen que Pedro S\u00e1nchez se hubiera operado la cara&#8230; \u00bfPuede emitir su cirujano pl\u00e1stico una nota de prensa confirmando que lo ha operado? No, no puede. Tiene un deber de confidencialidad\u00bb, manifestaba el presentador del espacio de Cuatro que retomaba el fallo a <strong>\u00c1lvaro Garc\u00eda Ortiz<\/strong>.<\/p>\n<p class=\"voc-p\" style=\"\">\u00abY hay dos pruebas, s\u00ed o s\u00ed, que el fiscal delinqui\u00f3\u00bb, aseguraba <strong>Nacho Abad<\/strong>. \u00abUna es la revelaci\u00f3n que la jefa de prensa hizo durante el juicio, el fiscal le dicta la nota de prensa y otra es la propia confesi\u00f3n de <strong>\u00c1lvaro Garc\u00eda Ortiz<\/strong>, confes\u00f3 el delito antes del juicio, dijo: &#8216;yo me responsabilizo de la nota de prensa&#8217;. Por tanto, no hay duda en la culpabilidad, no es debatible, no es una sentencia pol\u00edtica, ni los jueces son fachas, es Derecho\u00bb, sentenciaba el presentador de &#8216;<a href=\"https:\/\/www.abc.es\/play\/television\/noticias\/concejal-dia-okupa-caradura-violento-noche-okupacion-20251114110211-nt.html\" target=\"_self\" data-voc-vtm-id=\"in-text-traffic\" title=\"En boca de todos\" data-mrf-link=\"www.abc.es\" rel=\"nofollow noopener\">En boca de todos<\/a>&#8216;.<\/p>\n","protected":false},"excerpt":{"rendered":"La condena al fiscal general del Estado, \u00c1lvaro Garc\u00eda Ortiz, ha desatado una ola de reacciones al frente&hellip;\n","protected":false},"author":2,"featured_media":258620,"comment_status":"","ping_status":"","sticky":false,"template":"","format":"standard","meta":{"footnotes":""},"categories":[171],"tags":[8974,3196,7807,793,11209,146,147,25,24,693,5134,6987,3015,3300,12109,23,214],"class_list":{"0":"post-258619","1":"post","2":"type-post","3":"status-publish","4":"format-standard","5":"has-post-thumbnail","7":"category-tv","8":"tag-abad","9":"tag-alto","10":"tag-claro","11":"tag-condena","12":"tag-derecho","13":"tag-entertainment","14":"tag-entretenimiento","15":"tag-es","16":"tag-espana","17":"tag-estado","18":"tag-explica","19":"tag-fiscal","20":"tag-general","21":"tag-nacho","22":"tag-razon","23":"tag-spain","24":"tag-tv"},"share_on_mastodon":{"url":"https:\/\/pubeurope.com\/@es\/115622101945691150","error":""},"_links":{"self":[{"href":"https:\/\/www.europesays.com\/es\/wp-json\/wp\/v2\/posts\/258619","targetHints":{"allow":["GET"]}}],"collection":[{"href":"https:\/\/www.europesays.com\/es\/wp-json\/wp\/v2\/posts"}],"about":[{"href":"https:\/\/www.europesays.com\/es\/wp-json\/wp\/v2\/types\/post"}],"author":[{"embeddable":true,"href":"https:\/\/www.europesays.com\/es\/wp-json\/wp\/v2\/users\/2"}],"replies":[{"embeddable":true,"href":"https:\/\/www.europesays.com\/es\/wp-json\/wp\/v2\/comments?post=258619"}],"version-history":[{"count":0,"href":"https:\/\/www.europesays.com\/es\/wp-json\/wp\/v2\/posts\/258619\/revisions"}],"wp:featuredmedia":[{"embeddable":true,"href":"https:\/\/www.europesays.com\/es\/wp-json\/wp\/v2\/media\/258620"}],"wp:attachment":[{"href":"https:\/\/www.europesays.com\/es\/wp-json\/wp\/v2\/media?parent=258619"}],"wp:term":[{"taxonomy":"category","embeddable":true,"href":"https:\/\/www.europesays.com\/es\/wp-json\/wp\/v2\/categories?post=258619"},{"taxonomy":"post_tag","embeddable":true,"href":"https:\/\/www.europesays.com\/es\/wp-json\/wp\/v2\/tags?post=258619"}],"curies":[{"name":"wp","href":"https:\/\/api.w.org\/{rel}","templated":true}]}}