{"id":258621,"date":"2025-11-27T14:20:10","date_gmt":"2025-11-27T14:20:10","guid":{"rendered":"https:\/\/www.europesays.com\/es\/258621\/"},"modified":"2025-11-27T14:20:10","modified_gmt":"2025-11-27T14:20:10","slug":"el-emotivo-discurso-de-valeria-castro-en-los-ondas-tras-su-baja-la-voz-no-es-algo-inerte-que-vive-en-la-garganta-convive-con-lo-que-pasamos-cultura","status":"publish","type":"post","link":"https:\/\/www.europesays.com\/es\/258621\/","title":{"rendered":"El emotivo discurso de Valeria Castro en los Ondas tras su baja: \u201cLa voz no es algo inerte que vive en la garganta, convive con lo que pasamos\u201d | Cultura"},"content":{"rendered":"<p class=\"\">La cantante canaria Valeria Castro reapareci\u00f3 este mi\u00e9rcoles en <a href=\"https:\/\/elpais.com\/television\/2025-11-26\/la-gala-de-los-premios-ondas-en-imagenes.html\" target=\"_self\" rel=\"nofollow noopener\" title=\"https:\/\/elpais.com\/television\/2025-11-26\/la-gala-de-los-premios-ondas-en-imagenes.html\">la gala de los Premios Ondas<\/a> para recoger su galard\u00f3n como fen\u00f3meno musical del a\u00f1o, un reconocimiento que comparti\u00f3 con Guitarricadelafuente. Lo hizo tras un par\u00f3n musical, un descanso que anunci\u00f3 que se tomaba en octubre y que termina el 8 de diciembre con nuevos conciertos en su agenda. <\/p>\n<p class=\"\">\u201cTengo derecho a una baja por salud mental que ha afectado a mi instrumento de trabajo\u201d, dijo la artista en una entrevista previa en La ventana, en la que asegur\u00f3 estar bien y en la que habl\u00f3 de su proceso de recuperaci\u00f3n. \u201cHa sido un mes para rodearme de grandes profesionales que me han ayudado a encauzar esto, que es un proceso largo para a protegerme y cuidarme para continuar mi trabajo\u201d, explic\u00f3.<\/p>\n<p class=\"\">\u201cHoy, que tengo un micr\u00f3fono que me da voz, la misma voz con la que les cuento mis historias, quer\u00eda recordar que la voz no es algo inerte que vive en la garganta, si no que convive con lo que pasamos, con c\u00f3mo nos tratamos y con el l\u00edmite del cuerpo despu\u00e9s de todo. El ruido y los est\u00edmulos extremos del mundo a veces nos hacen pensar que hay que tirar para adelante como sea. Y yo creo que est\u00e1 muy bien siempre y cuando no pasemos por encima de nosotras mismas\u201d, se\u00f1al\u00f3 en su discurso tras recoger el premio. <\/p>\n<p class=\"\">\u201cCreo que soy un cristalito, se me nota mucho todo, pero desde esta transparencia, desde esta fragilidad aprend\u00ed a hacer canciones que a m\u00ed me han salvado. As\u00ed que hoy les agradezco de todo coraz\u00f3n que hayan valorado esta forma de cantar y de componer, porque este Ondas me recuerda que se puede hacer m\u00fasica desde la honestidad, sin prisa, sin fingir fortaleza, y siendo nada m\u00e1s y nada menos que un ser humano\u201d, a\u00f1adi\u00f3 la canaria.<\/p>\n<p class=\"\">La cantante tambi\u00e9n quiso dar las gracias a su equipo y a su familia (\u201ca mi padre y a mi madre que est\u00e1n esta noche aqu\u00ed, que me dieron la vida y que me han cuidado siempre; a mi abuela Micaela de la que hered\u00e9 toda mi fuerza\u201d) y se acord\u00f3 tambi\u00e9n de sus paisanos: \u201cGracias a mi tierra tambi\u00e9n que son gente de heridas reconstruidas y esta mujer de La Palma no va a ser menos\u201d.<\/p>\n<p><b>Una baja tras cr\u00edticas en \u2018Operaci\u00f3n Triunfo\u2019<\/b><\/p>\n<p class=\"\"><a href=\"https:\/\/elpais.com\/cultura\/2025-10-16\/la-cantautora-valeria-castro-anuncia-su-retirada-temporal-tras-su-actuacion-en-ot-todo-esto-es-imposible-de-gestionar.html\" target=\"_self\" rel=\"nofollow noopener\" title=\"https:\/\/elpais.com\/cultura\/2025-10-16\/la-cantautora-valeria-castro-anuncia-su-retirada-temporal-tras-su-actuacion-en-ot-todo-esto-es-imposible-de-gestionar.html\">La cantante anunci\u00f3 hace poco m\u00e1s de un mes su retirada temporal<\/a> en un comunicado: \u201cLos \u00faltimos meses no han sido f\u00e1ciles para m\u00ed y las \u00faltimas semanas, de manera progresiva, todo se me ha ido agarrando a la garganta. El agotamiento y mi salud mental, que se ha ido mermando, me han ido apagando poco a poco. Por mucho que haya intentado dar lo mejor de m\u00ed en cada escenario al que me he subido, hay veces en las que todo esto es imposible de gestionar\u201d. <\/p>\n<p class=\"\">Lo hizo d\u00edas despu\u00e9s de una criticada actuaci\u00f3n en una gala de Operaci\u00f3n Triunfo junto a Dani Fern\u00e1ndez en la que los usuarios de X cuestionaron su calidad vocal con mensajes como \u201c\u00bfSe puede nominar a Valeria Castro?\u201d o \u201c\u00bfPor qu\u00e9 Valeria Castro est\u00e1 cantando como si tuviera un polvor\u00f3n en la boca?\u201d. A la par, numerosos artistas salieron a apoyar p\u00fablicamente a la cantante, como el de Andr\u00e9s Su\u00e1rez: \u201cVeremos d\u00f3nde est\u00e1 en 20 a\u00f1os y d\u00f3nde la cr\u00edtica de hoy. Qu\u00e9 asco de redes sociales nos est\u00e1n quedando, de maldad cobarde gratuita. Y ahora me voy a poner su \u00faltimo disco, que es una barbaridad\u201d.<\/p>\n","protected":false},"excerpt":{"rendered":"La cantante canaria Valeria Castro reapareci\u00f3 este mi\u00e9rcoles en la gala de los Premios Ondas para recoger su&hellip;\n","protected":false},"author":2,"featured_media":258622,"comment_status":"","ping_status":"","sticky":false,"template":"","format":"standard","meta":{"footnotes":""},"categories":[170],"tags":[3061,209,146,147,25,24,184,185,56939,23,51462],"class_list":{"0":"post-258621","1":"post","2":"type-post","3":"status-publish","4":"format-standard","5":"has-post-thumbnail","7":"category-musica","8":"tag-cantantes","9":"tag-cultura","10":"tag-entertainment","11":"tag-entretenimiento","12":"tag-es","13":"tag-espana","14":"tag-music","15":"tag-musica","16":"tag-premios-ondas","17":"tag-spain","18":"tag-valeria-castro"},"share_on_mastodon":{"url":"https:\/\/pubeurope.com\/@es\/115622106179440242","error":""},"_links":{"self":[{"href":"https:\/\/www.europesays.com\/es\/wp-json\/wp\/v2\/posts\/258621","targetHints":{"allow":["GET"]}}],"collection":[{"href":"https:\/\/www.europesays.com\/es\/wp-json\/wp\/v2\/posts"}],"about":[{"href":"https:\/\/www.europesays.com\/es\/wp-json\/wp\/v2\/types\/post"}],"author":[{"embeddable":true,"href":"https:\/\/www.europesays.com\/es\/wp-json\/wp\/v2\/users\/2"}],"replies":[{"embeddable":true,"href":"https:\/\/www.europesays.com\/es\/wp-json\/wp\/v2\/comments?post=258621"}],"version-history":[{"count":0,"href":"https:\/\/www.europesays.com\/es\/wp-json\/wp\/v2\/posts\/258621\/revisions"}],"wp:featuredmedia":[{"embeddable":true,"href":"https:\/\/www.europesays.com\/es\/wp-json\/wp\/v2\/media\/258622"}],"wp:attachment":[{"href":"https:\/\/www.europesays.com\/es\/wp-json\/wp\/v2\/media?parent=258621"}],"wp:term":[{"taxonomy":"category","embeddable":true,"href":"https:\/\/www.europesays.com\/es\/wp-json\/wp\/v2\/categories?post=258621"},{"taxonomy":"post_tag","embeddable":true,"href":"https:\/\/www.europesays.com\/es\/wp-json\/wp\/v2\/tags?post=258621"}],"curies":[{"name":"wp","href":"https:\/\/api.w.org\/{rel}","templated":true}]}}