{"id":258627,"date":"2025-11-27T14:23:07","date_gmt":"2025-11-27T14:23:07","guid":{"rendered":"https:\/\/www.europesays.com\/es\/258627\/"},"modified":"2025-11-27T14:23:07","modified_gmt":"2025-11-27T14:23:07","slug":"la-gripe-alcanza-ya-la-fase-de-epidemia-tras-un-nuevo-incremento-de-casos-la-ultima-semana-sociedad","status":"publish","type":"post","link":"https:\/\/www.europesays.com\/es\/258627\/","title":{"rendered":"La gripe alcanza ya la fase de epidemia tras un nuevo incremento de casos la \u00faltima semana | Sociedad"},"content":{"rendered":"<p><a href=\"https:\/\/cadenaser.com\/nacional\/2025\/11\/26\/sanidad-insta-a-las-comunidades-a-pactar-un-protocolo-comun-para-frenar-el-aumento-de-la-gripe-cadena-ser\/\" target=\"_blank\" rel=\"nofollow noopener\" title=\"https:\/\/cadenaser.com\/nacional\/2025\/11\/26\/sanidad-insta-a-las-comunidades-a-pactar-un-protocolo-comun-para-frenar-el-aumento-de-la-gripe-cadena-ser\/\">La gripe <\/a>ha alcanzado ya el umbral epid\u00e9mico tras un nuevo repunte de contagios en los centros de salud durante la \u00faltima semana, en la que se han alcanzado 112,2 casos por cada 100.000 habitantes frente a los 12,8 que hab\u00eda en el mismo periodo del a\u00f1o pasado.<\/p>\n<p>As\u00ed se desprende del \u00faltimo bolet\u00edn epidemiol\u00f3gico del Instituto de Salud Carlos III, que refleja un aumento generalizado de todas las infecciones respiratorias (gripe, covid-19 y Virus Respiratorio Sincitial (VRS), causante de la bronquiolitis) entre el 17 y el 23 de noviembre hasta llegar a una tasa de 519,3 casos en Atenci\u00f3n Primaria, 37 puntos m\u00e1s que una semana antes.<\/p>\n<p>M\u00e1s informaci\u00f3n<\/p>\n<p>Este incremento se debe fundamentalmente al avance de la gripe, que este a\u00f1o se ha adelantado; en la \u00faltima semana, deja una tasa en Atenci\u00f3n Primaria de 112,2 casos, cuando la anterior era de 85,5, con lo que se sit\u00faa \u00abpor primera vez en el umbral epid\u00e9mico\u00bb. <\/p>\n<p>No obstante, este incremento a\u00fan no se deja notar en los hospitales, en los que la cifra se mantiene estable en 2,6.<\/p>\n<p>La mayor parte de los casos se est\u00e1 dando en menores de 1 a 4 a\u00f1os (que alcanzan la cifra de 428,5), seguidos del grupo 5-19 a\u00f1os (304) y menores de 1 (267,2).<\/p>\n<p>Seg\u00fan el bolet\u00edn, los principales s\u00edntomas de la gripe esta temporada son la tos, que presentan el 81,6 % de los contagiados, adem\u00e1s de fiebre (80,3%); malestar general (74,5%) y congesti\u00f3n nasal (72,8%).<\/p>\n<p>Por otra parte, el informe tambi\u00e9n arroja una subida del VRS, del 20,3 casos en los centros de salud frente a los 11,6 de una semana antes.<\/p>\n<p>Como consecuencia, los ingresos suben levemente de 0,5 a 0,8, si bien, los casos de bronquiolitis derivados de este virus han ca\u00eddo en picado en los dos \u00faltimos a\u00f1os, coincidiendo con el inicio de la inmunizaci\u00f3n de reci\u00e9n nacidos: de 691 positivos que hab\u00eda en la misma semana de la temporada 2022-2023, se han desplomado a menos de la mitad (314,3).<\/p>\n<p>Tos, en la pr\u00e1ctica mayor\u00eda de los casos, congesti\u00f3n nasal y fiebre son sus s\u00edntomas m\u00e1s frecuentes.<\/p>\n<p>Por su parte, desciende la incidencia de covid-19 de 10,6 a 4,2 en Atenci\u00f3n Primaria y sigue en un 0,6 % en centros hospitalarios. En este caso, la principal sintomatolog\u00eda se presenta en forma de tos, malestar general y dolor de garganta.<\/p>\n","protected":false},"excerpt":{"rendered":"La gripe ha alcanzado ya el umbral epid\u00e9mico tras un nuevo repunte de contagios en los centros de&hellip;\n","protected":false},"author":2,"featured_media":258628,"comment_status":"","ping_status":"","sticky":false,"template":"","format":"standard","meta":{"footnotes":""},"categories":[92],"tags":[25,24,165,166,23],"class_list":{"0":"post-258627","1":"post","2":"type-post","3":"status-publish","4":"format-standard","5":"has-post-thumbnail","7":"category-salud","8":"tag-es","9":"tag-espana","10":"tag-health","11":"tag-salud","12":"tag-spain"},"share_on_mastodon":{"url":"https:\/\/pubeurope.com\/@es\/115622119593885138","error":""},"_links":{"self":[{"href":"https:\/\/www.europesays.com\/es\/wp-json\/wp\/v2\/posts\/258627","targetHints":{"allow":["GET"]}}],"collection":[{"href":"https:\/\/www.europesays.com\/es\/wp-json\/wp\/v2\/posts"}],"about":[{"href":"https:\/\/www.europesays.com\/es\/wp-json\/wp\/v2\/types\/post"}],"author":[{"embeddable":true,"href":"https:\/\/www.europesays.com\/es\/wp-json\/wp\/v2\/users\/2"}],"replies":[{"embeddable":true,"href":"https:\/\/www.europesays.com\/es\/wp-json\/wp\/v2\/comments?post=258627"}],"version-history":[{"count":0,"href":"https:\/\/www.europesays.com\/es\/wp-json\/wp\/v2\/posts\/258627\/revisions"}],"wp:featuredmedia":[{"embeddable":true,"href":"https:\/\/www.europesays.com\/es\/wp-json\/wp\/v2\/media\/258628"}],"wp:attachment":[{"href":"https:\/\/www.europesays.com\/es\/wp-json\/wp\/v2\/media?parent=258627"}],"wp:term":[{"taxonomy":"category","embeddable":true,"href":"https:\/\/www.europesays.com\/es\/wp-json\/wp\/v2\/categories?post=258627"},{"taxonomy":"post_tag","embeddable":true,"href":"https:\/\/www.europesays.com\/es\/wp-json\/wp\/v2\/tags?post=258627"}],"curies":[{"name":"wp","href":"https:\/\/api.w.org\/{rel}","templated":true}]}}