{"id":258631,"date":"2025-11-27T14:25:15","date_gmt":"2025-11-27T14:25:15","guid":{"rendered":"https:\/\/www.europesays.com\/es\/258631\/"},"modified":"2025-11-27T14:25:15","modified_gmt":"2025-11-27T14:25:15","slug":"el-mejor-xiaomi-poco-de-la-historia-se-ha-lanzado-en-pleno-black-friday-ya-esta-de-oferta-y-viene-con-subwoofer-firmado-por-bose","status":"publish","type":"post","link":"https:\/\/www.europesays.com\/es\/258631\/","title":{"rendered":"El mejor Xiaomi POCO de la historia se ha lanzado en pleno Black Friday. Ya est\u00e1 de oferta y viene con subwoofer firmado por Bose"},"content":{"rendered":"<p>En plena semana del <a href=\"https:\/\/www.xataka.com\/black-friday\" rel=\"nofollow noopener\" target=\"_blank\">Black Friday<\/a> ha llegado un nuevo m\u00f3vil de la firma Xiaomi, y lo ha hecho por la puerta grande con una ficha t\u00e9cnica muy interesante y un buen descuento. El <strong>Xiaomi Poco F8 Ultra<\/strong> ya se puede comprar en tiendas como Amazon aprovechando sus ofertas:<\/p>\n<p> <a rel=\"nofollow, sponsored, noopener, noreferrer\" target=\"_blank\" href=\"https:\/\/www.xataka.com\/redirect?site=xataka&amp;url=https%3A%2F%2Fwww.amazon.es%2Fdp%2FB0FT3Z748N&amp;affiliate_id=&amp;ecomPostExpiration=perish&amp;postId=327968\"><br \/>\n     <img loading=\"lazy\" decoding=\"async\" src=\"https:\/\/www.europesays.com\/es\/wp-content\/uploads\/2025\/11\/1764253512_753_original.jpeg\" alt=\"Xiaomi Poco F8 Ultra (256 GB)\" width=\"500\" height=\"500\"\/><br \/>\n   <\/a><\/p>\n<p class=\"pivot-ecommerce-desc\">Xiaomi Poco F8 Ultra (256 GB)<\/p>\n<p>El precio podr\u00eda variar. Obtenemos comisi\u00f3n por estos enlaces<\/p>\n<p>Un m\u00f3vil con una muy buena ficha t\u00e9cnica<\/p>\n<p>                    <a rel=\"nofollow, sponsored, noopener, noreferrer\" target=\"_blank\" class=\"js-ecommerce\" id=\"link-ecommerce-3\" href=\"https:\/\/www.xataka.com\/redirect?url=https%3A%2F%2Fwww.amazon.es%2Fdp%2FB0FT3Z748N&amp;category=seleccion&amp;ecomPostExpiration=perish&amp;postId=327968\" data-vars-affiliate-url=\"https:\/\/www.amazon.es\/dp\/B0FT3Z748N\"><br \/>\n         <img class=\"centro_sinmarco\" height=\"900\" width=\"1600\" loading=\"lazy\" decoding=\"async\"  fetchpriority=\"high\"  src=\"https:\/\/www.europesays.com\/es\/wp-content\/uploads\/2025\/11\/1764253512_812_450_1000.jpeg\" alt=\"Amazon\"\/><\/p>\n<p>     <\/a><\/p>\n<p>Lo m\u00e1s llamativo del nuevo <a class=\"text-outboundlink\" href=\"https:\/\/www.xataka.com\/analisis\/poco-f8-ultra-analisis-caracteristicas-precio-especificaciones\" data-vars-post-title=\"POCO F8 Ultra, an\u00e1lisis: cuando todos apuestan por colaborar en c\u00e1maras, POCO quiere romperla con el sonido\" data-vars-post-url=\"https:\/\/www.xataka.com\/analisis\/poco-f8-ultra-analisis-caracteristicas-precio-especificaciones\" rel=\"nofollow noopener\" target=\"_blank\">Xiaomi Poco F8 Ultra<\/a> es su parte trasera donde nos encontramos con un <strong>subwoofer firmado por Bose<\/strong>, un punto interesante que denota un buen cambio con respecto a otros m\u00f3viles que, en lugar del sonido, se centraban en las colaboraciones con marcas de fotograf\u00eda. Y ojo, este apartado de sonido nos ha encantado.<\/p>\n<p>    <a href=\"https:\/\/www.xataka.com\/seleccion\/cinco-ofertas-top-hardware-para-pc-durante-black-friday-tarjetas-graficas-procesadores\" class=\"pivot-outboundlink\" data-vars-post-title=\"Cinco ofertas top en hardware para PC durante el Black Friday: tarjetas gr\u00e1ficas, procesadores y m\u00e1s\" rel=\"nofollow noopener\" target=\"_blank\"><br \/>\n     <img loading=\"lazy\" decoding=\"async\" alt=\"Cinco ofertas top en hardware para PC durante el Black Friday: tarjetas gr\u00e1ficas, procesadores y m\u00e1s\" width=\"375\" height=\"142\" src=\"https:\/\/www.europesays.com\/es\/wp-content\/uploads\/2025\/11\/1764253513_645_375_142.jpeg\"\/><br \/>\n    <\/a><\/p>\n<p>Por otro lado, hablamos de un m\u00f3vil grandote (6,85 pulgadas) que ofrece una tasa de refresco de 120 Hz y un <strong>brillo de 2.000 nits (HBM)<\/strong>. Por supuesto, tambi\u00e9n es compatible con el formato <a class=\"text-outboundlink\" href=\"https:\/\/www.xataka.com\/televisores\/biblia-hdr-que-cuales-estandares-actuales-como-no-todo-que-dicen-que-hdr-efectivamente\" data-vars-post-title=\"La biblia del HDR: qu\u00e9 es, cu\u00e1les son los est\u00e1ndares actuales y c\u00f3mo no todo lo que dicen que es HDR lo es en realidad\" data-vars-post-url=\"https:\/\/www.xataka.com\/televisores\/biblia-hdr-que-cuales-estandares-actuales-como-no-todo-que-dicen-que-hdr-efectivamente\" rel=\"nofollow noopener\" target=\"_blank\">HDR10+<\/a>, su bater\u00eda de 6.500 mAh soporta carga r\u00e1pida de 100W y carga inal\u00e1mbrica de 50W y, en este caso, ofrece una resoluci\u00f3n de 2.608 x 1.200 p\u00edxeles.<\/p>\n<p>Entre otras cosas, el nuevo m\u00f3vil de Xiaomi monta el procesador <a class=\"text-outboundlink\" href=\"https:\/\/www.xataka.com\/componentes\/qualcomm-snapdragon-8-elite-gen-5-caracteristicas-ficha-tecnica\" data-vars-post-title=\"Qualcomm Snapdragon 8 Elite Gen 5: el poder m\u00e1s avanzado no es fuerza bruta, es saber usarla con inteligencia en la gama alta\" data-vars-post-url=\"https:\/\/www.xataka.com\/componentes\/qualcomm-snapdragon-8-elite-gen-5-caracteristicas-ficha-tecnica\" rel=\"nofollow noopener\" target=\"_blank\">Snapdragon 8 Elite Gen 5<\/a> de Qualcomm, por lo que potencia no le falta. Viene con un <strong>sistema de refrigeraci\u00f3n l\u00edquida<\/strong> que funciona realmente bien y su m\u00f3dulo de c\u00e1maras trasero se compone de un sensor principal de 50 MP, un ultra gran angular de 50 MP y un telefoto de 50 MP.<\/p>\n<p>    <a href=\"https:\/\/www.xataka.com\/seleccion\/alcampo-tiene-baliza-v16-rebajada-que-cumple-normativa-dgt-a-partir-proximo-1-enero\" class=\"pivot-outboundlink\" data-vars-post-title=\"Alcampo tiene una baliza V16 rebajada y que cumple con la normativa de la DGT a partir del pr\u00f3ximo 1 de enero\" rel=\"nofollow noopener\" target=\"_blank\"><br \/>\n     <img loading=\"lazy\" decoding=\"async\" alt=\"Alcampo tiene una baliza V16 rebajada y que cumple con la normativa de la DGT a partir del pr\u00f3ximo 1 de enero\" width=\"375\" height=\"142\" src=\"https:\/\/www.europesays.com\/es\/wp-content\/uploads\/2025\/11\/1764253514_655_375_142.jpeg\"\/><br \/>\n    <\/a><\/p>\n<p>Tambi\u00e9n te puede interesar<\/p>\n<p> <a rel=\"nofollow, sponsored, noopener, noreferrer\" target=\"_blank\" href=\"https:\/\/www.xataka.com\/redirect?site=xataka&amp;url=https%3A%2F%2Fwww.amazon.es%2Fdp%2FB0DPXSS7KX%3Ftag%3Dxataka-21%26linkCode%3Dogi%26th%3D1%26psc%3D1&amp;affiliate_id=&amp;ecomPostExpiration=perish&amp;postId=327968\"><br \/>\n     <img loading=\"lazy\" decoding=\"async\" src=\"https:\/\/www.europesays.com\/es\/wp-content\/uploads\/2025\/11\/1764253515_747_original.jpeg\" alt=\"XIAOMI Redmi Buds 6 Pro - Auriculares inal\u00e1mbricos, cancelaci\u00f3n de Ruido, Ligeros, hasta 36 Horas de autonom\u00eda, Bluetooth 5.3, Negro(Versi\u00f3n ES)\" width=\"500\" height=\"500\"\/><br \/>\n   <\/a><\/p>\n<p class=\"pivot-ecommerce-desc\">XIAOMI Redmi Buds 6 Pro &#8211; Auriculares inal\u00e1mbricos, cancelaci\u00f3n de Ruido, Ligeros, hasta 36 Horas de autonom\u00eda, Bluetooth 5.3, Negro(Versi\u00f3n ES)<\/p>\n<p>El precio podr\u00eda variar. Obtenemos comisi\u00f3n por estos enlaces<\/p>\n<p> <a rel=\"nofollow, sponsored, noopener, noreferrer\" target=\"_blank\" href=\"https:\/\/www.xataka.com\/redirect?site=xataka&amp;url=https%3A%2F%2Fwww.amazon.es%2Fdp%2FB0DPX91VHZ%3Ftag%3Dxataka-21%26linkCode%3Dogi%26th%3D1%26psc%3D1&amp;affiliate_id=&amp;ecomPostExpiration=perish&amp;postId=327968\"><br \/>\n     <img loading=\"lazy\" decoding=\"async\" src=\"https:\/\/www.europesays.com\/es\/wp-content\/uploads\/2025\/11\/1764253515_552_original.jpeg\" alt=\"XIAOMI Redmi Watch 5, Reloj Inteligente: AMOLED 2.07&quot;, 24 d\u00edas bater\u00eda, Llamadas Bluetooth, 150+ Modos Deportivos, Monitor card\u00edaco, sue\u00f1o, 5ATM, GPS, Android\/iOS, Negro\" width=\"500\" height=\"500\"\/><br \/>\n   <\/a><\/p>\n<p class=\"pivot-ecommerce-desc\">XIAOMI Redmi Watch 5, Reloj Inteligente: AMOLED 2.07&#8243;, 24 d\u00edas bater\u00eda, Llamadas Bluetooth, 150+ Modos Deportivos, Monitor card\u00edaco, sue\u00f1o, 5ATM, GPS, Android\/iOS, Negro<\/p>\n<p>El precio podr\u00eda variar. Obtenemos comisi\u00f3n por estos enlaces<\/p>\n<p>Algunos de los enlaces de este art\u00edculo son afiliados y pueden reportar un beneficio a Xataka. En caso de no disponibilidad, las ofertas pueden variar.<\/p>\n<p>Im\u00e1genes |\u00a0<a href=\"https:\/\/www.xataka.com\/autor\/antonio-vallejo-taslimi\" rel=\"nofollow noopener\" target=\"_blank\">Antonio Vallejo<\/a>, Xiaomi<\/p>\n<p>En Xataka |\u00a0<a class=\"text-outboundlink\" href=\"https:\/\/www.xataka.com\/analisis\/mejores-moviles-calidad-precio-2022-analisis-videos\" data-vars-post-title=\"Los mejores m\u00f3viles calidad precio (2025). Sus an\u00e1lisis y v\u00eddeos est\u00e1n aqu\u00ed\" data-vars-post-url=\"https:\/\/www.xataka.com\/analisis\/mejores-moviles-calidad-precio-2022-analisis-videos\" rel=\"nofollow noopener\" target=\"_blank\">Los mejores m\u00f3viles calidad precio (2025). Sus an\u00e1lisis y v\u00eddeos est\u00e1n aqu\u00ed<\/a><\/p>\n<p>En Xataka |\u00a0<a class=\"text-outboundlink\" href=\"https:\/\/www.xataka.com\/seleccion\/mejor-movil-xiaomi-calidad-precio-guia-compra-comparativa-2\" data-vars-post-title=\"El mejor m\u00f3vil Xiaomi en calidad precio: gu\u00eda de compra y comparativa\" data-vars-post-url=\"https:\/\/www.xataka.com\/seleccion\/mejor-movil-xiaomi-calidad-precio-guia-compra-comparativa-2\" rel=\"nofollow noopener\" target=\"_blank\">El mejor m\u00f3vil Xiaomi en calidad precio: gu\u00eda de compra y comparativa<\/a><\/p>\n","protected":false},"excerpt":{"rendered":"En plena semana del Black Friday ha llegado un nuevo m\u00f3vil de la firma Xiaomi, y lo ha&hellip;\n","protected":false},"author":2,"featured_media":258632,"comment_status":"","ping_status":"","sticky":false,"template":"","format":"standard","meta":{"footnotes":""},"categories":[81],"tags":[119,123,124,25,24,117,121,122,23,118,120],"class_list":{"0":"post-258631","1":"post","2":"type-post","3":"status-publish","4":"format-standard","5":"has-post-thumbnail","7":"category-ciencia-y-tecnologia","8":"tag-ciencia","9":"tag-ciencia-y-tecnologia","10":"tag-cienciaytecnologia","11":"tag-es","12":"tag-espana","13":"tag-science","14":"tag-science-and-technology","15":"tag-scienceandtechnology","16":"tag-spain","17":"tag-technology","18":"tag-tecnologia"},"share_on_mastodon":{"url":"","error":""},"_links":{"self":[{"href":"https:\/\/www.europesays.com\/es\/wp-json\/wp\/v2\/posts\/258631","targetHints":{"allow":["GET"]}}],"collection":[{"href":"https:\/\/www.europesays.com\/es\/wp-json\/wp\/v2\/posts"}],"about":[{"href":"https:\/\/www.europesays.com\/es\/wp-json\/wp\/v2\/types\/post"}],"author":[{"embeddable":true,"href":"https:\/\/www.europesays.com\/es\/wp-json\/wp\/v2\/users\/2"}],"replies":[{"embeddable":true,"href":"https:\/\/www.europesays.com\/es\/wp-json\/wp\/v2\/comments?post=258631"}],"version-history":[{"count":0,"href":"https:\/\/www.europesays.com\/es\/wp-json\/wp\/v2\/posts\/258631\/revisions"}],"wp:featuredmedia":[{"embeddable":true,"href":"https:\/\/www.europesays.com\/es\/wp-json\/wp\/v2\/media\/258632"}],"wp:attachment":[{"href":"https:\/\/www.europesays.com\/es\/wp-json\/wp\/v2\/media?parent=258631"}],"wp:term":[{"taxonomy":"category","embeddable":true,"href":"https:\/\/www.europesays.com\/es\/wp-json\/wp\/v2\/categories?post=258631"},{"taxonomy":"post_tag","embeddable":true,"href":"https:\/\/www.europesays.com\/es\/wp-json\/wp\/v2\/tags?post=258631"}],"curies":[{"name":"wp","href":"https:\/\/api.w.org\/{rel}","templated":true}]}}