{"id":258635,"date":"2025-11-27T14:27:10","date_gmt":"2025-11-27T14:27:10","guid":{"rendered":"https:\/\/www.europesays.com\/es\/258635\/"},"modified":"2025-11-27T14:27:10","modified_gmt":"2025-11-27T14:27:10","slug":"macron-anuncia-un-servicio-militar-voluntario-de-10-meses-dw-27-11-2025","status":"publish","type":"post","link":"https:\/\/www.europesays.com\/es\/258635\/","title":{"rendered":"Macron anuncia un servicio militar voluntario de 10 meses \u2013 DW \u2013 27\/11\/2025"},"content":{"rendered":"<p>El presidente de <a class=\"internal-link\" href=\"https:\/\/www.dw.com\/es\/francia\/t-17412345\" rel=\"nofollow noopener\" target=\"_blank\">Francia<\/a>, <a class=\"internal-link\" href=\"https:\/\/www.dw.com\/es\/macron-emmanuel\/t-36416700\" rel=\"nofollow noopener\" target=\"_blank\">Emmanuel Macron<\/a>, anunci\u00f3 este jueves (27.11.2025) la creaci\u00f3n de un servicio militar voluntario de 10 meses, a partir del pr\u00f3ximo verano boreal, para j\u00f3venes entre 18 y 19 a\u00f1os que solo servir\u00e1n en misiones en el territorio nacional.<\/p>\n<p>En un primer momento se incorporar\u00e1n al <a class=\"internal-link\" href=\"https:\/\/www.dw.com\/es\/los-planes-de-francia-para-el-servicio-militar-voluntario\/a-74896647\" rel=\"nofollow noopener\" target=\"_blank\">servicio militar voluntario<\/a> tres mil j\u00f3venes, que deber\u00edan aumentar a diez mil en 2030 y, \u00aben funci\u00f3n de la amenaza\u00bb, cincuenta mil en 2035, dijo el jefe del Estado franc\u00e9s en un discurso en el cuartel de Varces, en los Alpes franceses.<\/p>\n<p>\u00abLa juventud aspira a la libertad y tiene sed de compromiso\u00bb, afirm\u00f3 antes de se\u00f1alar que la creaci\u00f3n de este \u00abservicio nacional\u00bb se enmarca en un movimiento general que e est\u00e1 produciendo en el Viejo Continente.<\/p>\n<p>\u00abEn un momento en que todos nuestros aliados europeos avanzan frente a una amenaza que pesa sobre todos nosotros, Francia no puede permanecer inm\u00f3vil\u00bb, se\u00f1al\u00f3 Macron.<\/p>\n<p>Y a\u00f1adi\u00f3: \u00abNecesitamos la movilizaci\u00f3n de la naci\u00f3n para defenderse, no contra tal o cual enemigo, sino para estar preparada y para ser respetada\u00bb.<\/p>\n<p><img data-format=\"MASTER_LANDSCAPE\" data-id=\"74881393\" data-url=\"https:\/\/static.dw.com\/image\/74881393_${formatId}.jpg\" data-aspect-ratio=\"16\/9\" alt=\"Soldados del 3er Regimiento de Paracaidistas de Infanter\u00eda de Marina llevan su equipo de paraca\u00eddas despu\u00e9s de un salto desde un avi\u00f3n militar franc\u00e9s Airbus A400M cerca de Pamiers, el 26 de junio de 2025.\" style=\"padding-bottom: 56.25%; height: 0; max-height: 0;\"\/>Soldados del 3er Regimiento de Paracaidistas de Infanter\u00eda de Marina. (26 de junio de 2025).Imagen: Lionel Bonaventure\/AFP\/Getty Images<\/p>\n<p>Estos nuevos soldados voluntarios \u00abservir\u00e1n en el territorio nacional y solo en el territorio nacional\u00bb, subray\u00f3 Macron ante la pol\u00e9mica generada en los \u00faltimos d\u00edas por una declaraci\u00f3n del jefe del Estado Mayor del Ej\u00e9rcito, Fabien Mandon, sobre el hecho de que ante la amenaza de Rusia Francia ten\u00eda que estar dispuesta a \u00abaceptar perder a sus hijos\u00bb.<\/p>\n<p>El presidente franc\u00e9s puntualiz\u00f3 que ser\u00e1 el ej\u00e9rcito el que seleccionar\u00e1 a los futuros reclutas entre \u00ablos m\u00e1s motivados y los que respondan mejor a sus necesidades\u00bb.<\/p>\n<p>Los candidatos manifestar\u00e1n su inter\u00e9s con ocasi\u00f3n de la llamada \u00abjornada de movilizaci\u00f3n\u00bb a la que est\u00e1n convocados todos los j\u00f3venes.<\/p>\n<p>Del total de los diez meses del servicio militar, un primer mes ser\u00e1 de formaci\u00f3n general en el que aprender\u00e1n los rudimentos militares, a desfilar y el manejo b\u00e1sico de las armas.<\/p>\n<p>Los nueve meses siguientes estar\u00e1n en una unidad militar en la que compartir\u00e1n vida y actividades con el resto de militares profesionales, con la \u00fanica excepci\u00f3n de que no ser\u00e1n enviados a misiones en el extranjero.<\/p>\n<p><img data-format=\"MASTER_LANDSCAPE\" data-id=\"74881272\" data-url=\"https:\/\/static.dw.com\/image\/74881272_${formatId}.jpg\" data-aspect-ratio=\"16\/9\" alt=\"Un soldado del 35.\u00ba Regimiento de Paracaidistas se encuentra junto a una ametralladora encima de un veh\u00edculo blindado del campamento del Ej\u00e9rcito franc\u00e9s de Canjuers, en el departamento de Var, sureste de Francia, el 20 de octubre de 2025.\" style=\"padding-bottom: 56.25%; height: 0; max-height: 0;\"\/>Un soldado del 35.\u00ba Regimiento de Paracaidistas del Ej\u00e9rcito franc\u00e9s.Imagen: Frederic Dides\/AFP\/Getty Images<\/p>\n<p>Equipamiento y sueldo en torno a los 1.000 euros por mes<\/p>\n<p>Los voluntarios recibir\u00e1n el equipamiento necesario y tambi\u00e9n un sueldo que el presidente no cuantific\u00f3 pero que, por los elementos que se hab\u00edan filtrado, podr\u00eda estar en torno a los 1.000 euros al mes.<\/p>\n<p>Lo que s\u00ed dijo Macron es que tendr\u00e1 un coste estimado de m\u00e1s de 2.000 millones de euros que ser\u00e1n financiados gracias al incremento de los fondos del departamento de Defensa en la ley de programaci\u00f3n militar de 2026 a 2030.<\/p>\n<p>El jefe del Estado hizo hincapi\u00e9 en que Francia no esper\u00f3 a 2022 y a la invasi\u00f3n rusa de Ucrania para modernizar y reforzar sus fuerzas armadas sino que desde que \u00e9l lleg\u00f3 al <a class=\"internal-link\" href=\"https:\/\/www.dw.com\/es\/el\u00edseo-palacio-del\/t-36684211\" rel=\"nofollow noopener\" target=\"_blank\">El\u00edseo<\/a> en 2017 ha trabajado en esa direcci\u00f3n y eso le permite a su pa\u00eds \u00abtener el ej\u00e9rcito m\u00e1s eficaz de Europa\u00bb.<\/p>\n<p>El El\u00edseo recuerd\u00f3 que entre 2017 y 2027 se va a duplicar el presupuesto de defensa, para pasar de 32.000 millones de euros a 64.000.<\/p>\n<p>El presidente descart\u00f3 la vuelta al servicio militar obligatorio, que en Francia desapareci\u00f3 en 1996 porque con el fin de la Guerra Fr\u00eda hab\u00eda dejado de ser \u00fatil, porque \u00abno corresponde a las necesidades de nuestro ej\u00e9rcito ni a las amenazas\u00bb.<\/p>\n<p>No obstante, dej\u00f3 una puerta abierta para obligar a toda una promoci\u00f3n de j\u00f3venes a incorporarse a las fuerzas armadas si as\u00ed lo decidiera el Parlamento \u00aben caso excepcional\u00bb.<\/p>\n<p>Una vez que los j\u00f3venes voluntarios terminen su servicio militar de diez meses, podr\u00e1n continuar sus estudios o empezar su vida laboral, para lo que el ej\u00e9rcito les ayudar\u00e1, e integrar\u00e1n la reserva operativa. Tambi\u00e9n se les dar\u00e1 la posibilidad de continuar entonces en las fuerzas armadas como profesionales.<\/p>\n<p>Uno de los objetivos de este nuevo \u00abservicio nacional\u00bb es precisamente fortalecer la reserva, de la que actualmente forman parte cerca de 45.000 personas, para subir a 80.000 en 2030.<\/p>\n<p>De esta forma Francia pretende constituir \u00abun modelo h\u00edbrido\u00bb de ej\u00e9rcito que a juicio de Macron es el que debe privilegiarse ante \u00abun mundo incierto\u00bb.<\/p>\n<p>CP (efe, afpe)<\/p>\n","protected":false},"excerpt":{"rendered":"El presidente de Francia, Emmanuel Macron, anunci\u00f3 este jueves (27.11.2025) la creaci\u00f3n de un servicio militar voluntario de&hellip;\n","protected":false},"author":2,"featured_media":258636,"comment_status":"","ping_status":"","sticky":false,"template":"","format":"standard","meta":{"footnotes":""},"categories":[42],"tags":[17,18,13,14,11,61,62,63,64,19,20,9,10,15,16,12,21,22,65,66,67],"class_list":{"0":"post-258635","1":"post","2":"type-post","3":"status-publish","4":"format-standard","5":"has-post-thumbnail","7":"category-internacional","8":"tag-breaking-news","9":"tag-breakingnews","10":"tag-featured-news","11":"tag-featurednews","12":"tag-headlines","13":"tag-internacional","14":"tag-international","15":"tag-international-news","16":"tag-internationalnews","17":"tag-latest-news","18":"tag-latestnews","19":"tag-news","20":"tag-noticias","21":"tag-noticias-destacadas","22":"tag-noticiasdestacadas","23":"tag-titulares","24":"tag-ultimas-noticias","25":"tag-ultimasnoticias","26":"tag-world","27":"tag-world-news","28":"tag-worldnews"},"share_on_mastodon":{"url":"https:\/\/pubeurope.com\/@es\/115622133363186410","error":""},"_links":{"self":[{"href":"https:\/\/www.europesays.com\/es\/wp-json\/wp\/v2\/posts\/258635","targetHints":{"allow":["GET"]}}],"collection":[{"href":"https:\/\/www.europesays.com\/es\/wp-json\/wp\/v2\/posts"}],"about":[{"href":"https:\/\/www.europesays.com\/es\/wp-json\/wp\/v2\/types\/post"}],"author":[{"embeddable":true,"href":"https:\/\/www.europesays.com\/es\/wp-json\/wp\/v2\/users\/2"}],"replies":[{"embeddable":true,"href":"https:\/\/www.europesays.com\/es\/wp-json\/wp\/v2\/comments?post=258635"}],"version-history":[{"count":0,"href":"https:\/\/www.europesays.com\/es\/wp-json\/wp\/v2\/posts\/258635\/revisions"}],"wp:featuredmedia":[{"embeddable":true,"href":"https:\/\/www.europesays.com\/es\/wp-json\/wp\/v2\/media\/258636"}],"wp:attachment":[{"href":"https:\/\/www.europesays.com\/es\/wp-json\/wp\/v2\/media?parent=258635"}],"wp:term":[{"taxonomy":"category","embeddable":true,"href":"https:\/\/www.europesays.com\/es\/wp-json\/wp\/v2\/categories?post=258635"},{"taxonomy":"post_tag","embeddable":true,"href":"https:\/\/www.europesays.com\/es\/wp-json\/wp\/v2\/tags?post=258635"}],"curies":[{"name":"wp","href":"https:\/\/api.w.org\/{rel}","templated":true}]}}