{"id":258638,"date":"2025-11-27T14:29:07","date_gmt":"2025-11-27T14:29:07","guid":{"rendered":"https:\/\/www.europesays.com\/es\/258638\/"},"modified":"2025-11-27T14:29:07","modified_gmt":"2025-11-27T14:29:07","slug":"santa-cruz-aprueba-manana-el-convenio-que-le-permitira-construir-263-viviendas-sociales-ayuntamiento-de-santa-cruz-de-tenerife","status":"publish","type":"post","link":"https:\/\/www.europesays.com\/es\/258638\/","title":{"rendered":"Santa Cruz aprueba ma\u00f1ana el convenio que le permitir\u00e1 construir 263 viviendas sociales &#8211; Ayuntamiento de Santa Cruz de Tenerife"},"content":{"rendered":"<ol>\n<li><a href=\"https:\/\/news.google.com\/rss\/articles\/CBMi_gFBVV95cUxPSExPcGJHbkZ4cUVidV9tbGdOUExlOFJWRk5vTUpTTDdFVlY1d1B1S19UaDhySThEeF82eUdGYjQ5LWFWeHpzdXUybTZDSGE2Y1lJMmV5UFJ1U3IxRFI3SHhGbVJ5RDVYNkZxMXlxWktSR2N5bzdEZ1RSM3dDajFXZ3BKczVKR2dnUmxJZE5KUml3YThiMDZ0akhRclRZRnA1MmFrbk9pZURtbnhwNVV2T05sSGVINTQ1NTVrU1FEeW42ZTNJUy0zeEYtaFpPNWV3bDRzWE5TVFhCZlZUb094cjhubHVNMXhpRVV0bHZnbUJ1VmpDWjVqS21HdlJWdw?oc=5\" target=\"_blank\" rel=\"nofollow noopener\">Santa Cruz aprueba ma\u00f1ana el convenio que le permitir\u00e1 construir 263 viviendas sociales<\/a>&nbsp;&nbsp;Ayuntamiento de Santa Cruz de Tenerife<\/li>\n<li><a href=\"https:\/\/news.google.com\/rss\/articles\/CBMizwFBVV95cUxOakg4OHpVWE0xaGMydVQyYl9MTXFYUTVDRU9GSV92NHl3dDk1UkJ6LUR6Q2ZMRWd6VHlYTmdkRWN1QkpVT0pURjhCd0RDY1lVMEUwY3NLZXdzNmRYWVVRNHF0SmY1bkZqZlFZZGlsb21pOVZIMVVLTEhjZVJEbGJvSUJRWnpsTnF2MUl1a2ZPeEhZTEQ5U2JjdlRCbXFabk1xN3drUWhYX204dFZTcnVVUTNGdl8zM2FRY2NmR0FfX3A2ei1GVDBwQnhiNEg1NUE?oc=5\" target=\"_blank\" rel=\"nofollow noopener\">El Cabildo participa con 6 millones de euros en el convenio para la construcci\u00f3n de 263 viviendas de promoci\u00f3n p\u00fablica en Santa Cruz<\/a>&nbsp;&nbsp;diariodetenerife.info<\/li>\n<li><a href=\"https:\/\/news.google.com\/rss\/articles\/CBMi9gFBVV95cUxOM2pMQXowS1ZROEUyU09qTnBSV2lLLXBTWllVQk9ENXBtYkNmSXdwalZSY1FfamVabF9UMURYWTVJMU44bXNJX3VleHZ2WldIVG44NEtQcGRRSDVUVVlDRGJSN1c1bEJSQ3VLTjlFcTFqcTI2SHAxTWh1cFlwRkJTLTRhS3FvZkZNa3ZQWFBmT2t5UXZLeE5mX3poNjAzcUd6ZHZETk5qa0NRWEVmRFNjY200akt0a25ST2VGLWRZSzNnVzJob1pHTWFESEdET1RRWDlHTy0tZnRQRTNFQmUta2E0Y2l3cV9WZld5VUpvNTN0SE1WVHc?oc=5\" target=\"_blank\" rel=\"nofollow noopener\">El Cabildo de Tenerife invierte 6 millones de euros en construir 263 viviendas sociales en Santa Cruz de Tenerife<\/a>&nbsp;&nbsp;Europa Press<\/li>\n<li><a href=\"https:\/\/news.google.com\/rss\/articles\/CBMi1gFBVV95cUxQM3N1M1J4ZDNoR1U3dU9ac2t1MGNWeC1wTFoweDZqanJGakJWX0F3SFZJb2xBdUM5YURWSVhYRFVRT01HZVEySUpRRTdTQlV0RDc1QXNQT19UeE5pUnBtM2dIRW5fRWY3Vm5ZZEJjTnNDQnloMDZ1RWtNemcyNFlVcU9EeDBnRlIwbUNUQk1obEZCT1V4UlpheF9zYzhsODRiNkE0Y0JMSHlzRU9oV0NFVXhyYkZDR2h4bi1KTUlEbGhDMVEwaWtOSEZVZnlNbEtfYmd6RHp3?oc=5\" target=\"_blank\" rel=\"nofollow noopener\">Santa Cruz impulsa nuevos proyectos de viviendas y agiliza la construcci\u00f3n de alquiler social<\/a>&nbsp;&nbsp;Atl\u00e1ntico Hoy<\/li>\n<li><a href=\"https:\/\/news.google.com\/rss\/articles\/CBMingFBVV95cUxNNTJfVHVVWXJHM291Yk1BWEFCeEpaVndQTGdNYWl4NkY4OHlWQW9Zd0VZYURaSXdFS3MzZ3ctR3FTS2pMUGpjNnREbXhGU1lzMDdGYlZYWU9Jcld5aVZyVWpTYU5HdUxVNWU1Sjd4TkpXRzhpV0VBOHp0eF9aTjlrY3dMMGgzbkNlaVE4YjhLZFlCcHdubE9aVXJEeEd2QQ?oc=5\" target=\"_blank\" rel=\"nofollow noopener\">Santa Cruz avanza en soluciones de movilidad, vivienda y espacios p\u00fablicos para Mar\u00eda Jim\u00e9nez<\/a>&nbsp;&nbsp;La Noci\u00f3n<\/li>\n<\/ol>\n","protected":false},"excerpt":{"rendered":"Santa Cruz aprueba ma\u00f1ana el convenio que le permitir\u00e1 construir 263 viviendas sociales&nbsp;&nbsp;Ayuntamiento de Santa Cruz de Tenerife&hellip;\n","protected":false},"author":2,"featured_media":248356,"comment_status":"","ping_status":"","sticky":false,"template":"","format":"standard","meta":{"footnotes":""},"categories":[5],"tags":[17,18,25,24,13,14,11,19,20,9,10,15,16,23,12,21,22],"class_list":{"0":"post-258638","1":"post","2":"type-post","3":"status-publish","4":"format-standard","5":"has-post-thumbnail","7":"category-titulares","8":"tag-breaking-news","9":"tag-breakingnews","10":"tag-es","11":"tag-espana","12":"tag-featured-news","13":"tag-featurednews","14":"tag-headlines","15":"tag-latest-news","16":"tag-latestnews","17":"tag-news","18":"tag-noticias","19":"tag-noticias-destacadas","20":"tag-noticiasdestacadas","21":"tag-spain","22":"tag-titulares","23":"tag-ultimas-noticias","24":"tag-ultimasnoticias"},"share_on_mastodon":{"url":"https:\/\/pubeurope.com\/@es\/115622141149326649","error":""},"_links":{"self":[{"href":"https:\/\/www.europesays.com\/es\/wp-json\/wp\/v2\/posts\/258638","targetHints":{"allow":["GET"]}}],"collection":[{"href":"https:\/\/www.europesays.com\/es\/wp-json\/wp\/v2\/posts"}],"about":[{"href":"https:\/\/www.europesays.com\/es\/wp-json\/wp\/v2\/types\/post"}],"author":[{"embeddable":true,"href":"https:\/\/www.europesays.com\/es\/wp-json\/wp\/v2\/users\/2"}],"replies":[{"embeddable":true,"href":"https:\/\/www.europesays.com\/es\/wp-json\/wp\/v2\/comments?post=258638"}],"version-history":[{"count":0,"href":"https:\/\/www.europesays.com\/es\/wp-json\/wp\/v2\/posts\/258638\/revisions"}],"wp:featuredmedia":[{"embeddable":true,"href":"https:\/\/www.europesays.com\/es\/wp-json\/wp\/v2\/media\/248356"}],"wp:attachment":[{"href":"https:\/\/www.europesays.com\/es\/wp-json\/wp\/v2\/media?parent=258638"}],"wp:term":[{"taxonomy":"category","embeddable":true,"href":"https:\/\/www.europesays.com\/es\/wp-json\/wp\/v2\/categories?post=258638"},{"taxonomy":"post_tag","embeddable":true,"href":"https:\/\/www.europesays.com\/es\/wp-json\/wp\/v2\/tags?post=258638"}],"curies":[{"name":"wp","href":"https:\/\/api.w.org\/{rel}","templated":true}]}}