{"id":258645,"date":"2025-11-27T14:37:14","date_gmt":"2025-11-27T14:37:14","guid":{"rendered":"https:\/\/www.europesays.com\/es\/258645\/"},"modified":"2025-11-27T14:37:14","modified_gmt":"2025-11-27T14:37:14","slug":"le-di-mas-al-baloncesto-de-lo-que-el-baloncesto-me-dio-a-mi","status":"publish","type":"post","link":"https:\/\/www.europesays.com\/es\/258645\/","title":{"rendered":"\u00abLe di m\u00e1s al baloncesto de lo que el baloncesto me dio a m\u00ed\u00bb"},"content":{"rendered":"<p class=\"ft-text ft-helper-closenews\">Alfonso Sanmart\u00edn resta importancia al premio a su trayectoria que el Concello de A Estrada le dar\u00e1 en la pr\u00f3xima Gala do Deporte, aunque no puede evitar sonre\u00edr ante las felicitaciones que recibe en nuestro camino por el centro de A Estrada hacia las canastas de los jardines. El pasado verano, Sanmart\u00edn puso punto y final a una trayectoria de m\u00e1s de 30 a\u00f1os como presidente del EDM Estradense. Lo hizo tras la desaparici\u00f3n del club que \u00e9l mismo ayud\u00f3 a fundar en 1990.<\/p>\n<p class=\"ft-text\"><strong>-Es usted conocido por su labor como presidente del EDM pero, \u00bfalguna vez lleg\u00f3 Alfonso Sanmart\u00edn a jugar a este deporte?<\/strong><\/p>\n<p class=\"ft-text\">-En el a\u00f1o 1964 jugu\u00e9 mi \u00fanico partido de baloncesto. Fue en el Campamento Paco Leis. Jugamos un partido de gente de A Estrada contra otros de Mar\u00edn. Recuerdo que en una acci\u00f3n rob\u00e9 el bal\u00f3n y met\u00ed la \u00fanica canasta que hubo en el partido. Ganamos 2-0. Ese d\u00eda decid\u00ed que no iba a volver a jugar porque no me gustaba. Luego pas\u00e9 por otros deportes. En 1966, estando internado en Peleteiro, jugu\u00e9 con el equipo de rugby. Tambi\u00e9n disput\u00e9 los Campeonatos Provinciales de la O.J.E, y logr\u00e9 la plata en lanzamiento de jabalina. En 1975 jugu\u00e9 en la liga local de f\u00fatbol sala y tambi\u00e9n particip\u00e9 en la organizaci\u00f3n de la Subida a Chantada. Soy socio del Estradense desde que mi padre me hizo en carn\u00e9 infantil. Ahora soy el n\u00famero 5.<\/p>\n<p class=\"ft-text\"><strong>-\u00bfC\u00f3mo y cu\u00e1ndo comienza su relaci\u00f3n con el EDM Estradense?<\/strong><\/p>\n<p class=\"ft-text\">-Fue en a\u00f1o 1990, cuando fundamos las escuelas y el club. El a\u00f1o anterior, el baloncesto era una secci\u00f3n dentro del Club Deportivo Estradense que presid\u00eda Alfonso Varela, pero aquello no funcion\u00f3 y se decidi\u00f3 crear un club nuevo, la Escola Deportiva Municipal de baloncesto. Su primer presidente fue Jos\u00e9 L\u00f3pez Vilari\u00f1o. Mis hijos, Alfonso y Luis, jugaban en cadetes y juveniles, y nosotros \u00edbamos a todos los partidos, as\u00ed que entramos en la directiva. Cuando Jos\u00e9 lo dej\u00f3, me incorpor\u00e9 al cargo de presidente. A partir de ah\u00ed ya nos quedamos unos pocos.<\/p>\n<p class=\"ft-text\"><strong>-Estamos hablando de 35 a\u00f1os que habr\u00e1n dado para mucho.<\/strong><\/p>\n<p class=\"ft-text\">-En aquellos primeros a\u00f1os lo pas\u00e1bamos muy bien. Recuerdo una an\u00e9cdota cuando se inaugur\u00f3 el puente de la isla de Arousa.. Al haber puente, incluyeron al equipo de all\u00ed en nuestra liga y nos toc\u00f3 ir a jugar a la isla. La primera vez que fuimos \u00edbamos todos encantados por el puente pero cuando llegamos al pabell\u00f3n detr\u00e1s nuestra no ven\u00eda el segundo coche que conduc\u00eda Pablo Canedo. Se hab\u00edan pegado un porrazo en el puente y no cayeron abajo de milagro. Los primeros que salieron tuvieron que agarrar del coche para que pudiesen salir los \u00faltimos.<\/p>\n<p class=\"ft-text\"><strong>-\u00bfC\u00f3mo era aquel primer EDM Estradense?<\/strong><\/p>\n<p class=\"ft-text\">-Desde el principio ya ten\u00edamos equipos en todas las categor\u00edas, desde infantil hasta Sub-22, y los s\u00e9nior. Lo que no hab\u00eda de aquella era el Mini Basket y las categor\u00edas m\u00e1s peque\u00f1as. En A Estrada ya hab\u00eda mucha afici\u00f3n al baloncesto de aquella.<\/p>\n<p class=\"ft-text\"><strong>-\u00bfCu\u00e1l considera que fue el mejor equipo que pas\u00f3 por el EDM Estradense?<\/strong><\/p>\n<p class=\"ft-text\">-Con diferencia, el que fue a jugar a Salamanca por el ascenso a Liga EBA en 1999, el mayor logro de este club. Estaba Jos\u00e9, el exalcade, Diego Pardal, Fran Camba, los Varela, Bilba, Miji, Taibo&#8230; Recuerdo que antes de ir a esa fase hab\u00eda la discusi\u00f3n de si pod\u00edamos ascender o no. Aquella EBA no era como la de ahora y ten\u00eda muchos gastos. Nos hac\u00eda falta un aval de 25.000 pesetas, que de aquella era mucho. Tuvimos una reuni\u00f3n en el San Onofre para debatirlo y cuando llegu\u00e9 puse encima de la mesa el aval. Todo depend\u00eda entonces de los jugadores, pero no ganamos. Se le gan\u00f3 al Burgos pero nos elimin\u00f3 Ribadavia. Es normal que perdi\u00e9semos porque hab\u00eda mucho cachondeo. Los jugadores sal\u00edan a escondidas por la noche y as\u00ed es complicado. No fue la \u00fanica vez que pas\u00f3 algo as\u00ed.<\/p>\n<p class=\"ft-text\"><strong>-Por aquel entonces no contaban sin embargo con las instalaciones que tienen ahora? <\/strong><\/p>\n<p class=\"ft-text\">No, solo estaba el Coto Ferreiro y hab\u00eda que compartirlo. Nosotros entren\u00e1bamos muchas veces en la pista de tenis que hab\u00eda al lado del pabell\u00f3n. Al aire libre. Incluso se jugaban algunos partidos all\u00ed. A pesar de eso, por aqu\u00ed pasaron grandes jugadores y especialmente grandes entrenadores, como Moncho Fern\u00e1ndez.<\/p>\n<p class=\"ft-text\"><strong>-\u00bfC\u00f3mo se gestionaba un club como este? <\/strong><\/p>\n<p class=\"ft-text\">-Nosotros ten\u00edamos la fama de que pag\u00e1bamos tarde, pero siempre pag\u00e1bamos. Hablo de los entrenadores claro, porque los jugadores nunca cobraron. Aqu\u00ed no ten\u00edan duda de que acabar\u00edan cobrando. Alguno prefer\u00eda irse por eso pero despu\u00e9s se daban cuenta de que en otros lados promet\u00edan mucho pero despu\u00e9s les quedaban meses sin cobrar. En mi caso era una gesti\u00f3n que compaginaba con mi cargo en la Federaci\u00f3n Gallega. Incluso me saqu\u00e9 los cursos de \u00e1rbitro y entrenador.<\/p>\n<p class=\"ft-text\"><strong>-El club fue adem\u00e1s creciendo con el paso de los a\u00f1os.<\/strong><\/p>\n<p class=\"ft-text\">-S\u00ed, el \u00faltimo a\u00f1o del EDM tuvimos nueve equipos en competici\u00f3n y 124 fichas. Fue la temporada que m\u00e1s tuvimos. Fuimos creciendo, a lo mejor no en calidad, al menos s\u00ed en cantidad. Hubo tambi\u00e9n \u00e9pocas en las que el equipo s\u00e9nior mov\u00eda mucha gente. La mayor parte de los jugadores eran de aqu\u00ed y ven\u00edan muchos aficionados al pabell\u00f3n.<\/p>\n<p>\u00abMi premio es ir por la calle y ver que de 50 personas que me cruzo me saludan 40\u00bb<img decoding=\"async\" src=\"https:\/\/www.europesays.com\/es\/wp-content\/uploads\/2025\/11\/179ef49f-7d89-4bbe-ab2a-bd33d1798f8b_alta-libre-aspect-ratio_default_0.jpg\" width=\"1200\" height=\"815\" alt=\"Alfonso Sanmart\u00edn\" class=\"ft-helper-img-rd\" loading=\"lazy\"\/><\/p>\n<p class=\"ft-helper-fontColor-quaternary ft-helper-fontSize-body-S ft-helper-spacer-t-xxs\">Alfonso Sanmart\u00edn  \/ Bernab\u00e9\/Javier Lal\u00edn<\/p>\n<p class=\"ft-text\"><strong>-\u00bfEl baloncesto le dio mucho?<\/strong><\/p>\n<p class=\"ft-text\">-Creo que le di m\u00e1s a baloncesto de lo que \u00e9l me dio a m\u00ed. Le di muchos a\u00f1os de mi vida y mucho esfuerzo. Detr\u00e1s de esto hab\u00eda mucho trabajo todos los a\u00f1os. Solo hacer las fichas cada temporada llevaba mucho tiempo. Pas\u00e1bamos nueve meses al a\u00f1o metidos en el Coto Ferreiro, especialmente los fines de semana. Un s\u00e1bado pod\u00edamos estar all\u00ed 14 horas.<\/p>\n<p class=\"ft-text\"><strong>-\u00bfLe da pena c\u00f3mo acab\u00f3 la a aventura del EDM Estradense?<\/strong><\/p>\n<p class=\"ft-text\">-Al contrario, fue un alivio a todos los niveles. Lo que no nos pareci\u00f3 correcto fue la forma de hacerlo. No ten\u00edan por qu\u00e9 crear un club nuevo. Yo me ofrec\u00ed a dejar la presidencia y dejar que se hiciesen cargo del EDM. Nos dijeron que el nombre del EDM no les interesaba y que pod\u00eda haber deudas detr\u00e1s a pesar que ten\u00edamos un certificado diciendo que se deb\u00eda nada.<\/p>\n<p class=\"ft-text\"><strong>-\u00bfC\u00f3mo se siente con este reconocimiento que le otorgan ahora desde el Concello?<\/strong><\/p>\n<p class=\"ft-text\">-No haces las cosas por los premios, sino porque te sale de dentro. Los que me conocen saben c\u00f3mo soy. Mi premio es ir por la calle y ver que de 50 personas que me cruzo me saludan 40. Eso no es solo del baloncesto. Todo el mundo en A Estrada sabe qui\u00e9n es Alfonso Sanmart\u00edn. All\u00ed donde fui, siempre intent\u00e9 ayudar a todos.<\/p>\n<p data-close=\"closedContent\" class=\"subscribeHideForDisplay\">Suscr\u00edbete para seguir leyendo<\/p>\n","protected":false},"excerpt":{"rendered":"Alfonso Sanmart\u00edn resta importancia al premio a su trayectoria que el Concello de A Estrada le dar\u00e1 en&hellip;\n","protected":false},"author":2,"featured_media":258646,"comment_status":"","ping_status":"","sticky":false,"template":"","format":"standard","meta":{"footnotes":""},"categories":[269],"tags":[299,298,1798,64812,168,26302,13653,25,24,27069,3294,23,167],"class_list":{"0":"post-258645","1":"post","2":"type-post","3":"status-publish","4":"format-standard","5":"has-post-thumbnail","7":"category-baloncesto","8":"tag-baloncesto","9":"tag-basketball","10":"tag-club","11":"tag-concello-de-a-estrada","12":"tag-deportes","13":"tag-di","14":"tag-dio","15":"tag-es","16":"tag-espana","17":"tag-estrada","18":"tag-le","19":"tag-spain","20":"tag-sports"},"share_on_mastodon":{"url":"https:\/\/pubeurope.com\/@es\/115622173450856581","error":""},"_links":{"self":[{"href":"https:\/\/www.europesays.com\/es\/wp-json\/wp\/v2\/posts\/258645","targetHints":{"allow":["GET"]}}],"collection":[{"href":"https:\/\/www.europesays.com\/es\/wp-json\/wp\/v2\/posts"}],"about":[{"href":"https:\/\/www.europesays.com\/es\/wp-json\/wp\/v2\/types\/post"}],"author":[{"embeddable":true,"href":"https:\/\/www.europesays.com\/es\/wp-json\/wp\/v2\/users\/2"}],"replies":[{"embeddable":true,"href":"https:\/\/www.europesays.com\/es\/wp-json\/wp\/v2\/comments?post=258645"}],"version-history":[{"count":0,"href":"https:\/\/www.europesays.com\/es\/wp-json\/wp\/v2\/posts\/258645\/revisions"}],"wp:featuredmedia":[{"embeddable":true,"href":"https:\/\/www.europesays.com\/es\/wp-json\/wp\/v2\/media\/258646"}],"wp:attachment":[{"href":"https:\/\/www.europesays.com\/es\/wp-json\/wp\/v2\/media?parent=258645"}],"wp:term":[{"taxonomy":"category","embeddable":true,"href":"https:\/\/www.europesays.com\/es\/wp-json\/wp\/v2\/categories?post=258645"},{"taxonomy":"post_tag","embeddable":true,"href":"https:\/\/www.europesays.com\/es\/wp-json\/wp\/v2\/tags?post=258645"}],"curies":[{"name":"wp","href":"https:\/\/api.w.org\/{rel}","templated":true}]}}