{"id":258659,"date":"2025-11-27T14:45:12","date_gmt":"2025-11-27T14:45:12","guid":{"rendered":"https:\/\/www.europesays.com\/es\/258659\/"},"modified":"2025-11-27T14:45:12","modified_gmt":"2025-11-27T14:45:12","slug":"valverde-esta-con-xabi-as-com","status":"publish","type":"post","link":"https:\/\/www.europesays.com\/es\/258659\/","title":{"rendered":"Valverde est\u00e1 con Xabi &#8211; AS.com"},"content":{"rendered":"<p class=\"\">El Madrid se reencontr\u00f3 con el triunfo en Atenas tras unas semanas dif\u00edciles. El equipo ven\u00eda de tres partidos sin ganar que aumentaron los rumores sobre la unidad en el vestuario y el papel de Xabi Alonso. Pero <b>en el f\u00fatbol no hay mejor b\u00e1lsamo que la victoria<\/b> y la conseguida ante Olympiacos ha servido para cerrar filas. Lo hizo Mbapp\u00e9 a\u00fan sobre el c\u00e9sped del Giorgios Karaiskakis y pasadas varias horas despu\u00e9s del partido tambi\u00e9n lo ha hecho Fede Valverde.<\/p>\n<p><a href=\"https:\/\/as.com\/resultados\/ficha\/deportista\/federico_valverde\/39151\/\" rel=\"nofollow noopener\" target=\"_blank\"><img decoding=\"async\" src=\"https:\/\/www.europesays.com\/es\/wp-content\/uploads\/2025\/11\/39151.png\" alt=\"Valverde est\u00e1 con Xabi\" height=\"80\" width=\"80\"  loading=\"lazy\" data-error-image=\"https:\/\/static.as.com\/dist\/resources\/images\/placeholder-player.png\"\/><\/a><a href=\"https:\/\/as.com\/resultados\/ficha\/equipo\/real_madrid\/1\/\" rel=\"nofollow noopener\" target=\"_blank\"><img decoding=\"async\" src=\"https:\/\/www.europesays.com\/es\/wp-content\/uploads\/2025\/11\/1764254710_618_1.png\" alt=\"Valverde est\u00e1 con Xabi\" height=\"80\" width=\"80\"  loading=\"lazy\" data-error-image=\"https:\/\/static.as.com\/dist\/resources\/images\/placeholder-team.png\"\/><\/a><\/p>\n<p class=\"\">\u201cNo siempre es f\u00e1cil, pero <b>el cuerpo t\u00e9cnico y los jugadores estamos m\u00e1s unidos que nunca\u201d, public\u00f3 el uruguayo<\/b> en Instagram junto a una imagen celebrando con Mbapp\u00e9 y Vinicius uno de los cuatro goles del franc\u00e9s en el partido.<\/p>\n<p class=\"\">Precisamente Valverde ha sido uno de los protagonistas que hab\u00edan hecho subir el volumen del runr\u00fan sobre la relaci\u00f3n de Xabi con el vestuario. El Halc\u00f3n, que <b>est\u00e1 asumiendo asiduamente el brazalete de capit\u00e1n ante la baja de Carvajal<\/b>, manifest\u00f3 en la previa del partido contra el Kairat Almaty, all\u00e1 por finales de septiembre, su malestar por tener que jugar como lateral derecho. Una posici\u00f3n que, con Trent recuperado, ya ha abandonado para regresar al centro del campo, donde en Atenas se desempe\u00f1\u00f3 como volante.<\/p>\n<p><img decoding=\"async\" src=\"https:\/\/www.europesays.com\/es\/wp-content\/uploads\/2025\/11\/4BSYOZOBY5D27HOLVVTYTILTQQ.png\" alt=\"Valverde est\u00e1 con Xabi\" height=\"550\" width=\"720\"   loading=\"lazy\"\/>El mapa de calor de Valverde contra Olympiacos.BeSoccer ProEl mensaje \u00edntegro de Valverde<\/p>\n<p class=\"\">Despu\u00e9s de una semana en la que se dijeron muchas cosas, nosotros estamos m\u00e1s unidos que nunca. Tener a Vini y a Mbapp\u00e9 es una suerte, pero contar con el mejor equipo del mundo comprometido es un honor.<\/p>\n<p class=\"\">En lo personal estoy trabajando para volver a mi mejor nivel. El m\u00edster siempre ha estado a mi lado, apoyando y haciendo todo lo posible para que siga creciendo y ayudando al equipo.<\/p>\n<p class=\"\">No siempre es f\u00e1cil, pero el cuerpo t\u00e9cnico y los jugadores estamos m\u00e1s unidos que nunca.<\/p>\n<p>Noticias relacionadas<a href=\"https:\/\/as.com\/futbol\/champions\/mbappe-debemos-protegernos-entre-nosotros-al-entrenador-y-al-staff-f202511-n\/\" class=\"s_m_w\" title=\"\u201cEn la vida, no todo es perfecto, pero estamos muy unidos\u201d, responde. Para terminar: \u201cEstamos con Xabi, se ve\u201d. No le sent\u00f3 bien que se hablase de \u2018Mbapp\u00e9dependencia\u2019\" data-tb-link=\"\" rel=\"nofollow noopener\" target=\"_blank\"><img decoding=\"async\" src=\"https:\/\/www.europesays.com\/es\/wp-content\/uploads\/2025\/11\/BB7BVAL325EGXEUUMNDW5J4YK4.JPG\" alt=\"Mbapp\u00e9: \u201c\u00bfDependencia de m\u00ed? Lo que soy es responsable, si no marco&quot;\" class=\"\" height=\"9\" width=\"16\"   loading=\"lazy\" data-tb-thumbnail=\"\"\/><\/a><a href=\"https:\/\/as.com\/futbol\/videos\/el-enganchon-de-mbappe-con-un-periodista-a-cuenta-de-la-mbappedependencia-f202511-v\/\" class=\"s_m_w\" title=\"El franc\u00e9s respondi\u00f3 de esta manera al ser preguntado por su alto impacto en los goles del Real Madrid.\" data-tb-link=\"\" rel=\"nofollow noopener\" target=\"_blank\"><img decoding=\"async\" src=\"https:\/\/www.europesays.com\/es\/wp-content\/uploads\/2025\/11\/Y6K7WUPOANHMTBD4NQCN4CJ3BA.jpg\" alt=\"Mbapp\u00e9 se \u2018engancha\u2019 con un periodista tras su p\u00f3ker en Champions: no le gust\u00f3 nada la pregunta\" class=\"\" height=\"9\" width=\"16\"   loading=\"lazy\" data-tb-thumbnail=\"\"\/><\/a><\/p>\n<p class=\"\"><b>\u00a1Tus opiniones importan!<\/b> Comenta en los art\u00edculos y suscr\u00edbete gratis a nuestra <a href=\"https:\/\/asfan.as.com\/newsletters\/\" target=\"_blank\" rel=\"nofollow noopener\" title=\"https:\/\/asfan.as.com\/newsletters\/\">newsletter<\/a> y a las alertas informativas en la <a href=\"https:\/\/as.com\/aplicacion-de-as-n\/\" target=\"_blank\" rel=\"nofollow noopener\" title=\"https:\/\/as.com\/aplicacion-de-as-n\/\">App<\/a> o el canal de <a href=\"https:\/\/www.whatsapp.com\/channel\/0029VaAasdA7j6g745nz9M10\" target=\"_blank\" rel=\"nofollow noopener\" title=\"https:\/\/www.whatsapp.com\/channel\/0029VaAasdA7j6g745nz9M10\">WhatsApp<\/a>. <\/p>\n<p class=\"\">\u00bfBuscas licenciar contenido? Haz clic <a href=\"https:\/\/profesional.elpais.com\/soluciones-sindicacion?utm_medium=interno&amp;utm_source=crosslinking&amp;utm_campaign=sindicacion_as_pie_articulos\" target=\"_blank\" rel=\"nofollow noopener\" title=\"https:\/\/profesional.elpais.com\/soluciones-sindicacion?utm_medium=interno&amp;utm_source=crosslinking&amp;utm_campaign=sindicacion_as_pie_articulos\">aqu\u00ed<\/a><\/p>\n","protected":false},"excerpt":{"rendered":"El Madrid se reencontr\u00f3 con el triunfo en Atenas tras unas semanas dif\u00edciles. El equipo ven\u00eda de tres&hellip;\n","protected":false},"author":2,"featured_media":258660,"comment_status":"","ping_status":"","sticky":false,"template":"","format":"standard","meta":{"footnotes":""},"categories":[93],"tags":[168,25,24,23,167],"class_list":{"0":"post-258659","1":"post","2":"type-post","3":"status-publish","4":"format-standard","5":"has-post-thumbnail","7":"category-deportes","8":"tag-deportes","9":"tag-es","10":"tag-espana","11":"tag-spain","12":"tag-sports"},"share_on_mastodon":{"url":"https:\/\/pubeurope.com\/@es\/115622204535588218","error":""},"_links":{"self":[{"href":"https:\/\/www.europesays.com\/es\/wp-json\/wp\/v2\/posts\/258659","targetHints":{"allow":["GET"]}}],"collection":[{"href":"https:\/\/www.europesays.com\/es\/wp-json\/wp\/v2\/posts"}],"about":[{"href":"https:\/\/www.europesays.com\/es\/wp-json\/wp\/v2\/types\/post"}],"author":[{"embeddable":true,"href":"https:\/\/www.europesays.com\/es\/wp-json\/wp\/v2\/users\/2"}],"replies":[{"embeddable":true,"href":"https:\/\/www.europesays.com\/es\/wp-json\/wp\/v2\/comments?post=258659"}],"version-history":[{"count":0,"href":"https:\/\/www.europesays.com\/es\/wp-json\/wp\/v2\/posts\/258659\/revisions"}],"wp:featuredmedia":[{"embeddable":true,"href":"https:\/\/www.europesays.com\/es\/wp-json\/wp\/v2\/media\/258660"}],"wp:attachment":[{"href":"https:\/\/www.europesays.com\/es\/wp-json\/wp\/v2\/media?parent=258659"}],"wp:term":[{"taxonomy":"category","embeddable":true,"href":"https:\/\/www.europesays.com\/es\/wp-json\/wp\/v2\/categories?post=258659"},{"taxonomy":"post_tag","embeddable":true,"href":"https:\/\/www.europesays.com\/es\/wp-json\/wp\/v2\/tags?post=258659"}],"curies":[{"name":"wp","href":"https:\/\/api.w.org\/{rel}","templated":true}]}}