{"id":258711,"date":"2025-11-27T15:24:16","date_gmt":"2025-11-27T15:24:16","guid":{"rendered":"https:\/\/www.europesays.com\/es\/258711\/"},"modified":"2025-11-27T15:24:16","modified_gmt":"2025-11-27T15:24:16","slug":"las-palabras-de-juanma-rodriguez-sobre-la-situacion-de-xavier-castaneda-en-el-unicaja","status":"publish","type":"post","link":"https:\/\/www.europesays.com\/es\/258711\/","title":{"rendered":"Las palabras de Juanma Rodr\u00edguez sobre la situaci\u00f3n de Xavier Casta\u00f1eda en el Unicaja"},"content":{"rendered":"<p>El exterior es uno de los seis jugadores cajistas que disputan estas Ventanas FIBA<\/p>\n<p>El Unicaja celebr\u00f3 una rueda de prensa para presentar a <a href=\"https:\/\/www.gigantes.com\/liga-endesa\/quien-es-augustine-rubit\/\" rel=\"nofollow noopener\" target=\"_blank\">Augustine Rubit<\/a>, su nuevo fichaje. Junto a \u00e9l estaba Juanma Rodr\u00edguez, quien tambi\u00e9n atendi\u00f3 a los medios y fue preguntado por el futuro de Xavier Casta\u00f1eda.<\/p>\n<p>Juanma Rodr\u00edguez y las posibilidades de mercado del Unicaja con Xavier Casta\u00f1eda<\/p>\n<p>\u00abNosotros siempre estamos en el mercado, por cualquier situaci\u00f3n que se pueda producir. Evidentemente, no lo escondo por estas, porque a pesar de que \u00e9l (Xavier Casta\u00f1eda), su actitud es impresionante, c\u00f3mo trabaja cada d\u00eda\u2026 pero por unas cosas u otras, las cosas no est\u00e1n saliendo. Entonces, tenemos que estar pendientes del mercado por si vemos que hay alguien que pueda mejorar esta situaci\u00f3n que tenemos aqu\u00ed. Si a eso a\u00f1adimos que a partir de hoy vamos a estar con los dedos aqu\u00ed cruzados porque empiezan los partidos de las selecciones, donde tenemos seis jugadores, m\u00e1s Marcus Moller tambi\u00e9n y una chica en el femenino. O sea, tenemos ocho jugadores del club en estas Ventanas\u2026 Claro que tenemos que estar, por la situaci\u00f3n de Xavier, que ya sabemos todos de d\u00f3nde venimos y porque siempre tenemos que estar en el mercado por cualquier cosa que pueda ocurrir. Lo que ocurre es que con el fichaje de Augustine (Rubit), que \u00e9l tiene pasaporte americano, ahora es m\u00e1s complejo encontrar un jugador espa\u00f1ol, europeo, americano con pasaporte o <a href=\"https:\/\/www.gigantes.com\/liga-endesa\/que-es-jugador-cotonou-explicacion-reglas\/\" rel=\"nofollow noopener\" target=\"_blank\">cotonou<\/a>\u2026 hay diferentes opciones, pero no son sencillas porque no hay jugadores con el suficiente nivel para poder venir a jugar aqu\u00ed o que entendamos que nos pueden ayudar y hacer mejor al equipo. En ello vamos a estar siempre, aunque esta situaci\u00f3n no se hubiese producido, tienes que estar siempre porque nunca sabes qu\u00e9 puede ocurrir\u00bb.<\/p>\n<p>\u00abCreo que tenemos que ser inteligentes tambi\u00e9n un poco. Ahora, enlazo con la respuesta anterior: tenemos seis jugadores en las ventanas, dos de ellos bases. Vamos a ver c\u00f3mo van estos partidos en las Ventanas, vamos a ver c\u00f3mo llegan esos jugadores aqu\u00ed, y en funci\u00f3n de eso tomaremos decisiones. Evidentemente, nosotros no queremos perjudicar en absoluto al chico porque est\u00e1 teniendo una actitud\u2026 Os pongo el ejemplo del partido de Zaragoza, que \u00e9l no juega en nada, y estaba -igual que el de aqu\u00ed el otro d\u00eda- celebrando cada canasta con el equipo con una actitud fant\u00e1stica. La gente lo quiere mucho dentro del equipo, muchas veces las cosas no salen y todos estamos un poco tristes por esa situaci\u00f3n. Pero hay que ser inteligentes, esperar a ver c\u00f3mo llegan todos nuestros jugadores y, en funci\u00f3n de eso, ir tomando decisiones\u00bb.<\/p>\n<p class=\"has-text-align-right\">Foto: FIBA<\/p>\n<p><img decoding=\"async\" src=\"https:\/\/www.europesays.com\/es\/wp-content\/uploads\/2025\/11\/1764257053_291_mtracking.gif\" alt=\"Etiquetas de Mautic\" style=\"display:none;\"\/><\/p>\n<p>\t\t\t\t\t\t<a href=\"https:\/\/www.gigantes.com\/tienda\/hemeroteca\/especial-40-aniversario-gigantes-del-basket-no-1-562-noviembre-2025\/\" target=\"_blank\" rel=\"noopener nofollow\"><br \/>\n\t\t\t\t\t\t\t<img decoding=\"async\" src=\"https:\/\/www.europesays.com\/es\/wp-content\/uploads\/2025\/11\/cropped-40.jpg\" alt=\"cropped-40.jpg\"\/><br \/>\n\t\t\t\t\t\t<\/a><\/p>\n<p class=\"magazine-meta\">\n\t\t\t\t\t\t\t\t\t\t\t\t\t\t\t\t\t1562<br \/>\n\t\t\t\t\t\t\t\t\t\t\t\t\t\t\t\t\t\t\t\t\t\t\t\t\t |<br \/>\n\t\t\t\t\t\t\t\t\t\t\t\t\t\t\t\t\t\t\t\t\t\t\t\t\tNoviembre 2025\n\t\t\t\t\t\t\t\t\t\t\t\t\t\t\t<\/p>\n<p class=\"magazine-description\">Testigos del baloncesto. Cumplimos 40 a\u00f1os. Una edici\u00f3n diferente, llena de curiosidades, opiniones, gui\u00f1os, historia y cari\u00f1o. Cuatro d\u00e9cadas fusionando basket y papel.<\/p>\n<p>\t\t\t\t\t<a href=\"https:\/\/www.gigantes.com\/tienda\/hemeroteca\/especial-40-aniversario-gigantes-del-basket-no-1-562-noviembre-2025\/\" class=\"btn-primary\" target=\"_blank\" rel=\"noopener nofollow\">Comprar<\/a><\/p>\n","protected":false},"excerpt":{"rendered":"El exterior es uno de los seis jugadores cajistas que disputan estas Ventanas FIBA El Unicaja celebr\u00f3 una&hellip;\n","protected":false},"author":2,"featured_media":258712,"comment_status":"","ping_status":"","sticky":false,"template":"","format":"standard","meta":{"footnotes":""},"categories":[269],"tags":[299,298,168,25,24,23,167],"class_list":{"0":"post-258711","1":"post","2":"type-post","3":"status-publish","4":"format-standard","5":"has-post-thumbnail","7":"category-baloncesto","8":"tag-baloncesto","9":"tag-basketball","10":"tag-deportes","11":"tag-es","12":"tag-espana","13":"tag-spain","14":"tag-sports"},"share_on_mastodon":{"url":"https:\/\/pubeurope.com\/@es\/115622358296136037","error":""},"_links":{"self":[{"href":"https:\/\/www.europesays.com\/es\/wp-json\/wp\/v2\/posts\/258711","targetHints":{"allow":["GET"]}}],"collection":[{"href":"https:\/\/www.europesays.com\/es\/wp-json\/wp\/v2\/posts"}],"about":[{"href":"https:\/\/www.europesays.com\/es\/wp-json\/wp\/v2\/types\/post"}],"author":[{"embeddable":true,"href":"https:\/\/www.europesays.com\/es\/wp-json\/wp\/v2\/users\/2"}],"replies":[{"embeddable":true,"href":"https:\/\/www.europesays.com\/es\/wp-json\/wp\/v2\/comments?post=258711"}],"version-history":[{"count":0,"href":"https:\/\/www.europesays.com\/es\/wp-json\/wp\/v2\/posts\/258711\/revisions"}],"wp:featuredmedia":[{"embeddable":true,"href":"https:\/\/www.europesays.com\/es\/wp-json\/wp\/v2\/media\/258712"}],"wp:attachment":[{"href":"https:\/\/www.europesays.com\/es\/wp-json\/wp\/v2\/media?parent=258711"}],"wp:term":[{"taxonomy":"category","embeddable":true,"href":"https:\/\/www.europesays.com\/es\/wp-json\/wp\/v2\/categories?post=258711"},{"taxonomy":"post_tag","embeddable":true,"href":"https:\/\/www.europesays.com\/es\/wp-json\/wp\/v2\/tags?post=258711"}],"curies":[{"name":"wp","href":"https:\/\/api.w.org\/{rel}","templated":true}]}}