{"id":258717,"date":"2025-11-27T15:27:22","date_gmt":"2025-11-27T15:27:22","guid":{"rendered":"https:\/\/www.europesays.com\/es\/258717\/"},"modified":"2025-11-27T15:27:22","modified_gmt":"2025-11-27T15:27:22","slug":"casa-jardin-lisi-architects-of-invention","status":"publish","type":"post","link":"https:\/\/www.europesays.com\/es\/258717\/","title":{"rendered":"Casa Jard\u00edn Lisi \/ Architects of Invention"},"content":{"rendered":"<p><a class=\"js-image-size__link \" href=\"https:\/\/www.archdaily.cl\/cl\/1036329\/casa-jardin-lisi-architects-of-invention\/692447854d20ca0001de5f49-lisi-garden-house-architects-of-invention-photo\" rel=\"attachment nofollow noopener\" style=\"width: 100%; height: 100%;\" target=\"_blank\"><img decoding=\"async\" alt=\"Casa Jard\u00edn Lisi \/ Architects of Invention - Imagen 1 de 22\" data-nr-picture-id=\"692447854d20ca0001de5f49\" fetchpriority=\"high\" height=\"480\" itemprop=\"image\" loading=\"eager\" longdesc=\"https:\/\/www.archdaily.cl\/cl\/1036329\/casa-jardin-lisi-architects-of-invention\/692447854d20ca0001de5f49-lisi-garden-house-architects-of-invention-photo\" src=\"https:\/\/www.europesays.com\/es\/wp-content\/uploads\/2025\/11\/72dpi-31.jpg\" style=\"min-height: var(--featured-height, auto); aspect-ratio: auto 640 \/ 480\" width=\"640\"\/><\/a>\u00a9 Grogorii Sokolinskii<\/p>\n<p class=\"thumbs afd-desktop-e clearfix\"><a class=\"thumbs__link\" data-nr-picture-id=\"692447864d20ca0001de5f4c\" href=\"https:\/\/www.archdaily.cl\/cl\/1036329\/casa-jardin-lisi-architects-of-invention\/692447864d20ca0001de5f4c-lisi-garden-house-architects-of-invention-photo\" rel=\"attachment nofollow noopener\" target=\"_blank\"><img loading=\"lazy\" decoding=\"async\" alt=\"Casa Jard\u00edn Lisi \/ Architects of Invention - Fotograf\u00eda exterior\" class=\"thumbs__img b-lazy\" data-nr-picture-id=\"692447864d20ca0001de5f4c\" data-pin-nopin=\"true\" src=\"https:\/\/www.europesays.com\/es\/wp-content\/uploads\/2025\/11\/72dpi-40.jpg\" height=\"125\" longdesc=\"https:\/\/www.archdaily.cl\/cl\/1036329\/casa-jardin-lisi-architects-of-invention\/692447864d20ca0001de5f4c-lisi-garden-house-architects-of-invention-photo\" title=\"\u00a9 Grogorii Sokolinskii\" width=\"125\"\/><\/a><a class=\"thumbs__link\" data-nr-picture-id=\"692447874d20ca0001de5f4d\" href=\"https:\/\/www.archdaily.cl\/cl\/1036329\/casa-jardin-lisi-architects-of-invention\/692447874d20ca0001de5f4d-lisi-garden-house-architects-of-invention-photo\" rel=\"attachment nofollow noopener\" target=\"_blank\"><img loading=\"lazy\" decoding=\"async\" alt=\"Casa Jard\u00edn Lisi \/ Architects of Invention - Fotograf\u00eda exterior, Balc\u00f3n\" class=\"thumbs__img b-lazy\" data-nr-picture-id=\"692447874d20ca0001de5f4d\" data-pin-nopin=\"true\" src=\"https:\/\/www.europesays.com\/es\/wp-content\/uploads\/2025\/11\/72dpi-9.jpg\" height=\"125\" longdesc=\"https:\/\/www.archdaily.cl\/cl\/1036329\/casa-jardin-lisi-architects-of-invention\/692447874d20ca0001de5f4d-lisi-garden-house-architects-of-invention-photo\" title=\"\u00a9 Grogorii Sokolinskii\" width=\"125\"\/><\/a><a class=\"thumbs__link\" data-nr-picture-id=\"692447874d20ca0001de5f4e\" href=\"https:\/\/www.archdaily.cl\/cl\/1036329\/casa-jardin-lisi-architects-of-invention\/692447874d20ca0001de5f4e-lisi-garden-house-architects-of-invention-photo\" rel=\"attachment nofollow noopener\" target=\"_blank\"><img loading=\"lazy\" decoding=\"async\" alt=\"Casa Jard\u00edn Lisi \/ Architects of Invention - Imagen 4 de 22\" class=\"thumbs__img b-lazy\" data-nr-picture-id=\"692447874d20ca0001de5f4e\" data-pin-nopin=\"true\" src=\"https:\/\/www.europesays.com\/es\/wp-content\/uploads\/2025\/11\/72dpi-20.jpg\" height=\"125\" longdesc=\"https:\/\/www.archdaily.cl\/cl\/1036329\/casa-jardin-lisi-architects-of-invention\/692447874d20ca0001de5f4e-lisi-garden-house-architects-of-invention-photo\" title=\"\u00a9 Grogorii Sokolinskii\" width=\"125\"\/><\/a><a class=\"thumbs__link\" data-nr-picture-id=\"692447854d20ca0001de5f48\" href=\"https:\/\/www.archdaily.cl\/cl\/1036329\/casa-jardin-lisi-architects-of-invention\/692447854d20ca0001de5f48-lisi-garden-house-architects-of-invention-photo\" rel=\"attachment nofollow noopener\" target=\"_blank\"><img loading=\"lazy\" decoding=\"async\" alt=\"Casa Jard\u00edn Lisi \/ Architects of Invention - Imagen 5 de 22\" class=\"thumbs__img b-lazy\" data-nr-picture-id=\"692447854d20ca0001de5f48\" data-pin-nopin=\"true\" src=\"https:\/\/www.europesays.com\/es\/wp-content\/uploads\/2025\/11\/72dpi-28.jpg\" height=\"125\" longdesc=\"https:\/\/www.archdaily.cl\/cl\/1036329\/casa-jardin-lisi-architects-of-invention\/692447854d20ca0001de5f48-lisi-garden-house-architects-of-invention-photo\" title=\"\u00a9 Grogorii Sokolinskii\" width=\"125\"\/><\/a><a class=\"gallery-link afd-desktop-e\" href=\"https:\/\/www.archdaily.cl\/cl\/1036329\/casa-jardin-lisi-architects-of-invention\/692447854d20ca0001de5f49-lisi-garden-house-architects-of-invention-photo\" rel=\"nofollow noopener\" target=\"_blank\"><img decoding=\"async\" alt=\"Casa Jard\u00edn Lisi \/ Architects of Invention - M\u00e1s Im\u00e1genes\" class=\"thumbs__img b-lazy\" src=\"https:\/\/www.europesays.com\/es\/wp-content\/uploads\/2025\/11\/72dpi-31.jpg\" itemprop=\"image\" bad-src=\"data:image\/gif;base64,R0lGODlhAQABAIAAAAUEBAAAACwAAAAAAQABAAACAkQBADs=\"\/>+ 17<\/a><\/p>\n<p>    Compartir<\/p>\n<p>Compartir<\/p>\n<ul class=\"afd-share__networks clearfix\">\n<li class=\"afd-share__social\"><a aria-label=\"Facebook\" class=\"afd-share__button\" data-insights-category=\"share\" data-insights-label=\"facebook_sharing_options\" data-insights-value=\"1036329\" data-social=\"facebook\" href=\"https:\/\/www.facebook.com\/sharer\/sharer.php?u=https:\/\/www.archdaily.cl\/cl\/1036329\/casa-jardin-lisi-architects-of-invention\" rel=\"nofollow noopener\" target=\"_blank\"><\/a>\n<p>Facebook<\/p>\n<\/li>\n<li class=\"afd-share__social\"><a aria-label=\"Twitter\" class=\"afd-share__button\" data-insights-category=\"share\" data-insights-label=\"twitter_sharing_options\" data-insights-value=\"1036329\" data-social=\"twitter\" href=\"https:\/\/twitter.com\/intent\/tweet?text=Casa%20Jard%C3%ADn%20Lisi%20%2F%20Architects%20of%20Invention&amp;url=https:\/\/www.archdaily.cl\/cl\/1036329\/casa-jardin-lisi-architects-of-invention&amp;via=parq\" rel=\"nofollow noopener\" target=\"_blank\"><\/a>\n<p>Twitter<\/p>\n<\/li>\n<li class=\"afd-share__social\"><a class=\"afd-share__button\" data-insights-category=\"share\" data-insights-label=\"email_sharing_options\" data-insights-value=\"1036329\" data-social=\"email\" href=\"mailto:?subject=Casa Jard\u00edn Lisi \/ Architects of Invention&amp;body=https:\/\/www.archdaily.cl\/cl\/1036329\/casa-jardin-lisi-architects-of-invention\"><\/a>\n<p>Mail<\/p>\n<\/li>\n<li class=\"afd-share__social\"><a aria-label=\"Pinterest\" class=\"afd-share__button\" data-insights-category=\"share\" data-insights-label=\"pinterest_sharing_options\" data-insights-value=\"1036329\" data-social=\"pinterest\" href=\"https:\/\/pinterest.com\/pin\/create\/button\/?url=https%3A%2F%2Fwww.archdaily.cl%2Fcl%2F1036329%2Fcasa-jardin-lisi-architects-of-invention&amp;media=https%3A%2F%2Fimages.adsttc.com%2Fmedia%2Fimages%2F6924%2F4785%2F4d20%2Fca00%2F01de%2F5f49%2Flarge_jpg%2F72dpi-31.jpg%3F1763985310&amp;description=Casa%20Jard%C3%ADn%20Lisi%20%2F%20Architects%20of%20Invention\" rel=\"nofollow noopener\" target=\"_blank\"><\/a>\n<p>Pinterest<\/p>\n<\/li>\n<li class=\"afd-share__social\"><a aria-label=\"Whatsapp\" class=\"afd-share__button\" data-action=\"share\/whatsapp\/share\" data-insights-category=\"share\" data-insights-label=\"whatsapp_sharing_options\" data-insights-value=\"1036329\" data-social=\"whatsapp\" href=\"whatsapp:\/\/send?text=Casa+Jard%C3%ADn+Lisi+%2F+Architects+of+Invention+%7C+https%3A%2F%2Fwww.archdaily.cl%2Fcl%2F1036329%2Fcasa-jardin-lisi-architects-of-invention%3Futm_source%3DWhatsapp%26utm_medium%3DIM%26utm_campaign%3Dshare-button\" rel=\"nofollow\"><\/a>\n<p>Whatsapp<\/p>\n<\/li>\n<\/ul>\n<p>O<\/p>\n<p>https:\/\/www.archdaily.cl\/cl\/1036329\/casa-jardin-lisi-architects-of-invention<\/p>\n<p>  Portapapeles<\/p>\n<p>              \u00abCOPY\u00bb<\/p>\n<p>Copiar<\/p>\n<ul class=\"afd-char-list afd-specs__item-container js-char-list\" wp_automatic_readability=\"-1.6521739130435\">\n<li class=\"afd-specs__item\">\n<\/li>\n<li class=\"afd-specs__item\">\n  \u00c1rea<br \/>\n  \u00c1rea del proyecto de arquitectura <\/p>\n<p>\u00c1rea:\u00a0<br \/>\n        <a href=\"https:\/\/www.archdaily.cl\/search\/cl\/projects\/min_area\/9200\/max_area\/13800?ad_name=project-specs&amp;ad_medium=single\" rel=\"nofollow noopener\" target=\"_blank\">11500<\/a> m\u00b2<\/li>\n<li class=\"afd-specs__item\">\n<p>  A\u00f1o<br \/>\n  A\u00f1o del Proyecto de arquitectura<\/p>\n<p>            A\u00f1o:\u00a0<\/p>\n<p>                    <a href=\"https:\/\/www.archdaily.cl\/search\/cl\/projects\/year\/2025?ad_name=project-specs&amp;ad_medium=single\" rel=\"nofollow noopener\" target=\"_blank\"><br \/>\n          2025<br \/>\n        <\/a><\/p>\n<\/li>\n<li class=\"afd-specs__item\">\n<p>  Fot\u00f3grafos<\/p>\n<\/li>\n<li class=\"afd-specs__item\" wp_automatic_readability=\"-1\">\n<p>  Proveedores<br \/>\n  Marcas y productos usados en este proyecto de arquitectura<\/p>\n<p>Proveedores: \u00a0Reynaers Aluminium<\/p>\n<\/li>\n<\/ul>\n<p><a class=\"js-image-size__link lazy-anchor\" href=\"https:\/\/www.archdaily.cl\/cl\/1036329\/casa-jardin-lisi-architects-of-invention\/692447864d20ca0001de5f4c-lisi-garden-house-architects-of-invention-photo\" rel=\"nofollow noopener\" target=\"_blank\"><img decoding=\"async\" alt=\"Casa Jard\u00edn Lisi \/ Architects of Invention - Fotograf\u00eda exterior\" data-nr-picture-id=\"692447864d20ca0001de5f4c\" height=\"427\" itemprop=\"image\" loading=\"lazy\" longdesc=\"https:\/\/www.archdaily.cl\/cl\/1036329\/casa-jardin-lisi-architects-of-invention\/692447864d20ca0001de5f4c-lisi-garden-house-architects-of-invention-photo\" src=\"https:\/\/www.europesays.com\/es\/wp-content\/uploads\/2025\/11\/1764257237_762_72dpi-40.jpg\" width=\"640\"\/>\u00a9 Grogorii Sokolinskii<\/a><\/p>\n<p>Resumen &#8211; \u00a0El edificio de siete plantas est\u00e1 concebido como una estructura modular, en la que todos los componentes, pero no todos los m\u00f3dulos completos, se construyen fuera de la obra. Esto representa una innovaci\u00f3n significativa dentro de la arquitectura georgiana, donde la construcci\u00f3n fuera del sitio sigue siendo emergente.<\/p>\n<p><a class=\"js-image-size__link lazy-anchor\" href=\"https:\/\/www.archdaily.cl\/cl\/1036329\/casa-jardin-lisi-architects-of-invention\/692447874d20ca0001de5f4d-lisi-garden-house-architects-of-invention-photo\" rel=\"nofollow noopener\" target=\"_blank\"><img decoding=\"async\" alt=\"Casa Jard\u00edn Lisi \/ Architects of Invention - Fotograf\u00eda exterior, Balc\u00f3n\" data-nr-picture-id=\"692447874d20ca0001de5f4d\" height=\"427\" itemprop=\"image\" loading=\"lazy\" longdesc=\"https:\/\/www.archdaily.cl\/cl\/1036329\/casa-jardin-lisi-architects-of-invention\/692447874d20ca0001de5f4d-lisi-garden-house-architects-of-invention-photo\" src=\"https:\/\/www.europesays.com\/es\/wp-content\/uploads\/2025\/11\/1764257238_225_72dpi-9.jpg\" width=\"640\"\/>\u00a9 Grogorii Sokolinskii<\/a><\/p>\n<p>Inspirado en el collage \u00abHighrise of Homes\u00bb de James Wines, con sus espacios habitables similares a invernaderos, y en \u00abColumbarium Habitable\u00bb de Brodsky &amp; Utkin, el proyecto imagina casas con jardines apiladas para formar un \u00fanico bloque residencial. Las salas de estar modulares alternan vol\u00famenes ovalados y rectangulares, generando un ritmo vertical a lo largo de la cuadr\u00edcula de la fachada. Como evoluci\u00f3n de la visi\u00f3n de Wines, la Casa Jard\u00edn incorpora amplias terrazas que fomentan la plantaci\u00f3n al aire libre y ampl\u00edan el espacio habitable hacia el paisaje. En esencia, el proyecto celebra la individualidad dentro de un marco colectivo: una comunidad vertical donde los residentes disfrutan de la privacidad, la luz natural y la vegetaci\u00f3n que suelen asociarse con la vida suburbana, pero en una configuraci\u00f3n urbana compacta. Desaf\u00eda las tipolog\u00edas convencionales de apartamentos al priorizar la generosidad espacial, la luz natural y las conexiones fluidas con el exterior.<\/p>\n<p><a class=\"js-image-size__link lazy-anchor\" href=\"https:\/\/www.archdaily.cl\/cl\/1036329\/casa-jardin-lisi-architects-of-invention\/692447884d20ca0001de5f52-lisi-garden-house-architects-of-invention-ground-floor-plan\" rel=\"nofollow noopener\" target=\"_blank\"><img decoding=\"async\" alt=\"Casa Jard\u00edn Lisi \/ Architects of Invention - Imagen 13 de 22\" data-nr-picture-id=\"692447884d20ca0001de5f52\" height=\"427\" itemprop=\"image\" loading=\"lazy\" longdesc=\"https:\/\/www.archdaily.cl\/cl\/1036329\/casa-jardin-lisi-architects-of-invention\/692447884d20ca0001de5f52-lisi-garden-house-architects-of-invention-ground-floor-plan\" src=\"https:\/\/www.europesays.com\/es\/wp-content\/uploads\/2025\/11\/AI-GE009-Lisi-020_Page_03.jpg\" width=\"640\"\/>Plan &#8211; Terreno<\/a><\/p>\n<p>Descripci\u00f3n General &#8211; Situado al noroeste de Tiflis, en el distrito de Saburtalo, el emplazamiento ocupa una ladera inclinada cerca del lago Lisi, desde donde se disfruta de unas amplias vistas de la ciudad. Dentro de un plan maestro dise\u00f1ado por varios estudios internacionales, Architects of Invention, Ricardo Bofill y UN Studio, Casa Jard\u00edn es uno de los varios bloques residenciales de entre 5 y 7 plantas situados junto a viviendas unifamiliares.<\/p>\n<p><a class=\"js-image-size__link lazy-anchor\" href=\"https:\/\/www.archdaily.cl\/cl\/1036329\/casa-jardin-lisi-architects-of-invention\/692447874d20ca0001de5f4e-lisi-garden-house-architects-of-invention-photo\" rel=\"nofollow noopener\" target=\"_blank\"><img decoding=\"async\" alt=\"Casa Jard\u00edn Lisi \/ Architects of Invention - Imagen 4 de 22\" data-nr-picture-id=\"692447874d20ca0001de5f4e\" height=\"427\" itemprop=\"image\" loading=\"lazy\" longdesc=\"https:\/\/www.archdaily.cl\/cl\/1036329\/casa-jardin-lisi-architects-of-invention\/692447874d20ca0001de5f4e-lisi-garden-house-architects-of-invention-photo\" src=\"https:\/\/www.europesays.com\/es\/wp-content\/uploads\/2025\/11\/1764257239_222_72dpi-20.jpg\" width=\"640\"\/>\u00a9 Grogorii Sokolinskii<\/a><\/p>\n<p>El edificio cuenta con 42 unidades distribuidas en siete plantas residenciales diferenciadas, con locales comerciales en la planta baja y estacionamiento subterr\u00e1neo. Verticalmente, el edificio est\u00e1 dividido en tres bloques, cada uno con una escalera y un n\u00facleo de ascensor que da servicio a dos unidades por piso. Los apartamentos t\u00edpicos ofrecen vistas duales hacia el este y el oeste, mientras que los niveles superiores albergan d\u00faplex m\u00e1s amplios. La orientaci\u00f3n maximiza las vistas panor\u00e1micas hacia Tiflis y las colinas occidentales. La fachada alterna geometr\u00edas planas y curvas, creando una expresi\u00f3n escultural que responde a la luz y cambia a lo largo del d\u00eda.<\/p>\n<p><a class=\"js-image-size__link lazy-anchor\" href=\"https:\/\/www.archdaily.cl\/cl\/1036329\/casa-jardin-lisi-architects-of-invention\/692447854d20ca0001de5f48-lisi-garden-house-architects-of-invention-photo\" rel=\"nofollow noopener\" target=\"_blank\"><img decoding=\"async\" alt=\"Casa Jard\u00edn Lisi \/ Architects of Invention - Imagen 5 de 22\" data-nr-picture-id=\"692447854d20ca0001de5f48\" height=\"427\" itemprop=\"image\" loading=\"lazy\" longdesc=\"https:\/\/www.archdaily.cl\/cl\/1036329\/casa-jardin-lisi-architects-of-invention\/692447854d20ca0001de5f48-lisi-garden-house-architects-of-invention-photo\" src=\"https:\/\/www.europesays.com\/es\/wp-content\/uploads\/2025\/11\/1764257240_668_72dpi-28.jpg\" width=\"640\"\/>\u00a9 Grogorii Sokolinskii<\/a><\/p>\n<p>Concepto, Contexto y Estrategia &#8211; Desarrollado dentro de un Plan Regulador de Desarrollo (DRP), el proyecto responde a estrictos par\u00e1metros que regulan la altura, la huella y la volumetr\u00eda. Dentro de estas limitaciones, el equipo de dise\u00f1o adopt\u00f3 un enfoque que cumpl\u00eda con las exigencias normativas y, al mismo tiempo, reinventaba la densidad mediante una elegante disposici\u00f3n apilada de \u00abcasas jard\u00edn\u00bb modulares, cada una de ellas optimizada para aprovechar la luz natural, la ventilaci\u00f3n y el espacio exterior. Las normas de seguridad contra incendios, concretamente, la superficie m\u00e1xima permitida de 500 m\u00b2 por n\u00facleo de evacuaci\u00f3n, motivaron la divisi\u00f3n vertical tripartita. Esta medida basada en el c\u00f3digo tambi\u00e9n mejor\u00f3 la experiencia del usuario al reducir la circulaci\u00f3n compartida y fomentar la creaci\u00f3n de grupos semiprivados de viviendas.<\/p>\n<p><a class=\"js-image-size__link lazy-anchor\" href=\"https:\/\/www.archdaily.cl\/cl\/1036329\/casa-jardin-lisi-architects-of-invention\/692447894d20ca0001de5f5a-lisi-garden-house-architects-of-invention-section-a\" rel=\"nofollow noopener\" target=\"_blank\"><img decoding=\"async\" alt=\"Casa Jard\u00edn Lisi \/ Architects of Invention - Imagen 21 de 22\" data-nr-picture-id=\"692447894d20ca0001de5f5a\" height=\"427\" itemprop=\"image\" loading=\"lazy\" longdesc=\"https:\/\/www.archdaily.cl\/cl\/1036329\/casa-jardin-lisi-architects-of-invention\/692447894d20ca0001de5f5a-lisi-garden-house-architects-of-invention-section-a\" src=\"https:\/\/www.europesays.com\/es\/wp-content\/uploads\/2025\/11\/AI-GE009-Lisi-020_Page_11.jpg\" width=\"640\"\/>Corte A<\/a><\/p>\n<p>Los dise\u00f1os de doble orientaci\u00f3n garantizan que cada apartamento se beneficie de ventilaci\u00f3n cruzada natural y de las vistas contrastantes de la ciudad y la ladera. Las \u00absalas acristaladas\u00bb semicerradas que dan a la ciudad permiten acceder al espacio exterior durante todo el a\u00f1o, mientras que los amplios balcones, perfeccionados tras negociar con el desarrollador, se convirtieron en un elemento distintivo del proyecto. El terreno inclinado permite una integraci\u00f3n discreta del estacionamiento y eleva los pisos residenciales para mejorar las vistas, lo que da como resultado una forma modular pero expresiva que equilibra la respuesta ambiental, la normativa y la calidad de vida.<\/p>\n<p><a class=\"js-image-size__link lazy-anchor\" href=\"https:\/\/www.archdaily.cl\/cl\/1036329\/casa-jardin-lisi-architects-of-invention\/692447854d20ca0001de5f47-lisi-garden-house-architects-of-invention-photo\" rel=\"nofollow noopener\" target=\"_blank\"><img decoding=\"async\" alt=\"Casa Jard\u00edn Lisi \/ Architects of Invention - Fotograf\u00eda exterior\" data-nr-picture-id=\"692447854d20ca0001de5f47\" height=\"427\" itemprop=\"image\" loading=\"lazy\" longdesc=\"https:\/\/www.archdaily.cl\/cl\/1036329\/casa-jardin-lisi-architects-of-invention\/692447854d20ca0001de5f47-lisi-garden-house-architects-of-invention-photo\" src=\"https:\/\/www.europesays.com\/es\/wp-content\/uploads\/2025\/11\/72dpi-10.jpg\" width=\"640\"\/>\u00a9 Grogorii Sokolinskii<\/a><\/p>\n<p>Construcci\u00f3n, Materiales y Estructura &#8211; Casa Jard\u00edn Lisi emplea un sistema estructural h\u00edbrido de concreto y acero. Tres n\u00facleos de hormig\u00f3n armado estabilizan el edificio, mientras que las losas reticulares triangulares de hormig\u00f3n reducen el uso de materiales, mejoran el rendimiento de carga y aumentan la masa t\u00e9rmica para la regulaci\u00f3n energ\u00e9tica pasiva. La fachada combina paneles de doble acristalamiento en delgados marcos de aluminio con \u00e1reas de hormig\u00f3n a la vista y vidrio pintado por detr\u00e1s donde es necesario para la continuidad visual. Las terrazas est\u00e1n revestidas con losas de m\u00e1rmol blanco, lo que refuerza una paleta de materiales sobria y duradera. La sostenibilidad est\u00e1 integrada a trav\u00e9s de la prefabricaci\u00f3n fuera del sitio, la reducci\u00f3n de residuos y la resiliencia a largo plazo de los materiales. La claridad estructural del edificio, su envoltura eficiente y los acabados de bajo mantenimiento lo establecen como un modelo contempor\u00e1neo y sostenible para la vivienda georgiana.<\/p>\n<p><a class=\"js-image-size__link lazy-anchor\" href=\"https:\/\/www.archdaily.cl\/cl\/1036329\/casa-jardin-lisi-architects-of-invention\/692447854d20ca0001de5f4a-lisi-garden-house-architects-of-invention-photo\" rel=\"nofollow noopener\" target=\"_blank\"><img decoding=\"async\" alt=\"Casa Jard\u00edn Lisi \/ Architects of Invention - Fotograf\u00eda exterior, Balc\u00f3n\" data-nr-picture-id=\"692447854d20ca0001de5f4a\" height=\"427\" itemprop=\"image\" loading=\"lazy\" longdesc=\"https:\/\/www.archdaily.cl\/cl\/1036329\/casa-jardin-lisi-architects-of-invention\/692447854d20ca0001de5f4a-lisi-garden-house-architects-of-invention-photo\" src=\"https:\/\/www.europesays.com\/es\/wp-content\/uploads\/2025\/11\/72dpi-55.jpg\" width=\"640\"\/>\u00a9 Grogorii Sokolinskii<\/a><script async src=\"https:\/\/platform.twitter.com\/widgets.js\" charset=\"utf-8\"><\/script><\/p>\n","protected":false},"excerpt":{"rendered":"\u00a9 Grogorii Sokolinskii + 17 Compartir Compartir Facebook Twitter Mail Pinterest Whatsapp O https:\/\/www.archdaily.cl\/cl\/1036329\/casa-jardin-lisi-architects-of-invention Portapapeles \u00abCOPY\u00bb Copiar \u00c1rea&hellip;\n","protected":false},"author":2,"featured_media":258718,"comment_status":"","ping_status":"","sticky":false,"template":"","format":"standard","meta":{"footnotes":""},"categories":[173],"tags":[801,802,229,233,231,230,232,234,146,147,25,24,23,64825],"class_list":{"0":"post-258717","1":"post","2":"type-post","3":"status-publish","4":"format-standard","5":"has-post-thumbnail","7":"category-arte-y-diseno","8":"tag-arquitectura","9":"tag-arquitectura-residencial","10":"tag-arte","11":"tag-arte-y-diseno","12":"tag-arts","13":"tag-arts-and-design","14":"tag-design","15":"tag-diseno","16":"tag-entertainment","17":"tag-entretenimiento","18":"tag-es","19":"tag-espana","20":"tag-spain","21":"tag-tbilisi"},"share_on_mastodon":{"url":"https:\/\/pubeurope.com\/@es\/115622369907527786","error":""},"_links":{"self":[{"href":"https:\/\/www.europesays.com\/es\/wp-json\/wp\/v2\/posts\/258717","targetHints":{"allow":["GET"]}}],"collection":[{"href":"https:\/\/www.europesays.com\/es\/wp-json\/wp\/v2\/posts"}],"about":[{"href":"https:\/\/www.europesays.com\/es\/wp-json\/wp\/v2\/types\/post"}],"author":[{"embeddable":true,"href":"https:\/\/www.europesays.com\/es\/wp-json\/wp\/v2\/users\/2"}],"replies":[{"embeddable":true,"href":"https:\/\/www.europesays.com\/es\/wp-json\/wp\/v2\/comments?post=258717"}],"version-history":[{"count":0,"href":"https:\/\/www.europesays.com\/es\/wp-json\/wp\/v2\/posts\/258717\/revisions"}],"wp:featuredmedia":[{"embeddable":true,"href":"https:\/\/www.europesays.com\/es\/wp-json\/wp\/v2\/media\/258718"}],"wp:attachment":[{"href":"https:\/\/www.europesays.com\/es\/wp-json\/wp\/v2\/media?parent=258717"}],"wp:term":[{"taxonomy":"category","embeddable":true,"href":"https:\/\/www.europesays.com\/es\/wp-json\/wp\/v2\/categories?post=258717"},{"taxonomy":"post_tag","embeddable":true,"href":"https:\/\/www.europesays.com\/es\/wp-json\/wp\/v2\/tags?post=258717"}],"curies":[{"name":"wp","href":"https:\/\/api.w.org\/{rel}","templated":true}]}}