{"id":258727,"date":"2025-11-27T15:33:10","date_gmt":"2025-11-27T15:33:10","guid":{"rendered":"https:\/\/www.europesays.com\/es\/258727\/"},"modified":"2025-11-27T15:33:10","modified_gmt":"2025-11-27T15:33:10","slug":"el-consumo-de-alimentos-ultra-procesados-se-triplica-en-los-ultimos-anos","status":"publish","type":"post","link":"https:\/\/www.europesays.com\/es\/258727\/","title":{"rendered":"El consumo de alimentos ultra procesados se triplica en los \u00faltimos a\u00f1os"},"content":{"rendered":"<p>                                                        Los expertos alertan de los riegos para la salud p\u00fablica: obesidad, diabetes y depresi\u00f3n<\/p>\n<p>El consumo de ultra procesados en Espa\u00f1a ha pasado del 11 al 30% en 20 a\u00f1os, lejos del 60% de pa\u00edses como Estaods Unidos. Son alimentos con aditivos industriales, ricos en az\u00facar, sal y grasa.<\/p>\n<p>Detr\u00e1s de estos productos, grandes empresas como Nestl\u00e9, Pepsi o Coca-Cola. La consecuencia, riesgos para la salud p\u00fablica.<\/p>\n<p>Como soluci\u00f3n promover, por ejemplo, medidas fiscales para abaratar los productos frescos e, igual que hacemos dedicando tiempo al gimnasio por salud, hacerlo tambi\u00e9n en la cocina para cuidarnos.<\/p>\n","protected":false},"excerpt":{"rendered":"Los expertos alertan de los riegos para la salud p\u00fablica: obesidad, diabetes y depresi\u00f3n El consumo de ultra&hellip;\n","protected":false},"author":2,"featured_media":258728,"comment_status":"","ping_status":"","sticky":false,"template":"","format":"standard","meta":{"footnotes":""},"categories":[92],"tags":[25,24,165,166,23],"class_list":{"0":"post-258727","1":"post","2":"type-post","3":"status-publish","4":"format-standard","5":"has-post-thumbnail","7":"category-salud","8":"tag-es","9":"tag-espana","10":"tag-health","11":"tag-salud","12":"tag-spain"},"share_on_mastodon":{"url":"https:\/\/pubeurope.com\/@es\/115622393183644829","error":""},"_links":{"self":[{"href":"https:\/\/www.europesays.com\/es\/wp-json\/wp\/v2\/posts\/258727","targetHints":{"allow":["GET"]}}],"collection":[{"href":"https:\/\/www.europesays.com\/es\/wp-json\/wp\/v2\/posts"}],"about":[{"href":"https:\/\/www.europesays.com\/es\/wp-json\/wp\/v2\/types\/post"}],"author":[{"embeddable":true,"href":"https:\/\/www.europesays.com\/es\/wp-json\/wp\/v2\/users\/2"}],"replies":[{"embeddable":true,"href":"https:\/\/www.europesays.com\/es\/wp-json\/wp\/v2\/comments?post=258727"}],"version-history":[{"count":0,"href":"https:\/\/www.europesays.com\/es\/wp-json\/wp\/v2\/posts\/258727\/revisions"}],"wp:featuredmedia":[{"embeddable":true,"href":"https:\/\/www.europesays.com\/es\/wp-json\/wp\/v2\/media\/258728"}],"wp:attachment":[{"href":"https:\/\/www.europesays.com\/es\/wp-json\/wp\/v2\/media?parent=258727"}],"wp:term":[{"taxonomy":"category","embeddable":true,"href":"https:\/\/www.europesays.com\/es\/wp-json\/wp\/v2\/categories?post=258727"},{"taxonomy":"post_tag","embeddable":true,"href":"https:\/\/www.europesays.com\/es\/wp-json\/wp\/v2\/tags?post=258727"}],"curies":[{"name":"wp","href":"https:\/\/api.w.org\/{rel}","templated":true}]}}