{"id":258731,"date":"2025-11-27T15:35:10","date_gmt":"2025-11-27T15:35:10","guid":{"rendered":"https:\/\/www.europesays.com\/es\/258731\/"},"modified":"2025-11-27T15:35:10","modified_gmt":"2025-11-27T15:35:10","slug":"one-ui-8-5-solucionara-a-los-moviles-samsung-el-mayor-problema-de-su-modo-noche-en-la-interfaz-de-usuario","status":"publish","type":"post","link":"https:\/\/www.europesays.com\/es\/258731\/","title":{"rendered":"One UI 8.5 solucionar\u00e1 a los m\u00f3viles Samsung el mayor problema de su \u00abmodo noche\u00bb en la interfaz de usuario"},"content":{"rendered":"<p>Los usuarios podr\u00e1n disfrutar de un \u00abmodo noche\u00bb mejorado en su dise\u00f1o<\/p>\n<p><img decoding=\"async\" fetchpriority=\"high\" width=\"768\" height=\"432\" alt=\"One UI 8.5 solucionar\u00e1 a los m\u00f3viles Samsung el mayor problema de su &quot;modo noche&quot; en la interfaz de usuario\" src=\"https:\/\/www.europesays.com\/es\/wp-content\/uploads\/2025\/11\/samsung-mejora-la-conexion-movil-en-one-ui-8.5-ia-para-cambiar-entre-wifi-y-datos-moviles-sin-cortes.jpeg\"\/> One UI 8.5 est\u00e1 siendo una actualizaci\u00f3n muy esperada por much\u00edsimos usuarios de m\u00f3viles Samsung Galaxy<\/p>\n<p>\u00danete a la conversaci\u00f3n<\/p>\n<p><strong>One UI 8.5<\/strong>, la pr\u00f3xima gran actualizaci\u00f3n de la capa de personalizaci\u00f3n de los <a href=\"https:\/\/andro4all.com\/oneui\/una-de-las-mejores-funciones-de-one-ui-8-5-no-llegara-a-todos-los-moviles-de-samsung\" rel=\"nofollow noopener\" target=\"_blank\">m\u00f3viles Samsung bajo Android 16<\/a>, realizar\u00e1 progresos en m\u00faltiples \u00e1mbitos que incluyen tambi\u00e9n la experiencia de usuario con <strong>la interfaz del \u00abmodo noche\u00bb<\/strong>. Este modo, que permite oscurecer las im\u00e1genes y recursos en pantalla para ofrecer un brillo m\u00e1s tenue y suave en horas nocturnas, <strong>ser\u00e1 por tanto mejor que nunca<\/strong> mejorando los problemas que ten\u00eda a nivel de dise\u00f1o.<\/p>\n<p>Un \u00abmodo noche\u00bb con m\u00e1s cohesi\u00f3n que nunca<\/p>\n<p>Si bien el modo noche es muy popular entre <strong>usuarios que no les gusta sentirse deslumbrados<\/strong> por el brillo de la pantalla, Samsung, <a href=\"https:\/\/andro4all.com\/samsung-galaxy-s\/los-samsung-galaxy-s22-se-actualizan-a-android-16-con-one-ui-8\" rel=\"nofollow noopener\" target=\"_blank\">incluso en One UI 8<\/a>, no hab\u00eda llevado a cabo <strong>un dise\u00f1o del todo uniforme<\/strong> en cuanto a los recursos visibles. La muestra m\u00e1s cara de ello eran <strong>las burbujas de aplicaciones<\/strong>, que segu\u00edan siendo de tonos claros y luminosos, incluso con el modo noche activado. Ahora, sin embargo, eso cambiar\u00e1, y las burbujas de dichas aplicaciones <strong>tambi\u00e9n se oscurecer\u00e1n<\/strong> junto al resto de elementos en pantalla.<\/p>\n<p>As\u00ed lo ha dejado ver <a href=\"https:\/\/x.com\/GalaxyTechie\/status\/1993696970196566469\" rel=\"noopener nofollow\" target=\"_blank\">el insider GalaxyTechie<\/a> a trav\u00e9s de redes sociales, mostrando que, en One UI 8.5, el modo noche <strong>har\u00e1 oscurecer las burbujas de aplicaciones<\/strong>, y no solamente elementos generales de la interfaz. Por tanto, <strong>este cambio en el \u00abmodo noche\u00bb ser\u00e1 bastante visible<\/strong>, en especial para los usuarios que lo utilicen con mayor asiduidad.<\/p>\n<blockquote class=\"twitter-tweet\">\n<p lang=\"en\" dir=\"ltr\">Samsung is finally working on dark app icons in One UI 8.5. Some apps are changing their background to black when dark mode is enabled. The icons have a 3D shadow in both light and dark modes. I will share the .png files of all the new icons, as many of them are yet undiscovered. <a href=\"https:\/\/t.co\/Y4lXWdFG7L\" rel=\"noopener nofollow\" target=\"_blank\">pic.twitter.com\/Y4lXWdFG7L<\/a><\/p>\n<p>\u2014 Galaxy Techie (@GalaxyTechie) <a href=\"https:\/\/twitter.com\/GalaxyTechie\/status\/1993696970196566469?ref_src=twsrc%5Etfw\" rel=\"noopener nofollow\" target=\"_blank\">November 26, 2025<\/a><\/p><\/blockquote>\n<p>One UI 8.5, cada vez m\u00e1s cerca<\/p>\n<p>Aunque todav\u00eda no se ha dejado ver en gran medida, se espera que, antes de acabar el a\u00f1o, haya betas comenzando a rodar en algunos de los m\u00f3viles m\u00e1s punteros del mercado. Asimismo, <strong>desde los primeros meses de 2026<\/strong>, esta versi\u00f3n 8.5 de One UI comenzar\u00e1 a <strong>llegar gradualmente a todos los m\u00f3viles de Samsung<\/strong> modernos, empezando por los m\u00e1s recientes y de mayor gama, y llegando poco a poco a los dem\u00e1s modelos que a\u00fan se mantienen <strong>dentro de su pol\u00edtica de actualizaciones<\/strong>.<\/p>\n<p>\u00danete a la conversaci\u00f3n<\/p>\n<p>    <script async src=\"https:\/\/platform.twitter.com\/widgets.js\" charset=\"utf-8\"><\/script><\/p>\n","protected":false},"excerpt":{"rendered":"Los usuarios podr\u00e1n disfrutar de un \u00abmodo noche\u00bb mejorado en su dise\u00f1o One UI 8.5 est\u00e1 siendo una&hellip;\n","protected":false},"author":2,"featured_media":258732,"comment_status":"","ping_status":"","sticky":false,"template":"","format":"standard","meta":{"footnotes":""},"categories":[81],"tags":[119,123,124,25,24,117,121,122,23,118,120],"class_list":{"0":"post-258731","1":"post","2":"type-post","3":"status-publish","4":"format-standard","5":"has-post-thumbnail","7":"category-ciencia-y-tecnologia","8":"tag-ciencia","9":"tag-ciencia-y-tecnologia","10":"tag-cienciaytecnologia","11":"tag-es","12":"tag-espana","13":"tag-science","14":"tag-science-and-technology","15":"tag-scienceandtechnology","16":"tag-spain","17":"tag-technology","18":"tag-tecnologia"},"share_on_mastodon":{"url":"https:\/\/pubeurope.com\/@es\/115622400957288693","error":""},"_links":{"self":[{"href":"https:\/\/www.europesays.com\/es\/wp-json\/wp\/v2\/posts\/258731","targetHints":{"allow":["GET"]}}],"collection":[{"href":"https:\/\/www.europesays.com\/es\/wp-json\/wp\/v2\/posts"}],"about":[{"href":"https:\/\/www.europesays.com\/es\/wp-json\/wp\/v2\/types\/post"}],"author":[{"embeddable":true,"href":"https:\/\/www.europesays.com\/es\/wp-json\/wp\/v2\/users\/2"}],"replies":[{"embeddable":true,"href":"https:\/\/www.europesays.com\/es\/wp-json\/wp\/v2\/comments?post=258731"}],"version-history":[{"count":0,"href":"https:\/\/www.europesays.com\/es\/wp-json\/wp\/v2\/posts\/258731\/revisions"}],"wp:featuredmedia":[{"embeddable":true,"href":"https:\/\/www.europesays.com\/es\/wp-json\/wp\/v2\/media\/258732"}],"wp:attachment":[{"href":"https:\/\/www.europesays.com\/es\/wp-json\/wp\/v2\/media?parent=258731"}],"wp:term":[{"taxonomy":"category","embeddable":true,"href":"https:\/\/www.europesays.com\/es\/wp-json\/wp\/v2\/categories?post=258731"},{"taxonomy":"post_tag","embeddable":true,"href":"https:\/\/www.europesays.com\/es\/wp-json\/wp\/v2\/tags?post=258731"}],"curies":[{"name":"wp","href":"https:\/\/api.w.org\/{rel}","templated":true}]}}