{"id":258742,"date":"2025-11-27T15:45:27","date_gmt":"2025-11-27T15:45:27","guid":{"rendered":"https:\/\/www.europesays.com\/es\/258742\/"},"modified":"2025-11-27T15:45:27","modified_gmt":"2025-11-27T15:45:27","slug":"abu-dhabi-esta-en-una-montana-para-pogacar","status":"publish","type":"post","link":"https:\/\/www.europesays.com\/es\/258742\/","title":{"rendered":"Abu Dhabi est\u00e1 en una monta\u00f1a para Poga\u010dar"},"content":{"rendered":"<p data-start=\"151\" data-end=\"640\">Uno ya no sabe d\u00f3nde acaba el ciclismo moderno y d\u00f3nde empieza la ciencia ficci\u00f3n.<\/p>\n<p data-start=\"151\" data-end=\"640\">Resulta que en Abu Dhabi, esa ciudad a medio camino entre el desierto y el centro comercial infinito, <strong>est\u00e1n levantando una monta\u00f1a<\/strong>.<\/p>\n<p><a class=\"wppaslink\" href=\"https:\/\/joanseguidor.com\/pas\/ccmm-valenciana\/44016\/0\" target=\"_blank\" rel=\"nofollow noopener\"><img decoding=\"async\" src=\"data:image\/svg+xml,%3Csvg%20xmlns=\" http:=\"\" alt=\"CCMM Valenciana\" border=\"0\" data-lazy-src=\"https:\/\/www.europesays.com\/es\/wp-content\/uploads\/2025\/11\/1764258323_742_tl-joanseguidorcom-1024x140-1.png\"\/><\/a><\/p>\n<p data-start=\"151\" data-end=\"640\">S\u00ed, una monta\u00f1a. Artificial. De arena.<\/p>\n<p data-start=\"151\" data-end=\"640\">Y no, no es un rumor nacido en un foro de conspiranoicos: es real.<\/p>\n<p data-start=\"151\" data-end=\"640\">Y crece a\u00f1o tras a\u00f1o, <strong>como si alguien hubiese decidido que el desierto necesita su propio Galibier<\/strong>\u2026 justo a tiempo para que cierto esloveno siga ampliando su vitrina.<\/p>\n<p data-start=\"642\" data-end=\"1002\"><strong><a href=\"https:\/\/velo.outsideonline.com\/road\/road-racing\/uae-artificial-mountain-suits-pogacar\/\" target=\"_blank\" rel=\"noopener nofollow\">Leemos<\/a> que la llaman Al Wathba Mountain, y cada edici\u00f3n del UAE Tour aparece un poco m\u00e1s alta<\/strong>, un poco m\u00e1s larga, un poco m\u00e1s \u201cPoga\u010dar fit\u201d.<\/p>\n<p data-start=\"642\" data-end=\"1002\">Sprinters como Tim Merlier ya no saben si re\u00edr o llorar: <strong>ese mundial en Abu Dhabi 2028 que todos vend\u00edan como \u201cel d\u00eda del hombre r\u00e1pido\u201d empieza a parecerse sospechosamente a una encerrona<\/strong>.<\/p>\n<p data-start=\"1004\" data-end=\"1427\"><strong>Porque claro, hace una d\u00e9cada que los velocistas no huelen un arco\u00edris.<\/strong><\/p>\n<p data-start=\"1004\" data-end=\"1427\">Fue Peter Sagan en Qatar.<\/p>\n<p data-start=\"1004\" data-end=\"1427\">Doha 2016 queda ya muy lejos, y entre Montr\u00e9al, Sallanches y ahora esta especie de \u201cAlpes de Abu Dhabi\u201d, la cosa no mejora. Merlier lo dice con una mezcla de resignaci\u00f3n y lucidez: \u201c<strong>Cada generaci\u00f3n de sprinters deber\u00eda tener una oportunidad real de ser campe\u00f3n del mundo<\/strong>. Creo que la m\u00eda no llegar\u00e1 nunca\u201d. Y uno no puede evitar asentir. Y suspirar.<\/p>\n<p data-start=\"1429\" data-end=\"1686\">Mientras tanto, el Al Wathba crece.<\/p>\n<p data-start=\"1429\" data-end=\"1686\">Primero eran 1,4 km al 6%.<\/p>\n<p data-start=\"1429\" data-end=\"1686\">Luego ser\u00e1n 2 km.<\/p>\n<p data-start=\"1429\" data-end=\"1686\">En 2028, si los documentos internos que cita la prensa son de fiar, ser\u00e1 <strong>un muro de casi 4 km al 6,5%, con un final al 13%<\/strong>.<\/p>\n<p data-start=\"1429\" data-end=\"1686\">Vamos, lo justo para que Poga\u010dar rompa la carrera.<\/p>\n<p data-start=\"1688\" data-end=\"2066\">Nos dicen que la colina naci\u00f3 para alterar corrientes de aire y provocar lluvia.<\/p>\n<p data-start=\"1688\" data-end=\"2066\"><a href=\"https:\/\/www.turismodecastellon.com\/es\/que-hacer\/rutaCicloturismo\" rel=\"nofollow noopener\" target=\"_blank\"><img loading=\"lazy\" decoding=\"async\" class=\"aligncenter wp-image-66569 size-medium\" src=\"data:image\/svg+xml,%3Csvg%20xmlns=\" http:=\"\" alt=\"\" width=\"300\" height=\"293\" data-lazy- data-lazy- data-lazy-src=\"https:\/\/www.europesays.com\/es\/wp-content\/uploads\/2025\/10\/bn-castellon-cycling-1024x1000-3-300x293.gif\"\/><\/a><\/p>\n<p data-start=\"1688\" data-end=\"2066\">Luego se convirti\u00f3 en atracci\u00f3n tur\u00edstica para quienes ya hab\u00edan agotado la oferta de sol, compras y camellos.<\/p>\n<p data-start=\"1688\" data-end=\"2066\">Y ahora, por lo visto, va camino de ser la herramienta definitiva para que el h\u00e9roe local \u2014porque con un contrato de 50 millones bien puede considerarse local\u2014 tenga su mundial a medida.<\/p>\n<p data-start=\"2068\" data-end=\"2400\" data-is-last-node=\"\" data-is-only-node=\"\">Uno mira todo esto y no sabe si admirarlo o alzarlo como ejemplo de hasta d\u00f3nde hemos llegado. Crear monta\u00f1as para crear campeones.<\/p>\n<p data-start=\"2068\" data-end=\"2400\" data-is-last-node=\"\" data-is-only-node=\"\">El ciclismo siempre fue un deporte de sufrimiento y naturaleza salvaje, pero era la naturaleza la que marcaba la pauta. Hoy la pauta la marca una excavadora.<\/p>\n<p data-start=\"2068\" data-end=\"2400\" data-is-last-node=\"\" data-is-only-node=\"\">Y aqu\u00ed, francamente, seguimos sin dar cr\u00e9dito.<\/p>\n<p data-start=\"2068\" data-end=\"2400\" data-is-last-node=\"\" data-is-only-node=\"\"><strong><a href=\"https:\/\/terresdelebre.travel\/cycling\/es\/deportivo\" target=\"_blank\" rel=\"noopener nofollow\"><img loading=\"lazy\" decoding=\"async\" class=\"aligncenter\" src=\"data:image\/svg+xml,%3Csvg%20xmlns=\" http:=\"\" alt=\"\" width=\"1024\" height=\"400\" data-lazy-src=\"https:\/\/www.europesays.com\/es\/wp-content\/uploads\/2025\/10\/1024x400-cicloturisme-joanseguidor.jpg\"\/><\/a><\/strong><\/p>\n","protected":false},"excerpt":{"rendered":"Uno ya no sabe d\u00f3nde acaba el ciclismo moderno y d\u00f3nde empieza la ciencia ficci\u00f3n. Resulta que en&hellip;\n","protected":false},"author":2,"featured_media":258743,"comment_status":"","ping_status":"","sticky":false,"template":"","format":"standard","meta":{"footnotes":""},"categories":[273],"tags":[313,312,168,25,24,2548,23,167,64839],"class_list":{"0":"post-258742","1":"post","2":"type-post","3":"status-publish","4":"format-standard","5":"has-post-thumbnail","7":"category-ciclismo","8":"tag-ciclismo","9":"tag-cycling","10":"tag-deportes","11":"tag-es","12":"tag-espana","13":"tag-featured","14":"tag-spain","15":"tag-sports","16":"tag-tadej-popgacar"},"share_on_mastodon":{"url":"https:\/\/pubeurope.com\/@es\/115622439997720425","error":""},"_links":{"self":[{"href":"https:\/\/www.europesays.com\/es\/wp-json\/wp\/v2\/posts\/258742","targetHints":{"allow":["GET"]}}],"collection":[{"href":"https:\/\/www.europesays.com\/es\/wp-json\/wp\/v2\/posts"}],"about":[{"href":"https:\/\/www.europesays.com\/es\/wp-json\/wp\/v2\/types\/post"}],"author":[{"embeddable":true,"href":"https:\/\/www.europesays.com\/es\/wp-json\/wp\/v2\/users\/2"}],"replies":[{"embeddable":true,"href":"https:\/\/www.europesays.com\/es\/wp-json\/wp\/v2\/comments?post=258742"}],"version-history":[{"count":0,"href":"https:\/\/www.europesays.com\/es\/wp-json\/wp\/v2\/posts\/258742\/revisions"}],"wp:featuredmedia":[{"embeddable":true,"href":"https:\/\/www.europesays.com\/es\/wp-json\/wp\/v2\/media\/258743"}],"wp:attachment":[{"href":"https:\/\/www.europesays.com\/es\/wp-json\/wp\/v2\/media?parent=258742"}],"wp:term":[{"taxonomy":"category","embeddable":true,"href":"https:\/\/www.europesays.com\/es\/wp-json\/wp\/v2\/categories?post=258742"},{"taxonomy":"post_tag","embeddable":true,"href":"https:\/\/www.europesays.com\/es\/wp-json\/wp\/v2\/tags?post=258742"}],"curies":[{"name":"wp","href":"https:\/\/api.w.org\/{rel}","templated":true}]}}