{"id":258755,"date":"2025-11-27T15:56:09","date_gmt":"2025-11-27T15:56:09","guid":{"rendered":"https:\/\/www.europesays.com\/es\/258755\/"},"modified":"2025-11-27T15:56:09","modified_gmt":"2025-11-27T15:56:09","slug":"el-hospital-nuestra-senora-de-gracia-de-zaragoza-acoge-dos-jornadas-de-vacunacion-sin-cita-este-fin-de-semana","status":"publish","type":"post","link":"https:\/\/www.europesays.com\/es\/258755\/","title":{"rendered":"El Hospital Nuestra Se\u00f1ora de Gracia de Zaragoza acoge dos jornadas de vacunaci\u00f3n sin cita este fin de semana"},"content":{"rendered":"<p class=\"paragraph\">El consejero de Sanidad del Gobierno de Arag\u00f3n, Jos\u00e9 Luis Bancalero Flores, ha anunciado la realizaci\u00f3n de dos jornadas de vacunaci\u00f3n sin cita frente a la gripe y la COVID este fin de semana, en el Hospital Nuestra Se\u00f1ora de Gracia de Zaragoza. Tendr\u00e1n lugar el s\u00e1bado y el domingo, de 9:00 a 19:00 horas y est\u00e1n dirigidas a poblaci\u00f3n diana.<\/p>\n<p class=\"paragraph\">El consejero de Sanidad se ha pronunciado as\u00ed tras vacunarse en su centro de salud frente a la gripe. Seg\u00fan ha explicado, la principal medida preventiva ante la gripe y la COVID es la vacunaci\u00f3n, si se pertenece a uno de los grupos que la tienen recomendada.<\/p>\n<p class=\"paragraph\">\u201cEl objetivo de las jornadas sin cita es hacerla m\u00e1s accesible la vacunaci\u00f3n y facilitar la conciliaci\u00f3n familiar\u201d, ha dicho Bancalero. El a\u00f1o pasado se implant\u00f3 por primera vez en Arag\u00f3n la vacunaci\u00f3n sin cita. Este a\u00f1o, se ofrece este mes de noviembre, ante el adelanto de la epidemia de gripe, que se ha declarado este lunes, 24 de noviembre, en Arag\u00f3n, con especial incidencia en la provincia de Zaragoza y, sobre todo, en la ciudad de Zaragoza.<\/p>\n<p class=\"paragraph\">Seg\u00fan los \u00faltimos datos, correspondientes a la semana pasada, la Comunidad Aut\u00f3noma registra 63,4 casos de gripe por cada 100.000, cuando el umbral epid\u00e9mico est\u00e1 fijado en 59,6 casos. La semana anterior, del 10 al 16 de noviembre, la incidencia fue de 40,63 casos por 100.000.<\/p>\n<p class=\"paragraph\">Por provincias, la incidencia est\u00e1 en estos momentos as\u00ed:<\/p>\n<ul>\n<li>Zaragoza: 76,1 por 100.000.<\/li>\n<li>\u200bHuesca: 28,9 por 100.000.<\/li>\n<li>\u200bTeruel: 30,7 por 100.000.<\/li>\n<\/ul>\n<p class=\"paragraph\">El consejero ha subrayado que el Centro Europeo de Control de Enfermedades ha recomendado este a\u00f1o adelantar la vacunaci\u00f3n lo m\u00e1ximo posible dado que se ha adelantado la situaci\u00f3n de epidemia y por la presencia de la nueva cepa subclado K del virus de la gripe A (H3N2), que podr\u00eda provocar un cuadro peor que en a\u00f1os anteriores.<\/p>\n<p class=\"paragraph\">Bancalero ha recordado tambi\u00e9n que esta semana se ha elevado el nivel de riesgo del 1 al 2 en la provincia de Zaragoza puesto que ha tenido lugar un ascenso muy importante de casos de gripe. Se mantiene el nivel 1 en Huesca y Teruel.<\/p>\n<p class=\"paragraph\">\u201cQuiero animar a toda la poblaci\u00f3n diana de la campa\u00f1a de vacunaci\u00f3n 2025-2026, especialmente los mayores de 60 a\u00f1os y los ni\u00f1os, a que se vacunen de gripe en sus centros de salud\u201d, ha concluido el consejero.<\/p>\n<p class=\"paragraph\"><strong>GRUPOS DE POBLACI\u00d3N DIANA PARA VACUNARSE FRENTE A LA GRIPE<\/strong><\/p>\n<p class=\"paragraph\">Los grupos de poblaci\u00f3n diana para vacunarse frente a gripe son:<\/p>\n<p class=\"paragraph\">A.- Por el mayor riesgo de complicaciones o cuadros graves en caso de padecer estas infecciones:<\/p>\n<p class=\"paragraph\">1. Personas de 60 a\u00f1os o m\u00e1s.<\/p>\n<p class=\"paragraph\">2. Poblaci\u00f3n infantil entre 6 meses y 7 a\u00f1os de edad (incluidos).<\/p>\n<p class=\"paragraph\">3. Personas menores de 60 a\u00f1os de edad con condiciones de riesgo.<\/p>\n<p class=\"paragraph\">4. Embarazadas en cualquier trimestre de gestaci\u00f3n y mujeres durante el puerperio (hasta los 6 meses tras el parto y que no se hayan vacunado durante el embarazo).<\/p>\n<p class=\"paragraph\">5. Personas de 8 a 18 a\u00f1os de edad que reciben tratamiento prolongado con \u00e1cido acetilsalic\u00edlico, por la posibilidad de desarrollar un s\u00edndrome de Reye tras la gripe.<\/p>\n<p class=\"paragraph\">B. Para reducir el impacto y el mantenimiento de servicios cr\u00edticos y esenciales a la comunidad:<\/p>\n<p class=\"paragraph\">6. Personal de centros sanitarios y sociosanitarios p\u00fablicos y privados (tanto sanitarios, como no sanitarios, excepto estudiantes en los que solo se recomienda vacunaci\u00f3n frente a la gripe).<\/p>\n<p class=\"paragraph\">7. Personas que trabajan en servicios p\u00fablicos esenciales, con especial \u00e9nfasis en los siguientes subgrupos: Fuerzas y Cuerpos de Seguridad del Estado, con dependencia nacional, auton\u00f3mica o local. Bomberos. Servicios de protecci\u00f3n civil.<\/p>\n<p class=\"paragraph\">C. Personas que pueden transmitir la gripe a aquellas que tienen riesgo de presentar complicaciones en caso de padecerla:<\/p>\n<p class=\"paragraph\">8. Personas que proporcionen cuidados domiciliarios y convivientes con pacientes recogidos en el apartado A, incluyendo a los cuidadores principales y convivientes de los menores de 6 meses.<\/p>\n<p class=\"paragraph\">9. Personal y estudiantes en pr\u00e1cticas en centros sanitarios y sociosanitarios, p\u00fablicos y privados.<\/p>\n<p class=\"paragraph\">D.\u00a0Otros grupos de riesgo:<\/p>\n<p class=\"paragraph\">10. Personal de guarder\u00edas y centros de educaci\u00f3n infantil (hasta los 6 a\u00f1os).<\/p>\n<p class=\"paragraph\">11. Personas con exposici\u00f3n laboral directa a animales o a sus secreciones en granjas o explotaciones av\u00edcolas, porcinas o de visones o a fauna silvestre (aves, jabal\u00edes o must\u00e9lidos), como ganaderos, veterinarios, trabajadores de granjas, cazadores, ornit\u00f3logos, agentes de medioambiente o personal de zool\u00f3gicos.\u00a0<\/p>\n<p class=\"paragraph\">La finalidad es reducir la oportunidad de infecci\u00f3n concomitante de virus humano y aviar o porcino, disminuyendo la posibilidad de recombinaci\u00f3n o intercambio gen\u00e9tico entre ambos virus.<\/p>\n<p class=\"paragraph\">Para la campa\u00f1a de gripe de este a\u00f1o, Arag\u00f3n ha adquirido un total de 419.000 dosis por valor de 3,8 millones de euros.\u00a0<\/p>\n<p class=\"paragraph\"><strong>VACUNACI\u00d3N FRENTE A LA COVID-19<\/strong><\/p>\n<p class=\"paragraph\">La principal novedad de esta campa\u00f1a 2025-2026 se refiere a los grupos a los que se recomienda esta vacunaci\u00f3n, siguiendo las indicaciones fijadas a nivel nacional. En concreto,\u00a0se acota la edad de recomendaci\u00f3n a los 70 a\u00f1os o m\u00e1s.<\/p>\n<p class=\"paragraph\">Adem\u00e1s, se eliminan algunos grupos de riesgo a los que se recomendaba la vacunaci\u00f3n anteriormente como: f\u00edstula de l\u00edquido cefalorraqu\u00eddeo, implante coclear, enfermedad cel\u00edaca, enfermedad inflamatoria cr\u00f3nica, alcoholismo y mujeres durante el puerperio; y se rebaja la recomendaci\u00f3n de vacunaci\u00f3n en grupos profesionales.<\/p>\n<p class=\"paragraph\">\u00c9stos son los grupos de poblaci\u00f3n a los que se recomienda la vacunaci\u00f3n frente a COVID-19 durante la campa\u00f1a 2025-2026:<\/p>\n<p class=\"paragraph\">Por el mayor riesgo de complicaciones o cuadros graves en cado de padecer esta infecci\u00f3n:<\/p>\n<p class=\"paragraph\">1. Personas de 70 o m\u00e1s a\u00f1os de edad.<\/p>\n<p class=\"paragraph\">2. Personas con especial vulnerabilidad: inmunosupresi\u00f3n (incluyendo las inmunodeficiencias primarias y la originada por la infecci\u00f3n por VIH o por f\u00e1rmacos, as\u00ed como en los receptores de trasplantes, CAR-T y d\u00e9ficit de complemento).<\/p>\n<p class=\"paragraph\">3. Personas internas en centros de discapacidad, residencias de mayores y residentes en instituciones cerradas.<\/p>\n<p class=\"paragraph\">4. Personas a partir de 12 a\u00f1os de edad pertenecientes a grupos de riesgo o con inmunosupresi\u00f3n grave.<\/p>\n<p class=\"paragraph\">5. Todas las embarazadas en cualquier trimestre de gestaci\u00f3n.<\/p>\n<p class=\"paragraph\">6. Personas entre 6 meses y 11 a\u00f1os de edad con condiciones asociadas con un aumento importante de riesgo de enfermedad grave (trasplante de progenitores).<\/p>\n<p class=\"paragraph\"><strong>NIVELES DE RIESGO 1 Y 2<\/strong><\/p>\n<p class=\"paragraph\">La semana pasada se declar\u00f3 el nivel de riesgo 1 en todo Arag\u00f3n,\u00a0en aplicaci\u00f3n del protocolo del Gobierno de Arag\u00f3n de escenarios de riesgo y recomendaciones frente a la gripe.\u00a0Por lo que respecta al nivel de riesgo 2, se ha establecido esta semana para la provincia de Zaragoza y supone que se intensifican las recomendaciones y se aprueba una orden del consejero de Sanidad, Jos\u00e9 Luis Bancalero Flores, que se refiere especialmente al uso de las mascarillas.<\/p>\n<p class=\"paragraph\">Dicha orden se va a publicar en el Bolet\u00edn Oficial de Arag\u00f3n este mi\u00e9rcoles, 26 de noviembre. Entrar\u00e1 en vigor en la provincia de Zaragoza de forma inmediata, mientras que en las provincias de Huesca y Teruel ser\u00e1 de aplicaci\u00f3n cuando se supere el umbral epid\u00e9mico.<\/p>\n<p class=\"paragraph\">Las recomendaciones generales son:<\/p>\n<ul>\n<li>Vacunaci\u00f3n a grupos diana.<\/li>\n<li>\u200bIntensificar la higiene de manos.<\/li>\n<li>\u200bVentilar los espacios interiores.<\/li>\n<li>\u200bProteger a los m\u00e1s vulnerables.<\/li>\n<li>\u200bUsar mascarilla seg\u00fan las recomendaciones de Salud P\u00fablica.<\/li>\n<\/ul>\n<p class=\"paragraph\">Respecto al uso de mascarillas, en el nivel 1 de riesgo existen las siguientes recomendaciones:<\/p>\n<ul>\n<li>Recomendaci\u00f3n general en espacios cerrados con aglomeraci\u00f3n, como transporte p\u00fablico.<\/li>\n<li>\u200bRecomendaci\u00f3n a personas con sintomatolog\u00eda respiratoria.<\/li>\n<li>\u200bResidencias: Recomendaci\u00f3n de uso de mascarillas para trabajadores de los centros residenciales que presten atenci\u00f3n directa.<\/li>\n<li>\u200bAtenci\u00f3n Primaria: Recomendaci\u00f3n de uso a trabajadores, pacientes y acompa\u00f1antes.<\/li>\n<li>\u200bHospitales: Recomendaci\u00f3n a pacientes y familiares en urgencias, plantas o servicios con pacientes vulnerables, oncolog\u00eda, hematolog\u00eda y UCI.<\/li>\n<li>Recomendaci\u00f3n a profesionales en determinados servicios o en todo el centro, seg\u00fan situaci\u00f3n asistencial. En todo caso, se han de seguir las indicaciones de los servicios de Medicina Preventiva y Prevenci\u00f3n de Riesgos Laborales de cada sector.<\/li>\n<\/ul>\n<p class=\"paragraph\">Respecto al uso de mascarillas, en el nivel 2 de riesgo existen las siguientes recomendaciones:<\/p>\n<ul>\n<li>M\u00e1xima recomendaci\u00f3n de uso de mascarilla por parte de los profesionales que prestan servicios en los centros sanitarios, sociosanitarios y centros de servicios sociales especializados, durante cualquier actividad que suponga atenci\u00f3n directa a la ciudadan\u00eda, como medida de autoprotecci\u00f3n y para evitar contagios.<\/li>\n<li>\u200bSe autoriza a la direcci\u00f3n de estos centros a establecer como obligatorio el uso de la mascarilla para los profesionales citados, cuando se considere necesario en funci\u00f3n de su evaluaci\u00f3n de riesgo, plan espec\u00edfico de actuaci\u00f3n o plan de contingencia, en su\u00a0caso.<\/li>\n<li>\u200bSe establece como altamente recomendable el uso de la mascarilla al resto de profesionales de estos centros en el ejercicio de cualquier otra actividad que no suponga atenci\u00f3n directa a la ciudadan\u00eda y se desarrolle en esos centros, as\u00ed como a pacientes y usuarios.<\/li>\n<li>\u200bSe establece como altamente recomendable el uso de mascarilla para la ciudadan\u00eda como medida de protecci\u00f3n en el acceso a los centros sanitarios, sociosanitarios y centros de servicios sociales especializados, as\u00ed como en espacios interiores con aglomeraciones de personas. Se recuerda que no est\u00e1 recomendado el uso de mascarilla en menores de 6 a\u00f1os de edad.<\/li>\n<\/ul>\n<p>Fuente: Gobierno de Arag\u00f3n<\/p>\n","protected":false},"excerpt":{"rendered":"El consejero de Sanidad del Gobierno de Arag\u00f3n, Jos\u00e9 Luis Bancalero Flores, ha anunciado la realizaci\u00f3n de dos&hellip;\n","protected":false},"author":2,"featured_media":258756,"comment_status":"","ping_status":"","sticky":false,"template":"","format":"standard","meta":{"footnotes":""},"categories":[92],"tags":[25,24,165,166,23],"class_list":{"0":"post-258755","1":"post","2":"type-post","3":"status-publish","4":"format-standard","5":"has-post-thumbnail","7":"category-salud","8":"tag-es","9":"tag-espana","10":"tag-health","11":"tag-salud","12":"tag-spain"},"share_on_mastodon":{"url":"https:\/\/pubeurope.com\/@es\/115622483393467515","error":""},"_links":{"self":[{"href":"https:\/\/www.europesays.com\/es\/wp-json\/wp\/v2\/posts\/258755","targetHints":{"allow":["GET"]}}],"collection":[{"href":"https:\/\/www.europesays.com\/es\/wp-json\/wp\/v2\/posts"}],"about":[{"href":"https:\/\/www.europesays.com\/es\/wp-json\/wp\/v2\/types\/post"}],"author":[{"embeddable":true,"href":"https:\/\/www.europesays.com\/es\/wp-json\/wp\/v2\/users\/2"}],"replies":[{"embeddable":true,"href":"https:\/\/www.europesays.com\/es\/wp-json\/wp\/v2\/comments?post=258755"}],"version-history":[{"count":0,"href":"https:\/\/www.europesays.com\/es\/wp-json\/wp\/v2\/posts\/258755\/revisions"}],"wp:featuredmedia":[{"embeddable":true,"href":"https:\/\/www.europesays.com\/es\/wp-json\/wp\/v2\/media\/258756"}],"wp:attachment":[{"href":"https:\/\/www.europesays.com\/es\/wp-json\/wp\/v2\/media?parent=258755"}],"wp:term":[{"taxonomy":"category","embeddable":true,"href":"https:\/\/www.europesays.com\/es\/wp-json\/wp\/v2\/categories?post=258755"},{"taxonomy":"post_tag","embeddable":true,"href":"https:\/\/www.europesays.com\/es\/wp-json\/wp\/v2\/tags?post=258755"}],"curies":[{"name":"wp","href":"https:\/\/api.w.org\/{rel}","templated":true}]}}