{"id":258764,"date":"2025-11-27T16:04:20","date_gmt":"2025-11-27T16:04:20","guid":{"rendered":"https:\/\/www.europesays.com\/es\/258764\/"},"modified":"2025-11-27T16:04:20","modified_gmt":"2025-11-27T16:04:20","slug":"isabel-rodriguez-apuesta-por-que-europa-permita-a-los-estados-miembros-prohibir-la-compra-especulativa-de-viviendas","status":"publish","type":"post","link":"https:\/\/www.europesays.com\/es\/258764\/","title":{"rendered":"Isabel Rodr\u00edguez apuesta por que Europa permita a los Estados miembros prohibir la compra especulativa de viviendas"},"content":{"rendered":"<p>La ministra de Vivienda y Agenda Urbana, Isabel Rodr\u00edguez, apuesta por que Europa permita a los Estados miembros actuar en zonas tensionadas afectadas por la subida descontrolada de los precios y la tensi\u00f3n tur\u00edstica. Entre esas medidas, est\u00e1n que se proh\u00edba la compraventa especulativa de viviendas y la venta a &#8216;fondos buitre&#8217; de vivienda protegida.<\/p>\n<p>As\u00ed lo ha trasladado en un encuentro de trabajo con el consejero de Obras P\u00fablicas, Vivienda y Movilidad del Gobierno de Canarias, Pablo Rodr\u00edguez, al que tambi\u00e9n han asistido el secretario de Estado de Vivienda y Agenda Urbana, David Lucas, y el director general de Vivienda y Suelo, Javier Mart\u00edn.<\/p>\n<p>La ministra y el consejero han tratado otros asuntos de inter\u00e9s, entre los que se encuentra el Plan Estatal de Vivienda, la declaraci\u00f3n de Las Palmas de Gran Canaria como zona de mercado tensionada de vivienda, la necesidad de regular el mercado del alquiler tur\u00edstico y los avances de las inversiones del Ministerio en Canarias.<\/p>\n<p>Plan Estatal de Vivienda<\/p>\n<p>El Gobierno de Espa\u00f1a transferir\u00e1 a Canarias en los pr\u00f3ximos cinco a\u00f1os 222,6 millones de euros para pol\u00edticas p\u00fablicas de vivienda. Eso supone que la inversi\u00f3n total supondr\u00e1 un incremento del 373% respecto al Plan Estatal que est\u00e1 en vigor.<\/p>\n<p>En su tramitaci\u00f3n, el Ministerio y Canarias han acordado incluir diferentes peticiones del Ejecutivo auton\u00f3mico. Entre ellas, la financiaci\u00f3n de los gastos de gesti\u00f3n e implantaci\u00f3n del Plan con sus propios fondos, mejoras en las ayudas destinadas a combatir la despoblaci\u00f3n y a movilizar viviendas vac\u00edas, y una mayor flexibilizaci\u00f3n de las ayudas para j\u00f3venes, entre otras.<\/p>\n<p>Regulaci\u00f3n para garantizar el alquiler residencial<\/p>\n<p>Rodr\u00edguez ha apostado en la reuni\u00f3n con priorizar el alquiler residencial sobre otras modalidades. As\u00ed, ha defendido una regulaci\u00f3n valiente del alquiler tur\u00edstico y la necesidad de avanzar en la declaraci\u00f3n de Las Palmas de Gran Canaria como zona de mercado tensionada de vivienda.<\/p>\n<p><img decoding=\"async\" alt=\"La ministra de Vivienda y Agenda Urbana, Isabel Rodr\u00edguez, en una imagen de archivo\" title=\"La ministra de Vivienda y Agenda Urbana, Isabel Rodr\u00edguez, en una imagen de archivo\" src=\"https:\/\/www.europesays.com\/es\/wp-content\/uploads\/2025\/11\/280624-isabel-rodriguez.JPG\"\/><\/p>\n<p id=\"ctl00_PlaceHolderMain_DisplayMode_noticia_pImageCaption\" class=\"media-captionContainer rs_skip\">La ministra de Vivienda y Agenda Urbana, Isabel Rodr\u00edguez. (Foto de archivo)<\/p>\n<ul id=\"ctl00_PlaceHolderMain_DisplayMode_noticia_list_banner_home\" class=\"list-banner list-banner-no-border\">&#13;<\/p>\n<li class=\"BannerLi\">&#13;<a title=\"Datos actualizados y ayudas del Plan de Respuesta Inmediata, Reconstrucci\u00f3n y Relanzamiento\" href=\"https:\/\/www.lamoncloa.gob.es\/info-dana\/Paginas\/index.aspx\" rel=\"nofollow noopener\" target=\"_blank\"><img decoding=\"async\" title=\"Datos actualizados y ayudas del Plan de Respuesta Inmediata, Reconstrucci\u00f3n y Relanzamiento\" src=\"https:\/\/www.europesays.com\/es\/wp-content\/uploads\/2025\/10\/banner-noticias-dana.png\" alt=\"Datos actualizados y ayudas del Plan de Respuesta Inmediata, Reconstrucci\u00f3n y Relanzamiento\"\/><\/a>&#13;<\/li>\n<p>&#13;<\/ul>\n","protected":false},"excerpt":{"rendered":"La ministra de Vivienda y Agenda Urbana, Isabel Rodr\u00edguez, apuesta por que Europa permita a los Estados miembros&hellip;\n","protected":false},"author":2,"featured_media":258765,"comment_status":"","ping_status":"","sticky":false,"template":"","format":"standard","meta":{"footnotes":""},"categories":[5],"tags":[517,17,18,25,24,13,14,11,19,20,9,10,15,16,2330,23,12,21,22,64853],"class_list":{"0":"post-258764","1":"post","2":"type-post","3":"status-publish","4":"format-standard","5":"has-post-thumbnail","7":"category-titulares","8":"tag-actualidad","9":"tag-breaking-news","10":"tag-breakingnews","11":"tag-es","12":"tag-espana","13":"tag-featured-news","14":"tag-featurednews","15":"tag-headlines","16":"tag-latest-news","17":"tag-latestnews","18":"tag-news","19":"tag-noticias","20":"tag-noticias-destacadas","21":"tag-noticiasdestacadas","22":"tag-prensa","23":"tag-spain","24":"tag-titulares","25":"tag-ultimas-noticias","26":"tag-ultimasnoticias","27":"tag-vivienda-y-agenda-urbana"},"share_on_mastodon":{"url":"https:\/\/pubeurope.com\/@es\/115622515126491232","error":""},"_links":{"self":[{"href":"https:\/\/www.europesays.com\/es\/wp-json\/wp\/v2\/posts\/258764","targetHints":{"allow":["GET"]}}],"collection":[{"href":"https:\/\/www.europesays.com\/es\/wp-json\/wp\/v2\/posts"}],"about":[{"href":"https:\/\/www.europesays.com\/es\/wp-json\/wp\/v2\/types\/post"}],"author":[{"embeddable":true,"href":"https:\/\/www.europesays.com\/es\/wp-json\/wp\/v2\/users\/2"}],"replies":[{"embeddable":true,"href":"https:\/\/www.europesays.com\/es\/wp-json\/wp\/v2\/comments?post=258764"}],"version-history":[{"count":0,"href":"https:\/\/www.europesays.com\/es\/wp-json\/wp\/v2\/posts\/258764\/revisions"}],"wp:featuredmedia":[{"embeddable":true,"href":"https:\/\/www.europesays.com\/es\/wp-json\/wp\/v2\/media\/258765"}],"wp:attachment":[{"href":"https:\/\/www.europesays.com\/es\/wp-json\/wp\/v2\/media?parent=258764"}],"wp:term":[{"taxonomy":"category","embeddable":true,"href":"https:\/\/www.europesays.com\/es\/wp-json\/wp\/v2\/categories?post=258764"},{"taxonomy":"post_tag","embeddable":true,"href":"https:\/\/www.europesays.com\/es\/wp-json\/wp\/v2\/tags?post=258764"}],"curies":[{"name":"wp","href":"https:\/\/api.w.org\/{rel}","templated":true}]}}