{"id":258816,"date":"2025-11-27T16:44:08","date_gmt":"2025-11-27T16:44:08","guid":{"rendered":"https:\/\/www.europesays.com\/es\/258816\/"},"modified":"2025-11-27T16:44:08","modified_gmt":"2025-11-27T16:44:08","slug":"un-estudio-espanol-identifica-marcadores-que-anticiparian-el-cancer-en-personas-con-vih","status":"publish","type":"post","link":"https:\/\/www.europesays.com\/es\/258816\/","title":{"rendered":"Un estudio espa\u00f1ol identifica marcadores que anticipar\u00edan el c\u00e1ncer en personas con VIH"},"content":{"rendered":"<p>            <a href=\"https:\/\/gacetamedica.com\/wp-content\/uploads\/2025\/11\/unnamed-2.jpg\" data-caption=\"\" rel=\"nofollow noopener\" target=\"_blank\"><img loading=\"lazy\" decoding=\"async\" width=\"696\" height=\"418\" class=\"entry-thumb td-modal-image\" src=\"https:\/\/www.europesays.com\/es\/wp-content\/uploads\/2025\/11\/unnamed-2-696x418.jpg\"   alt=\"\" title=\"GeSIDA\"\/><\/a><\/p>\n<p>Un estudio desarrollado expertos vinculados a <a href=\"https:\/\/gacetamedica.com\/investigacion\/espana-registra-una-incidencia-de-vih-de-apenas-el-016-entre-usuarios-de-prep\/\" rel=\"nofollow noopener\" target=\"_blank\">GeSIDA <\/a>(Grupo de Estudio del SIDA de la Sociedad Espa\u00f1ola de Enfermedades Infecciosas y Microbiolog\u00eda Cl\u00ednica) ha identificado una serie de alteraciones inmunol\u00f3gicas y virol\u00f3gicas que podr\u00edan anticipar el desarrollo de c\u00e1ncer en personas que viven con VIH, incluso un a\u00f1o antes del diagn\u00f3stico. Presentado en el <strong>XVI Congreso Nacional de GeSID<\/strong>A, los hallazgos de este trabajo son muy relevantes porque abren nuevas v\u00edas para mejorar la detecci\u00f3n precoz de tumores no definitorios de <strong>SIDA (NADCs)<\/strong> en esta poblaci\u00f3n mediante un seguimiento inmunol\u00f3gico m\u00e1s personalizado.<\/p>\n<p>Desde la introducci\u00f3n del tratamiento antirretroviral, la esperanza de vida de las personas con VIH ha aumentado notablemente. Sin embargo, tambi\u00e9n se ha observado un incremento de los c\u00e1nceres no relacionados directamente con el sida, cuya incidencia y mortalidad siguen siendo superiores a las de la poblaci\u00f3n general. Este mayor riesgo se atribuye al envejecimiento acelerado del sistema inmunitario y a una menor capacidad del organismo para detectar y eliminar c\u00e9lulas tumorales.<\/p>\n<p>El trabajo, desarrollado por investigadores del <strong>Hospital Cl\u00ednic de Barcelona<\/strong>, analiz\u00f3 a 110 personas con VIH, de las cuales 55 hab\u00edan sido diagnosticadas de c\u00e1ncer entre 2017 y 2023 y 55 actuaron como grupo control sin antecedentes de tumor. A todas se les evalu\u00f3 los niveles de inflamaci\u00f3n cr\u00f3nica, los marcadores de<strong> regulaci\u00f3n inmunitaria (checkpoints)<\/strong> y el tama\u00f1o del reservorio viral del VIH. Para ello se utilizaron t\u00e9cnicas avanzadas de an\u00e1lisis molecular y se estudiaron muestras sangu\u00edneas obtenidas en el momento de la inclusi\u00f3n y en un subgrupo de pacientes 12 meses antes del diagn\u00f3stico de c\u00e1ncer.<\/p>\n<p>Los resultados mostraron que las personas con VIH que desarrollaron c\u00e1ncer ten\u00edan casi el doble de cantidad de virus \u201cintegrado\u201d en sus c\u00e9lulas que aquellas sin c\u00e1ncer. Adem\u00e1s, presentaban niveles m\u00e1s altos de <a href=\"https:\/\/gacetamedica.com\/investigacion\/estudio-vall-dhebron-describe-diversidad-celulas-vih-latente\/\" rel=\"nofollow noopener\" target=\"_blank\">diversas se\u00f1ales inmunol\u00f3gicas alteradas<\/a>, lo que indica que su sistema de defensa estaba m\u00e1s activado y fatigado de lo habitual. Entre ellas se encontraban prote\u00ednas que regulan la respuesta inmunitaria, como <strong>LAG-3, PD-1, TIM-3 y CTLA-4<\/strong>, cuya activaci\u00f3n excesiva puede debilitar la capacidad del organismo para controlar tanto al virus como a las c\u00e9lulas tumorales. Tambi\u00e9n se detectaron marcadores de inflamaci\u00f3n, como<strong> CD30, CD30L, GRO\u03b1 y TNF-RII<\/strong>, que reflejan un estado inflamatorio persistente en el cuerpo y se asocian con un mayor riesgo de desarrollar c\u00e1ncer. De forma especialmente relevante, estas alteraciones ya estaban presentes un a\u00f1o antes del diagn\u00f3stico del c\u00e1ncer, lo que sugiere su potencial valor como indicadores tempranos de riesgo oncol\u00f3gico.<\/p>\n<p>El estudio sugiere que las personas con VIH que desarrollan c\u00e1ncer muestran un perfil inmunol\u00f3gico e inflamatorio alterado que podr\u00eda detectarse antes de la aparici\u00f3n cl\u00ednica del tumor. Sin embargo y seg\u00fan apuntan los autores, estos datos deben considerarse preliminares y confirmarse con an\u00e1lisis estad\u00edsticos m\u00e1s precisos y en series m\u00e1s extensas de pacientes, antes de implementarlo en la cl\u00ednica. Estos resultados abren la puerta al desarrollo de biomarcadores inmunol\u00f3gicos en el seguimiento habitual de las personas con VIH, con el objetivo de favorecer la detecci\u00f3n precoz de los c\u00e1nceres no definitorios de sida y mejorar su pron\u00f3stico.<\/p>\n<p><strong>Tambi\u00e9n te puede interesar\u2026<\/strong><\/p>\n","protected":false},"excerpt":{"rendered":"Un estudio desarrollado expertos vinculados a GeSIDA (Grupo de Estudio del SIDA de la Sociedad Espa\u00f1ola de Enfermedades&hellip;\n","protected":false},"author":2,"featured_media":258817,"comment_status":"","ping_status":"","sticky":false,"template":"","format":"standard","meta":{"footnotes":""},"categories":[92],"tags":[25,24,165,166,23],"class_list":{"0":"post-258816","1":"post","2":"type-post","3":"status-publish","4":"format-standard","5":"has-post-thumbnail","7":"category-salud","8":"tag-es","9":"tag-espana","10":"tag-health","11":"tag-salud","12":"tag-spain"},"share_on_mastodon":{"url":"https:\/\/pubeurope.com\/@es\/115622672468620425","error":""},"_links":{"self":[{"href":"https:\/\/www.europesays.com\/es\/wp-json\/wp\/v2\/posts\/258816","targetHints":{"allow":["GET"]}}],"collection":[{"href":"https:\/\/www.europesays.com\/es\/wp-json\/wp\/v2\/posts"}],"about":[{"href":"https:\/\/www.europesays.com\/es\/wp-json\/wp\/v2\/types\/post"}],"author":[{"embeddable":true,"href":"https:\/\/www.europesays.com\/es\/wp-json\/wp\/v2\/users\/2"}],"replies":[{"embeddable":true,"href":"https:\/\/www.europesays.com\/es\/wp-json\/wp\/v2\/comments?post=258816"}],"version-history":[{"count":0,"href":"https:\/\/www.europesays.com\/es\/wp-json\/wp\/v2\/posts\/258816\/revisions"}],"wp:featuredmedia":[{"embeddable":true,"href":"https:\/\/www.europesays.com\/es\/wp-json\/wp\/v2\/media\/258817"}],"wp:attachment":[{"href":"https:\/\/www.europesays.com\/es\/wp-json\/wp\/v2\/media?parent=258816"}],"wp:term":[{"taxonomy":"category","embeddable":true,"href":"https:\/\/www.europesays.com\/es\/wp-json\/wp\/v2\/categories?post=258816"},{"taxonomy":"post_tag","embeddable":true,"href":"https:\/\/www.europesays.com\/es\/wp-json\/wp\/v2\/tags?post=258816"}],"curies":[{"name":"wp","href":"https:\/\/api.w.org\/{rel}","templated":true}]}}