{"id":258818,"date":"2025-11-27T16:45:10","date_gmt":"2025-11-27T16:45:10","guid":{"rendered":"https:\/\/www.europesays.com\/es\/258818\/"},"modified":"2025-11-27T16:45:10","modified_gmt":"2025-11-27T16:45:10","slug":"condena-a-los-productores-del-documental-de-rocio-carrasco-por-revelar-el-episodio-de-maltrato-de-rocio-flores-cuando-era-menor","status":"publish","type":"post","link":"https:\/\/www.europesays.com\/es\/258818\/","title":{"rendered":"Condena a los productores del documental de Roc\u00edo Carrasco por revelar el episodio de maltrato de Roc\u00edo Flores cuando era menor"},"content":{"rendered":"<p style=\"\"><strong>\u00d3scar Cornejo<\/strong> y <strong>Adri\u00e1n Madrid<\/strong>, due\u00f1os de la extinta La f\u00e1brica de la tele y actuales propietarios de La Osa Producciones, han sido condenados a dos a\u00f1os de c\u00e1rcel, 200.000 euros de multa y otros dos a\u00f1os de inhabilitaci\u00f3n como autores \u00abcriminalmente  &#8230; responsables\u00bb de un delito de de revelaci\u00f3n de secretos. <\/p>\n<p class=\"voc-p\" style=\"\">Los creadores de &#8216;S\u00e1lvame&#8217; o &#8216;No somos nadie&#8217; en Ten y de los programas de TVE &#8216;Malas lenguas&#8217; y &#8216;Directo al grano&#8217; han sido considerados culpables por desvelar una sentencia de <strong>cuando Roc\u00edo Flores era menor<\/strong>. Concretamente, en el documental &#8216;Roc\u00edo, contar la verdad para seguir viva&#8217;, cuando se explic\u00f3  el episodio acontecido entre Roc\u00edo Carrasco y su hija, el incidente que dinamit\u00f3 su relaci\u00f3n. <\/p>\n<p class=\"voc-p\" style=\"\">Seg\u00fan la sentencia, los documentos que se emitieron en televisi\u00f3n \u00abconten\u00edan <strong>datos de la vida y de la intimidad de Roc\u00edo Flores Carrasco<\/strong>\u00bb, situaciones que sucedieron cuando \u00abera menor de edad\u00bb y cuyos datos \u00abfueron difundidos sin su consentimiento ni autorizaci\u00f3n\u00bb.<\/p>\n<p class=\"voc-p\" style=\"\">Se\u00f1ala adem\u00e1s que el \u00abda\u00f1o moral sufrido\u00bb por Roc\u00edo Flores es \u00abevidente\u00bb puesto que se revelaron datos, documentos e informaci\u00f3n incluidos en un \u00abprocedimiento judicial de menores, que <strong>gozan de especial protecci\u00f3n<\/strong>, por ser datos de car\u00e1cter reservado\u00bb. <\/p>\n<p class=\"voc-p\" style=\"\">Y se hace referencia a los datos de audiencia del programa. \u00abEs decir, se ha estigmatizado a la perjudicada por <strong>un suceso aislado<\/strong> cuando era menor de edad\u00bb, indica el documento legal, que considera que \u00ab<strong>su personalidad no estaba desarrollada<\/strong>, en plena adolescencia\u00bb. E indica que el espacio televisivo vulner\u00f3 \u00absu honor, su intimidad, su propia imagen, y obstaculizando su derecho a la reinserci\u00f3n social. Es incuestionable que esa angustia, ese sufrimiento debe ser resarcido\u00bb, a\u00f1ade.<\/p>\n<p class=\"voc-p\" style=\"\">Consideran que, aunque cierta informaci\u00f3n se hab\u00eda conocido ya sobre lo ocurrido cuando Roc\u00edo era menor de edad, no era un \u00absecreto\u00bb sino \u00abla intimidad\u00bb. \u00ab<strong>No justifica que se incorporaran en el documental<\/strong>, documentos e informaciones que estaban incorporados en un expediente judicial, y, por tanto, se revelaran datos reservados de car\u00e1cter personal y familiar. Es innegable, que su difusi\u00f3n y divulgaci\u00f3n, supone un atentado a la esfera \u00edntima, personal y familiar de la menor, en la actualidad, mayor de edad\u00bb, sentencia. Y a\u00f1aden que la \u00ab\u00fanica persona legitimada para autorizar que esa informaci\u00f3n pudiera formar parte de un documental\u00bb era Roc\u00edo Flores.<\/p>\n<p class=\"voc-p\" style=\"\">Roc\u00edo Flores demand\u00f3 a \u00d3scar Cornejo y Adri\u00e1n Madrid despu\u00e9s de la emisi\u00f3n del cap\u00edtulo en 2021, y aunque el juzgado de instrucci\u00f3n <strong>archiv\u00f3 la denuncia en un primer momento<\/strong>, su abogado la recurri\u00f3. Ha sido la Secci\u00f3n n\u00ba 29 de la Audiencia Provincial de Madrid la que ha considerado continuar con el proceso y ha condenado este jueves a los dos productores.<\/p>\n","protected":false},"excerpt":{"rendered":"\u00d3scar Cornejo y Adri\u00e1n Madrid, due\u00f1os de la extinta La f\u00e1brica de la tele y actuales propietarios de&hellip;\n","protected":false},"author":2,"featured_media":258819,"comment_status":"","ping_status":"","sticky":false,"template":"","format":"standard","meta":{"footnotes":""},"categories":[91],"tags":[3153,793,6084,146,147,3666,981,25,24,9646,2126,21465,18099,3152,23],"class_list":{"0":"post-258818","1":"post","2":"type-post","3":"status-publish","4":"format-standard","5":"has-post-thumbnail","7":"category-entretenimiento","8":"tag-carrasco","9":"tag-condena","10":"tag-documental","11":"tag-entertainment","12":"tag-entretenimiento","13":"tag-episodio","14":"tag-era","15":"tag-es","16":"tag-espana","17":"tag-flores","18":"tag-menor","19":"tag-productores","20":"tag-revelar","21":"tag-rocio","22":"tag-spain"},"share_on_mastodon":{"url":"https:\/\/pubeurope.com\/@es\/115622676064695814","error":""},"_links":{"self":[{"href":"https:\/\/www.europesays.com\/es\/wp-json\/wp\/v2\/posts\/258818","targetHints":{"allow":["GET"]}}],"collection":[{"href":"https:\/\/www.europesays.com\/es\/wp-json\/wp\/v2\/posts"}],"about":[{"href":"https:\/\/www.europesays.com\/es\/wp-json\/wp\/v2\/types\/post"}],"author":[{"embeddable":true,"href":"https:\/\/www.europesays.com\/es\/wp-json\/wp\/v2\/users\/2"}],"replies":[{"embeddable":true,"href":"https:\/\/www.europesays.com\/es\/wp-json\/wp\/v2\/comments?post=258818"}],"version-history":[{"count":0,"href":"https:\/\/www.europesays.com\/es\/wp-json\/wp\/v2\/posts\/258818\/revisions"}],"wp:featuredmedia":[{"embeddable":true,"href":"https:\/\/www.europesays.com\/es\/wp-json\/wp\/v2\/media\/258819"}],"wp:attachment":[{"href":"https:\/\/www.europesays.com\/es\/wp-json\/wp\/v2\/media?parent=258818"}],"wp:term":[{"taxonomy":"category","embeddable":true,"href":"https:\/\/www.europesays.com\/es\/wp-json\/wp\/v2\/categories?post=258818"},{"taxonomy":"post_tag","embeddable":true,"href":"https:\/\/www.europesays.com\/es\/wp-json\/wp\/v2\/tags?post=258818"}],"curies":[{"name":"wp","href":"https:\/\/api.w.org\/{rel}","templated":true}]}}