{"id":258822,"date":"2025-11-27T16:47:09","date_gmt":"2025-11-27T16:47:09","guid":{"rendered":"https:\/\/www.europesays.com\/es\/258822\/"},"modified":"2025-11-27T16:47:09","modified_gmt":"2025-11-27T16:47:09","slug":"black-friday-2025-en-directo-las-mejores-ofertas-y-rebajas-de-hoy-27-de-noviembre","status":"publish","type":"post","link":"https:\/\/www.europesays.com\/es\/258822\/","title":{"rendered":"Black Friday 2025 en directo: las mejores ofertas y rebajas de hoy, 27 de noviembre"},"content":{"rendered":"<p>\u00a1Muy buenas tardes! S\u00ed, s\u00ed, s\u00ed&#8230; el <strong>Black Friday<\/strong> ya est\u00e1 aqu\u00ed.<\/p>\n<p>Despu\u00e9s de todo un a\u00f1o esperando, por fin podemos lanzarnos a disfrutar de los <strong>descuentazos, ofertones y chollos<\/strong> que trae el evento m\u00e1s bestia de todo\u00a0el comercio online. Desde hoy y durante todo el viernes, estaremos al pie del ca\u00f1\u00f3n cont\u00e1ndote <strong>en directo <\/strong>cada novedad y cada ganga que aparece. D\u00eda y medio que va a ser\u00a0<strong>\u00fanico\u00a0y de locura&#8230;<\/strong> \u00bfNos acompa\u00f1as?<\/p>\n<p>\u00a1Vamos!\u00a0\ud83d\uded2<\/p>\n","protected":false},"excerpt":{"rendered":"\u00a1Muy buenas tardes! S\u00ed, s\u00ed, s\u00ed&#8230; el Black Friday ya est\u00e1 aqu\u00ed. Despu\u00e9s de todo un a\u00f1o esperando,&hellip;\n","protected":false},"author":2,"featured_media":258823,"comment_status":"","ping_status":"","sticky":false,"template":"","format":"standard","meta":{"footnotes":""},"categories":[80],"tags":[82,95,94,25,24,23],"class_list":{"0":"post-258822","1":"post","2":"type-post","3":"status-publish","4":"format-standard","5":"has-post-thumbnail","7":"category-economia","8":"tag-business","9":"tag-economia","10":"tag-economy","11":"tag-es","12":"tag-espana","13":"tag-spain"},"share_on_mastodon":{"url":"https:\/\/pubeurope.com\/@es\/115622684071791465","error":""},"_links":{"self":[{"href":"https:\/\/www.europesays.com\/es\/wp-json\/wp\/v2\/posts\/258822","targetHints":{"allow":["GET"]}}],"collection":[{"href":"https:\/\/www.europesays.com\/es\/wp-json\/wp\/v2\/posts"}],"about":[{"href":"https:\/\/www.europesays.com\/es\/wp-json\/wp\/v2\/types\/post"}],"author":[{"embeddable":true,"href":"https:\/\/www.europesays.com\/es\/wp-json\/wp\/v2\/users\/2"}],"replies":[{"embeddable":true,"href":"https:\/\/www.europesays.com\/es\/wp-json\/wp\/v2\/comments?post=258822"}],"version-history":[{"count":0,"href":"https:\/\/www.europesays.com\/es\/wp-json\/wp\/v2\/posts\/258822\/revisions"}],"wp:featuredmedia":[{"embeddable":true,"href":"https:\/\/www.europesays.com\/es\/wp-json\/wp\/v2\/media\/258823"}],"wp:attachment":[{"href":"https:\/\/www.europesays.com\/es\/wp-json\/wp\/v2\/media?parent=258822"}],"wp:term":[{"taxonomy":"category","embeddable":true,"href":"https:\/\/www.europesays.com\/es\/wp-json\/wp\/v2\/categories?post=258822"},{"taxonomy":"post_tag","embeddable":true,"href":"https:\/\/www.europesays.com\/es\/wp-json\/wp\/v2\/tags?post=258822"}],"curies":[{"name":"wp","href":"https:\/\/api.w.org\/{rel}","templated":true}]}}