{"id":258826,"date":"2025-11-27T16:49:08","date_gmt":"2025-11-27T16:49:08","guid":{"rendered":"https:\/\/www.europesays.com\/es\/258826\/"},"modified":"2025-11-27T16:49:08","modified_gmt":"2025-11-27T16:49:08","slug":"el-psoe-reivindica-su-tolerancia-cero-tras-el-envio-de-abalos-y-koldo-a-prision","status":"publish","type":"post","link":"https:\/\/www.europesays.com\/es\/258826\/","title":{"rendered":"El PSOE reivindica su \u00abtolerancia cero\u00bb tras el env\u00edo de \u00c1balos y Koldo a prisi\u00f3n"},"content":{"rendered":"<p>Menos de <strong>seis meses despu\u00e9s un secretario de Organizaci\u00f3n del PSOE vuelve a prisi\u00f3n.<\/strong> Si en <strong>junio <\/strong>fue Santos <strong>Cerd\u00e1n<\/strong>, <strong>ahora <\/strong>es su <strong>predecesor<\/strong>, el tambi\u00e9n exministro de Transportes, Jos\u00e9 Luis <strong>\u00c1balos. Una entrada en la c\u00e1rcel provocada por la misma investigaci\u00f3n, <\/strong>el caso Koldo. <\/p>\n<p>Ante la proximidad del juicio de una de las ramas del caso y <strong>al ver aumentado el riesgo de fuga,<\/strong> el juez del Supremo que investiga el caso, Leopoldo Puente, ha tomado la decisi\u00f3n de enviar a \u00c1balos y su exasesor, Koldo Garc\u00eda, a prisi\u00f3n provisional y sin fianza. <\/p>\n<p>Con este escenario, <strong>el PSOE ha mostrado su \u00abrespeto\u00bb <\/strong>a la decisi\u00f3n del magistrado Puente y ha aprovechado para <strong>reivindicar <\/strong>su<strong> \u00abtolerancia cero\u00bb frente a la corrupci\u00f3n<\/strong> \u00aba diferencia del PP\u00bb. <\/p>\n<p>\u00abLa resoluci\u00f3n conocida hoy del Tribunal Supremo es un paso m\u00e1s en un procedimiento judicial que cuenta con todo nuestro respeto. Es tiempo de la Justicia\u00bb, han expresado fuentes socialistas.<\/p>\n<p>Desde <strong>Ferraz, han aprovechado para asegurar que \u00abfrente a cualquier indicio de corrupci\u00f3n, el PSOE act\u00faa con tolerancia cero<\/strong>, con transparencia y con medidas contundentes desde el primer minuto\u00bb. \u00abOjal\u00e1 todos los partidos hicieran lo mismo\u00bb, han apuntado en un dardo enviado al PP.<\/p>\n<p>\u00abEl PSOE es tajante: no aceptamos lecciones de quienes han tenido cajas B, sobresueldos o sentencias firmes por corrupci\u00f3n. La corrupci\u00f3n tambi\u00e9n retrata a quienes act\u00faan frente a quienes miran hacia otro lado. Y no quepa ninguna duda: este partido siempre estar\u00e1 entre quienes act\u00faan\u00bb, han a\u00f1adido.<\/p>\n<p>El PSOE tard\u00f3 casi a\u00f1o y medio desde que estall\u00f3 el caso en expulsarle del partido <\/p>\n<p>\u00c1balos est\u00e1 investigado por integraci\u00f3n en organizaci\u00f3n criminal, cohecho, uso de informaci\u00f3n privilegiada, tr\u00e1fico de influencias y malversaci\u00f3n. \u00c1balos es el <strong>segundo exsecretario de Organizaci\u00f3n socialista que entra en prisi\u00f3n provisional por el caso Koldo<\/strong>, despu\u00e9s de que estuviera encarcelado durante cinco meses <a href=\"https:\/\/www.rtve.es\/noticias\/20251119\/juez-deja-libertad-a-santos-cerdan-tras-cinco-meses-prision\/16821827.shtml\" rel=\"nofollow noopener\" target=\"_blank\">Santos Cerd\u00e1n hasta la semana pasada<\/a>. Cerd\u00e1n estuvo en prisi\u00f3n por su presunta vinculaci\u00f3n con la trama, pero en la rama referida al cobro de comisiones por obras p\u00fablicas. \u00c1balos va a ahora a prisi\u00f3n por la rama que investiga el cobro de mordidas en la compra de mascarillas durante la pandemia. Adem\u00e1s, se convertir\u00eda en el primer diputado que ser\u00eda encarcelado estando en ejercicio.<\/p>\n<p>No obstante, su entrada en la c\u00e1rcel no afecta a su condici\u00f3n de diputado, ya que la podr\u00eda mantener mientras no se emita una sentencia condenatoria contra \u00e9l que le inhabilite. No obstante, ser\u00e1 suspendido autom\u00e1ticamente, porque as\u00ed consta en el Reglamento del Congreso. Esta suspensi\u00f3n significar\u00eda que perder\u00eda su sueldo de diputado.<\/p>\n<p>Cuando estall\u00f3 el caso en febrero de 2024 \u00c1balos fue <a href=\"https:\/\/www.rtve.es\/noticias\/20240227\/psoe-abre-expediente-disciplinario-abalos-militancia\/15988128.shtml\" rel=\"nofollow noopener\" target=\"_blank\">suspendido de militancia<\/a> y le abri\u00f3 un expediente disciplinario. Sin embargo, no fue hasta m\u00e1s de un a\u00f1o despu\u00e9s, en junio de 2025 cuando el PSOE decidi\u00f3 expulsarlo definitivamente. Una decisi\u00f3n derivada a ra\u00edz de la entrada en prisi\u00f3n de Cerd\u00e1n y la publicaci\u00f3n de unos audios en la investigaci\u00f3n entre Koldo y \u00c1balos en las que aparec\u00edan reparti\u00e9ndose prostitutas. <\/p>\n","protected":false},"excerpt":{"rendered":"Menos de seis meses despu\u00e9s un secretario de Organizaci\u00f3n del PSOE vuelve a prisi\u00f3n. Si en junio fue&hellip;\n","protected":false},"author":2,"featured_media":258827,"comment_status":"","ping_status":"","sticky":false,"template":"","format":"standard","meta":{"footnotes":""},"categories":[8],"tags":[17,18,25,24,13,14,11,19,20,9,10,15,16,23,12,21,22],"class_list":{"0":"post-258826","1":"post","2":"type-post","3":"status-publish","4":"format-standard","5":"has-post-thumbnail","7":"category-espana","8":"tag-breaking-news","9":"tag-breakingnews","10":"tag-es","11":"tag-espana","12":"tag-featured-news","13":"tag-featurednews","14":"tag-headlines","15":"tag-latest-news","16":"tag-latestnews","17":"tag-news","18":"tag-noticias","19":"tag-noticias-destacadas","20":"tag-noticiasdestacadas","21":"tag-spain","22":"tag-titulares","23":"tag-ultimas-noticias","24":"tag-ultimasnoticias"},"share_on_mastodon":{"url":"https:\/\/pubeurope.com\/@es\/115622691830813714","error":""},"_links":{"self":[{"href":"https:\/\/www.europesays.com\/es\/wp-json\/wp\/v2\/posts\/258826","targetHints":{"allow":["GET"]}}],"collection":[{"href":"https:\/\/www.europesays.com\/es\/wp-json\/wp\/v2\/posts"}],"about":[{"href":"https:\/\/www.europesays.com\/es\/wp-json\/wp\/v2\/types\/post"}],"author":[{"embeddable":true,"href":"https:\/\/www.europesays.com\/es\/wp-json\/wp\/v2\/users\/2"}],"replies":[{"embeddable":true,"href":"https:\/\/www.europesays.com\/es\/wp-json\/wp\/v2\/comments?post=258826"}],"version-history":[{"count":0,"href":"https:\/\/www.europesays.com\/es\/wp-json\/wp\/v2\/posts\/258826\/revisions"}],"wp:featuredmedia":[{"embeddable":true,"href":"https:\/\/www.europesays.com\/es\/wp-json\/wp\/v2\/media\/258827"}],"wp:attachment":[{"href":"https:\/\/www.europesays.com\/es\/wp-json\/wp\/v2\/media?parent=258826"}],"wp:term":[{"taxonomy":"category","embeddable":true,"href":"https:\/\/www.europesays.com\/es\/wp-json\/wp\/v2\/categories?post=258826"},{"taxonomy":"post_tag","embeddable":true,"href":"https:\/\/www.europesays.com\/es\/wp-json\/wp\/v2\/tags?post=258826"}],"curies":[{"name":"wp","href":"https:\/\/api.w.org\/{rel}","templated":true}]}}