{"id":258828,"date":"2025-11-27T16:50:10","date_gmt":"2025-11-27T16:50:10","guid":{"rendered":"https:\/\/www.europesays.com\/es\/258828\/"},"modified":"2025-11-27T16:50:10","modified_gmt":"2025-11-27T16:50:10","slug":"casimiro-fernandez-inaugura-en-la-casa-de-la-provincia-la-exposicion-plazes-24-la-memoria-visual-de-un-territorio-transformado-por-el-arte","status":"publish","type":"post","link":"https:\/\/www.europesays.com\/es\/258828\/","title":{"rendered":"Casimiro Fern\u00e1ndez inaugura en la Casa de la Provincia la exposici\u00f3n &#8216;Plazes 24&#8217;, la memoria visual de un territorio transformado por el arte"},"content":{"rendered":"<p align=\"justify\">Esta tarde, en la Casa de la Provincia de la Diputaci\u00f3n de Sevilla (Pza del Triunfo, 1), el diputado provincial de Cultura y Ciudadan\u00eda, Casimiro Fern\u00e1ndez, inaugura la exposici\u00f3n \u2018Plazes 24\u2019, una muestra que re\u00fane el trabajo documental generado durante la primera edici\u00f3n de este programa de arte mural, cuyo objetivo ha sido transformar el territorio a trav\u00e9s del arte.<\/p>\n<p align=\"justify\">\u00a0<\/p>\n<p align=\"justify\">La muestra recoge, a trav\u00e9s de la mirada art\u00edstica de Miguel Jim\u00e9nez (fotograf\u00eda) y Pedro J. Canela (v\u00eddeo), la experiencia vivida durante la primera edici\u00f3n del proyecto, impulsado por la Diputaci\u00f3n de Sevilla, apoyado por cuatro municipios (Camas, El Viso del Alcor, Los Corrales y Mairena del Aljarafe), comisariado por Delimbo y en el que han participado los artistas Pedro Almeida, Virginia Bersab\u00e9, Alberto Montes y Osier Luther. La exposici\u00f3n podr\u00e1 visitarse hasta el 1 de marzo del 2026.<\/p>\n<p align=\"justify\">\u00a0<\/p>\n<p align=\"justify\">\u2018Plazes\u2019 naci\u00f3 en 2024 con un prop\u00f3sito claro: crear una colecci\u00f3n de arte mural contempor\u00e1neo distribuida por los municipios de la provincia, fomentando el acceso a la cultura, fortaleciendo la identidad local y apoyando a los artistas andaluces que desarrollan su trabajo en el territorio. Hasta ahora, cada edici\u00f3n re\u00fane a cuatro creadores que realizan intervenciones site-specific en di\u00e1logo con la historia, el paisaje y la comunidad de cada pueblo, generando un itinerario art\u00edstico en expansi\u00f3n.<\/p>\n<p align=\"justify\">\u00a0<\/p>\n<p align=\"justify\">La edici\u00f3n de 2024 \u2014protagonizada por Pedro Almeida (Camas), Virginia Bersab\u00e9 (El Viso del Alcor), Alberto Montes (Los Corrales) y Osier Luther (Mairena del Aljarafe)\u2014 dio forma a los primeros murales de un proyecto, que aspira a convertirse en un museo al aire libre de referencia. Sus obras abordaron, desde lenguajes contempor\u00e1neos, la memoria industrial, la historia de las mujeres recoveras, el esp\u00edritu de la Sierra Sur a trav\u00e9s de su paisaje y la tradici\u00f3n agr\u00edcola del Aljarafe.<\/p>\n<p align=\"justify\">\u00a0<\/p>\n<p align=\"justify\">LA MIRADA ART\u00cdSTICA QUE HA DOCUMENTADO EL PROYECTO<\/p>\n<p align=\"justify\">\u00a0<\/p>\n<p align=\"justify\">La exposici\u00f3n \u2018Plazes 24\u2019 pone el foco en la mirada art\u00edstica con la que se ha documentado el proyecto desde su origen. Las fotograf\u00edas de Miguel Jim\u00e9nez y los v\u00eddeos de Pedro J. Canela no solo registran el proceso sino que lo interpretan, captando los gestos, los encuentros con los vecinos, la atm\u00f3sfera de los pueblos y el pulso creativo de cada mural.<\/p>\n<p align=\"justify\">\u00a0<\/p>\n<p align=\"justify\">Pedro Canela, originario de Isla Cristina y afincado en Sevilla, trabaja en la intersecci\u00f3n entre la imagen en movimiento, la m\u00fasica y las artes vivas, explorando narrativas audiovisuales que amplifican lo sonoro y lo performativo. Por su parte, Miguel Jim\u00e9nez, fot\u00f3grafo con una s\u00f3lida trayectoria en proyectos culturales, esc\u00e9nicos y contempor\u00e1neos, construye una mirada que combina precisi\u00f3n formal y sensibilidad atmosf\u00e9rica. La muestra ofrece as\u00ed una lectura sensible y cercana del impacto cultural de la primera edici\u00f3n.<\/p>\n<p align=\"justify\">\u00a0<\/p>\n<p align=\"justify\">Mientras la exposici\u00f3n invita a revisitar lo ocurrido en 2024, la edici\u00f3n 2025 ya est\u00e1 en marcha. Los artistas Z\u00e9sar Bahamonte, Ana Barriga, Ana Langeheldt y Manuel Le\u00f3n contin\u00faan expandiendo esta ruta de arte p\u00fablico por Fuentes de Andaluc\u00eda, Cantillana, Villanueva de San Juan y Villanueva del Ariscal, consolidando as\u00ed una ruta art\u00edstica que vertebra la provincia.<\/p>\n","protected":false},"excerpt":{"rendered":"Esta tarde, en la Casa de la Provincia de la Diputaci\u00f3n de Sevilla (Pza del Triunfo, 1), el&hellip;\n","protected":false},"author":2,"featured_media":258829,"comment_status":"","ping_status":"","sticky":false,"template":"","format":"standard","meta":{"footnotes":""},"categories":[5],"tags":[17,18,25,24,13,14,11,19,20,9,10,15,16,23,12,21,22],"class_list":{"0":"post-258828","1":"post","2":"type-post","3":"status-publish","4":"format-standard","5":"has-post-thumbnail","7":"category-titulares","8":"tag-breaking-news","9":"tag-breakingnews","10":"tag-es","11":"tag-espana","12":"tag-featured-news","13":"tag-featurednews","14":"tag-headlines","15":"tag-latest-news","16":"tag-latestnews","17":"tag-news","18":"tag-noticias","19":"tag-noticias-destacadas","20":"tag-noticiasdestacadas","21":"tag-spain","22":"tag-titulares","23":"tag-ultimas-noticias","24":"tag-ultimasnoticias"},"share_on_mastodon":{"url":"https:\/\/pubeurope.com\/@es\/115622695533844159","error":""},"_links":{"self":[{"href":"https:\/\/www.europesays.com\/es\/wp-json\/wp\/v2\/posts\/258828","targetHints":{"allow":["GET"]}}],"collection":[{"href":"https:\/\/www.europesays.com\/es\/wp-json\/wp\/v2\/posts"}],"about":[{"href":"https:\/\/www.europesays.com\/es\/wp-json\/wp\/v2\/types\/post"}],"author":[{"embeddable":true,"href":"https:\/\/www.europesays.com\/es\/wp-json\/wp\/v2\/users\/2"}],"replies":[{"embeddable":true,"href":"https:\/\/www.europesays.com\/es\/wp-json\/wp\/v2\/comments?post=258828"}],"version-history":[{"count":0,"href":"https:\/\/www.europesays.com\/es\/wp-json\/wp\/v2\/posts\/258828\/revisions"}],"wp:featuredmedia":[{"embeddable":true,"href":"https:\/\/www.europesays.com\/es\/wp-json\/wp\/v2\/media\/258829"}],"wp:attachment":[{"href":"https:\/\/www.europesays.com\/es\/wp-json\/wp\/v2\/media?parent=258828"}],"wp:term":[{"taxonomy":"category","embeddable":true,"href":"https:\/\/www.europesays.com\/es\/wp-json\/wp\/v2\/categories?post=258828"},{"taxonomy":"post_tag","embeddable":true,"href":"https:\/\/www.europesays.com\/es\/wp-json\/wp\/v2\/tags?post=258828"}],"curies":[{"name":"wp","href":"https:\/\/api.w.org\/{rel}","templated":true}]}}