{"id":258830,"date":"2025-11-27T16:55:08","date_gmt":"2025-11-27T16:55:08","guid":{"rendered":"https:\/\/www.europesays.com\/es\/258830\/"},"modified":"2025-11-27T16:55:08","modified_gmt":"2025-11-27T16:55:08","slug":"pescando-antes-de-volver-a-pista","status":"publish","type":"post","link":"https:\/\/www.europesays.com\/es\/258830\/","title":{"rendered":"\u00a1Pescando antes de volver a pista!"},"content":{"rendered":"<p class=\"L6-news-detail__text\"><b>Carlos Alcaraz<\/b> est\u00e1 disfrutando de sus vacaciones en <b>Miami<\/b>. El tenista espa\u00f1ol ha aprovechado la <b>lesi\u00f3n en su isquiotibial derecho<\/b>, que le <b><a title=\"impidi\u00f3 disputar la Copa Davis 2025\" href=\"https:\/\/www.lasexta.com\/noticias\/deportes\/tenis\/carlos-alcaraz-muy-cerca-bajarse-copa-davis_20251118691c32fd39b3f1652bf4e522.html\" target=\"_blank\" rel=\"nofollow noopener\">impidi\u00f3 disputar la Copa Davis 2025<\/a><\/b> junto a Espa\u00f1a, para descansar unos d\u00edas junto a sus amigos y familiares antes de volver a jugar.<\/p>\n<p class=\"L6-news-detail__text\">En redes sociales, se ha podido ver al murciano fuera de las pistas acompa\u00f1ado del tenista argentino <b>Juan Mart\u00edn del Potro<\/b> por la &#8216;Ciudad M\u00e1gica&#8217;, en un partido de <b>NBA <\/b>viendo a los <b>Miami Heat vencer a los Milwaukee Bucks<\/b>, e incluso pescando.<\/p>\n<p class=\"L6-news-detail__text\">Carlitos ha aprovechado sus d\u00edas libres para probar una nueva faceta, como es la pesca, donde se le ha visto en un barco en medio del mar tirando la ca\u00f1a.<\/p>\n<p class=\"L6-news-detail__text\">El de El Palmar apura sus \u00faltimos d\u00edas de descanso <b>antes de volver a jugar en diciembre<\/b>, donde se enfrentar\u00e1 a <b>Frances Tiafoe<\/b> el pr\u00f3ximo 7 de diciembre en <b>Nueva Jersey<\/b> y contra <b>Joao Fonseca<\/b> al d\u00eda siguiente en Miami, en <b>dos partidos de exhibici\u00f3n<\/b>.<\/p>\n<p class=\"L6-news-detail__text\">Estos partidos le servir\u00e1n para volver a coger fuerza de cara al inicio de temporada en enero, donde jugar\u00e1 el <b>Open de Australia<\/b>, \u00fanico Grand Slam que no tiene en su palmar\u00e9s.<\/p>\n<blockquote class=\"twitter-tweet\" data-media-max-width=\"560\">\n<p class=\"L6-news-detail__text\">Carlos Alcaraz pescador \ud83d\udc1f<\/p>\n<p class=\"L6-news-detail__text\">\ud83d\udcfd\ufe0f mrdrip IG <a title=\"pic.twitter.com\/Fc68RUkpyQ\" href=\"https:\/\/t.co\/Fc68RUkpyQ\" target=\"_blank\" rel=\"nofollow\">pic.twitter.com\/Fc68RUkpyQ<\/a><\/p>\n<p>\u2014 Carlos Alcaraz Brasil (@carlosalcarazbr) <a title=\"November 26, 2025\" href=\"https:\/\/twitter.com\/carlosalcarazbr\/status\/1993789302908555329?ref_src=twsrc%5Etfw\" target=\"_blank\" rel=\"nofollow noopener\">November 26, 2025<\/a><\/p><\/blockquote>\n<p class=\"L6-support-news-video__title\">GP Las Vegas<\/p>\n<p>            <a href=\"https:\/\/www.lasexta.com\/noticias\/deportes\/motor\/formula1\/enfado-colapinto-fuegos-artificiales-vegas-hay-perros_2025112469247bf7df41134465e7842b.html\" class=\"L6-news__link\" rel=\"nofollow noopener\" target=\"_blank\"><br \/>\n                El enfado de Colapinto por los fuegos artificiales en Las Vegas: \u00abHay perros&#8230;\u00bb<\/p>\n<p class=\"recirculation-video-desc\">El piloto argentino se mostr\u00f3 muy enfadado por el ruido de los fuegos artificiales al finalizar el Gran Premio de Las Vegas.<\/p>\n<p>            <\/a><\/p>\n<p><script async src=\"https:\/\/platform.twitter.com\/widgets.js\" charset=\"utf-8\"><\/script><\/p>\n","protected":false},"excerpt":{"rendered":"Carlos Alcaraz est\u00e1 disfrutando de sus vacaciones en Miami. El tenista espa\u00f1ol ha aprovechado la lesi\u00f3n en su&hellip;\n","protected":false},"author":2,"featured_media":258831,"comment_status":"","ping_status":"","sticky":false,"template":"","format":"standard","meta":{"footnotes":""},"categories":[274],"tags":[168,25,24,23,167,327,326],"class_list":{"0":"post-258830","1":"post","2":"type-post","3":"status-publish","4":"format-standard","5":"has-post-thumbnail","7":"category-tenis","8":"tag-deportes","9":"tag-es","10":"tag-espana","11":"tag-spain","12":"tag-sports","13":"tag-tenis","14":"tag-tennis"},"share_on_mastodon":{"url":"https:\/\/pubeurope.com\/@es\/115622715216484292","error":""},"_links":{"self":[{"href":"https:\/\/www.europesays.com\/es\/wp-json\/wp\/v2\/posts\/258830","targetHints":{"allow":["GET"]}}],"collection":[{"href":"https:\/\/www.europesays.com\/es\/wp-json\/wp\/v2\/posts"}],"about":[{"href":"https:\/\/www.europesays.com\/es\/wp-json\/wp\/v2\/types\/post"}],"author":[{"embeddable":true,"href":"https:\/\/www.europesays.com\/es\/wp-json\/wp\/v2\/users\/2"}],"replies":[{"embeddable":true,"href":"https:\/\/www.europesays.com\/es\/wp-json\/wp\/v2\/comments?post=258830"}],"version-history":[{"count":0,"href":"https:\/\/www.europesays.com\/es\/wp-json\/wp\/v2\/posts\/258830\/revisions"}],"wp:featuredmedia":[{"embeddable":true,"href":"https:\/\/www.europesays.com\/es\/wp-json\/wp\/v2\/media\/258831"}],"wp:attachment":[{"href":"https:\/\/www.europesays.com\/es\/wp-json\/wp\/v2\/media?parent=258830"}],"wp:term":[{"taxonomy":"category","embeddable":true,"href":"https:\/\/www.europesays.com\/es\/wp-json\/wp\/v2\/categories?post=258830"},{"taxonomy":"post_tag","embeddable":true,"href":"https:\/\/www.europesays.com\/es\/wp-json\/wp\/v2\/tags?post=258830"}],"curies":[{"name":"wp","href":"https:\/\/api.w.org\/{rel}","templated":true}]}}