{"id":258836,"date":"2025-11-27T17:00:15","date_gmt":"2025-11-27T17:00:15","guid":{"rendered":"https:\/\/www.europesays.com\/es\/258836\/"},"modified":"2025-11-27T17:00:15","modified_gmt":"2025-11-27T17:00:15","slug":"el-emotivo-gesto-entre-vinicius-y-xabi-que-demuestra-que-han-firmado-la-paz","status":"publish","type":"post","link":"https:\/\/www.europesays.com\/es\/258836\/","title":{"rendered":"El emotivo gesto entre Vinicius y Xabi que demuestra que han firmado la paz"},"content":{"rendered":"<p>                        El brasile\u00f1o, que hizo un muy buen partido en Atenas, parece haber reconducido su relaci\u00f3n con el entrenador\n<\/p>\n<p><img src=\"https:\/\/www.mundodeportivo.com\/files\/image_449_220\/files\/fp\/uploads\/2025\/11\/26\/6926ac824d4d1.r_d.1998-812.jpeg\" data-full-src=\"https:\/\/www.europesays.com\/es\/wp-content\/uploads\/2025\/11\/6926ac824d4d1.jpeg\" alt=\"Xabi Alonso y Vinicius han tenido sus m\u00e1s y sus menos\" width=\"449\" height=\"220\" class=\"nolazy\" decoding=\"async\" fetchpriority=\"high\"\/><\/p>\n<p class=\"caption-title \">Xabi Alonso y Vinicius han tenido sus m\u00e1s y sus menos pero parece que se han reconciliado\u00a0<\/p>\n<p>EFE<\/p>\n<p>                <img loading=\"lazy\" decoding=\"async\" width=\"60\" height=\"60\" alt=\"El emotivo gesto entre Vinicius y Xabi que demuestra que han firmado la paz\" title=\"\" src=\"\/files\/image_60_60\/uploads\/2021\/07\/26\/60febb7b9f3cd.png\" class=\"lazy\"\/><\/p>\n<p>\n                        Actualizado a  27\/11\/2025 12:48 CET\n                    <\/p>\n<p data-gtm-element-container=\"modulo-texto-link\" class=\"paragraph\">Durante estos primeros meses de <strong>Xabi<\/strong> <strong>Alonso<\/strong> en el <strong>Real<\/strong> <strong>Madrid<\/strong>\u00a0se ha hablado mucho de su relaci\u00f3n con <strong>Vinicius,<\/strong> la cual es evidente que ha pasado por diferentes etapas. La peor, sin duda, fue aquella sustituci\u00f3n en el Cl\u00e1sico en la que el brasile\u00f1o sac\u00f3 su repertorio de aspavientos hacia el entrenador y termin\u00f3 pidiendo disculpas a trav\u00e9s de las redes sociales pero sin citarle.\u00a0<\/p>\n<blockquote class=\"twitter-tweet\" data-lang=\"es\"><p>\n<a href=\"https:\/\/twitter.com\/partidazocope\/status\/1993813784893509766?s=20\" rel=\"nofollow noopener\" target=\"_blank\">\n<\/p><\/blockquote>\n<p data-gtm-element-container=\"modulo-texto-link\" class=\"paragraph\">Sin embargo, en el duelo de este martes en <strong>Atenas<\/strong>, donde el &#8216;7&#8217; recuper\u00f3 la titularidad y el buen estado de forma en su juego (firm\u00f3 dos asistencias) parece que tambi\u00e9n firm\u00f3 la paz con su entrenador.\u00a0<\/p>\n<p>    M\u00e1s sobre el Real Madrid<\/p>\n<p data-gtm-element-container=\"modulo-texto-link\" class=\"paragraph\">El gesto que lo evidencia todo fue el abrazo en el que ambos se fundieron en el camino de <strong>Vinicius<\/strong> hacia el banquillo y que tranquiliz\u00f3 al madridismo. De esta manera, parece que ante el <strong>Olympiacos<\/strong> ha habido un punto de inflexi\u00f3n en el que la relaci\u00f3n de Xabi con los jugadores ha cambiado.\u00a0\u00a0<\/p>\n<p>\n        Mostrar comentarios\n    <\/p>\n<p>{\u00aballowComment\u00bb:\u00bballowed\u00bb,\u00bbarticleId\u00bb:\u00bbarticle-1002576930&#8243;,\u00bburl\u00bb:\u00bbhttps:\\\/\\\/www.mundodeportivo.com\\\/futbol\\\/real-madrid\\\/20251127\\\/1002576930\\\/emotivo-gesto-vinicius-xabi-demuestra-han-firmado-paz.html\u00bb,\u00bblivefyre-url\u00bb:\u00bbarticle-1002576930&#8243;}<\/p>\n<p>Cargando siguiente contenido&#8230;\n                <\/p>\n<p>    <script async src=\"https:\/\/platform.twitter.com\/widgets.js\" charset=\"utf-8\"><\/script><\/p>\n","protected":false},"excerpt":{"rendered":"El brasile\u00f1o, que hizo un muy buen partido en Atenas, parece haber reconducido su relaci\u00f3n con el entrenador&hellip;\n","protected":false},"author":2,"featured_media":258837,"comment_status":"","ping_status":"","sticky":false,"template":"","format":"standard","meta":{"footnotes":""},"categories":[268],"tags":[168,25,24,280,282,281,23,167],"class_list":{"0":"post-258836","1":"post","2":"type-post","3":"status-publish","4":"format-standard","5":"has-post-thumbnail","7":"category-futbol","8":"tag-deportes","9":"tag-es","10":"tag-espana","11":"tag-football","12":"tag-futbol","13":"tag-soccer","14":"tag-spain","15":"tag-sports"},"share_on_mastodon":{"url":"https:\/\/pubeurope.com\/@es\/115622735881466121","error":""},"_links":{"self":[{"href":"https:\/\/www.europesays.com\/es\/wp-json\/wp\/v2\/posts\/258836","targetHints":{"allow":["GET"]}}],"collection":[{"href":"https:\/\/www.europesays.com\/es\/wp-json\/wp\/v2\/posts"}],"about":[{"href":"https:\/\/www.europesays.com\/es\/wp-json\/wp\/v2\/types\/post"}],"author":[{"embeddable":true,"href":"https:\/\/www.europesays.com\/es\/wp-json\/wp\/v2\/users\/2"}],"replies":[{"embeddable":true,"href":"https:\/\/www.europesays.com\/es\/wp-json\/wp\/v2\/comments?post=258836"}],"version-history":[{"count":0,"href":"https:\/\/www.europesays.com\/es\/wp-json\/wp\/v2\/posts\/258836\/revisions"}],"wp:featuredmedia":[{"embeddable":true,"href":"https:\/\/www.europesays.com\/es\/wp-json\/wp\/v2\/media\/258837"}],"wp:attachment":[{"href":"https:\/\/www.europesays.com\/es\/wp-json\/wp\/v2\/media?parent=258836"}],"wp:term":[{"taxonomy":"category","embeddable":true,"href":"https:\/\/www.europesays.com\/es\/wp-json\/wp\/v2\/categories?post=258836"},{"taxonomy":"post_tag","embeddable":true,"href":"https:\/\/www.europesays.com\/es\/wp-json\/wp\/v2\/tags?post=258836"}],"curies":[{"name":"wp","href":"https:\/\/api.w.org\/{rel}","templated":true}]}}