{"id":258842,"date":"2025-11-27T17:04:10","date_gmt":"2025-11-27T17:04:10","guid":{"rendered":"https:\/\/www.europesays.com\/es\/258842\/"},"modified":"2025-11-27T17:04:10","modified_gmt":"2025-11-27T17:04:10","slug":"ha-incumplido-las-normas-tratando-de-influir-en-el-resultado","status":"publish","type":"post","link":"https:\/\/www.europesays.com\/es\/258842\/","title":{"rendered":"\u00abHa incumplido las normas tratando de influir en el resultado\u00bb"},"content":{"rendered":"<p style=\"\">El presidente de RTVE, Jos\u00e9 Pablo L\u00f3pez, compareci\u00f3 durante la tarde de este jueves en la Comisi\u00f3n Mixta de<a href=\"https:\/\/www.abc.es\/play\/television\/noticias\/presidente-rtve-seguire-pidiendo-financiacion-television-publica-20251028123132-nt.html\" target=\"_self\" data-voc-vtm-id=\"in-text-traffic\" title=\" control parlamentario de la Corporaci\u00f3n RTVE y sus sociedades\" rel=\"nofollow noopener\"> control parlamentario de la Corporaci\u00f3n RTVE y sus sociedades<\/a> ante los portavoces de los distintos grupos en el Senado. Durante la jornada, L\u00f3pez respondi\u00f3 a  &#8230; las preguntas, que se centraron sobre todo en asuntos de actualidad como su posible participaci\u00f3n de la delegaci\u00f3n espa\u00f1ola en el festival de Eurovisi\u00f3n si va Israel as\u00ed como el rumbo de RTVE en cuanto a producci\u00f3n propia y externa o los contenidos que se est\u00e1n emitiendo actualmente. El presidente de RTVE ha reafirmado que la posici\u00f3n de no estar en el Eurovisi\u00f3n si Israel participa. <\/p>\n<p class=\"voc-p\" style=\"\">\u00abMantenemos la misma posici\u00f3n por dos motivos: por el genocidio perpetrado en Gaza y que el festival es un concurso pero los derechos humanos no. Quiero poner encima de la mesa el incumplimiento de Israel de las normas del concurso.<strong> Ha tratado de influir en el resultado al menos en los dos \u00faltimos a\u00f1os y no se ha penalizado<\/strong>. Cualquier otros pa\u00eds que hubiera hecho eso hubiera estado suspendido y sancionado. Estoy agradecido a la carta del director de la UER donde me reconoc\u00eda que gracias a la presi\u00f3n de RTVE se van a adoptar varias medidas para disuadir la utilizaci\u00f3n pol\u00edtica del festival. Para Israel el concurso es mucho m\u00e1s y tiene una deriva pol\u00edtica importante. Las medidas son necesarias pero insuficientes. Es el planteamiento que llevaremos a la Asamblea de la UER a Ginebra la semana que viene\u00bb, explic\u00f3 el presidente. <\/p>\n<p class=\"voc-p\" style=\"\">Otro de los asuntos que se abordaron durante la jornada fue el de la producci\u00f3n propia y externa. El portavoz Francisco Sierra Caballero, que pregunt\u00f3 acerca \u00ab<strong>del plan de internalizaci\u00f3n y producci\u00f3n propia<\/strong> que comprometi\u00f3 en su comparecencia ante la comisi\u00f3n de nombramientos\u00bb. \u00abLa externalizaci\u00f3n lo que hace es concentrar en unas cuantas productoras un reforzamiento de un oligopolio de facto que hay con el monopolio audiovisual. La producci\u00f3n propia garantizan la creatividad\u00bb, asegur\u00f3 el diputado, a lo que L\u00f3pez contest\u00f3: \u00ab\ufeff<strong>Tenemos derecho a decidir cu\u00e1l es el formato mas adecuado para cada uno de los programas.<\/strong> La producci\u00f3n propia no se est\u00e1 reduciendo en RTVE ni tampoco la cultura [&#8230;] Hemos mejorado la eficiencia interna. Le pedir\u00eda que me identificara uno de los programas que se graban fuera de Prado de Rey. Nuestros equipos est\u00e1n pr\u00e1cticamente al l\u00edmite de las capacidades, si me piden que ampl\u00ede la plantilla es otro tema. Prado de Rey se ha convertido en el motor de toda la Corporaci\u00f3n\u00bb, asegur\u00f3 el presidente. <\/p>\n<p class=\"voc-p\" style=\"\">\u00abInxtaurrondo dijo que no hab\u00eda pruebas ni indicios y como ahora le han condenado se tiran a defender a Cerd\u00e1n\u00bb, le planteaba el portavoz Eduardo Carazo a L\u00f3pez, algo que el presidente evit\u00f3 contestar y prefiri\u00f3 hacer referencia a la pol\u00e9mica suscitada con el hijo de Xavier Fortes, que ahora trabaja tambi\u00e9n en RTVE: \u00abEl hijo de Fortes no es responsable de ser su hijo\u00bb. \u00ab\ufeff<strong>Si de verdad est\u00e1 comprometido con las &#8216;fake news&#8217; est\u00e1 a tiempo de pedirle a Intxaurrondo que rectifique las mentiras<\/strong>\u00bb, aseguraba Carazo mientras que L\u00f3pez le contestaba que si ten\u00eda alg\u00fan problema con ella \u00abtiene los tribunales a su disposici\u00f3n\u00bb. <\/p>\n<p>\nOpini\u00f3n y crispaci\u00f3n\n<\/p>\n<p class=\"voc-p\" style=\"\">Tambi\u00e9n contest\u00f3 a la portavoz Bravo sobre los ejemplos que puso sobre los insultos que se hicieron sobre la figura de Don Juan Carlos. \u00abEstoy en contra de los insultos vengan de donde vengan, me parece que degradan\u00bb, indicaba mientras enunciaba, de nuevo, ejemplos de otras televisiones p\u00fablicas gobernadas por el PP. \u00ab<strong>De plural no tienen nada. Son varios los trabajadores que se han quejado del trato que hay.<\/strong> Se abusa de la agresividad verbal. Hemos denunciado a moderadores como Javier Ruiz que llev\u00f3 a Chapu Apaolaza que con el silencio del moderador que incit\u00f3 a la crispaci\u00f3n le llev\u00f3 a salir del plat\u00f3\u00bb, contest\u00f3 la portavoz, y as\u00ed contest\u00f3 L\u00f3pez: \u00abLa diferencia de RTVE y TeleMadrid es que el presidente de RTVE condena los insultos y en Telemadrid dicen que fue una an\u00e9cdota\u00bb.<\/p>\n<p>\nEl rumbo de RTVE\n<\/p>\n<p class=\"voc-p\" style=\"\">Tambi\u00e9n respondi\u00f3 al portavoz de Vox que le pregunt\u00f3 acerca del tratamiento informativo que se realiza en RTVE sobre las noticias relacionadas con la inseguridad. \u00abLos profesionales se rigen por los principios de RTVE que es desmentir bulos que su organizaci\u00f3n a veces intenta hacer pasar como informaci\u00f3n\u00bb, asegur\u00f3 el presidente, que tambi\u00e9n aludi\u00f3 al PP. \u00abPP y Vox son los partidos que m\u00e1s bulos han difundido en las elecciones catalanas\u00bb, a\u00f1adi\u00f3. <\/p>\n<p class=\"voc-p\" style=\"\"> \u00abA RTVE no se le puede achacar la falta de pluralidad. El 10 de noviembre Rosal\u00eda estuvo en &#8216;La Revuelta&#8217;,<strong> agradezco que eligiera el programa porque es un gesto de militancia en lo p\u00fablico<\/strong>. Desde otro programa se despacharon a gusto y dijeron que las televisiones p\u00fablicas deber\u00edan ser fulminadas. Todo ser\u00e1 hasta que visiten Prado de Rey y no les parezca mal lo que hagan. Se quiere deslegitimar el trabajo de RTVE cuando ahora crece y lidera franjas de emisi\u00f3n. La televisi\u00f3n p\u00fablica molesta cuando es competitiva. No puedo compartir que desde otros medios difundan bulos para presionar medi\u00e1ticamente\u00bb, contestaba tambi\u00e9n el presidente al diputado Vicent Sarri\u00e0.<\/p>\n<p class=\"voc-p\" style=\"\">Tambi\u00e9n respondi\u00f3 a la pregunta de la portavoz Mej\u00edas sobre los mecanismos de supervisi\u00f3n, verificaci\u00f3n y correcci\u00f3n que se est\u00e1n aplicando para cumplir con la Ley 17\/2006, de 5 de junio, de la radio y la televisi\u00f3n de titularidad estatal. \u00ab<strong>Una cosa es obligaci\u00f3n de imparcialidad y otra es neutralidad. Ah\u00ed no me va a encontrar.<\/strong> Nos queda mucho trabajo por hacer sobre regular RTVE y es que este pa\u00eds sea sociedad democr\u00e1tica cohesionada. Seguiremos trabajando para decir que no, que la dictadura es incompatible con los valores democr\u00e1ticos\u00bb, explic\u00f3 el presidente. <\/p>\n<p class=\"voc-p\" style=\"\">\u00ab<strong>Hay un sectarismo tan burdo que est\u00e1 avergonzado a los profesionales de su oficio<\/strong>. Se present\u00f3 a <a href=\"https:\/\/www.abc.es\/espana\/andalucia\/presenta-medica-auxiliar-cocinera-hospital-sevilla-atacar-20251107144630-nts.html\" target=\"_self\" data-voc-vtm-id=\"in-text-traffic\" title=\"una m\u00e9dico cuando era cocinera\" data-mrf-link=\"www.abc.es\" rel=\"nofollow noopener\">una m\u00e9dico cuando era cocinera<\/a>, hay opinadores como Mir\u00f3 que es carne de meme porque se proclama experto universal. Es la prueba del descontrol de contenidos que hay bajo su mandato. Se ha convertido en un vertedero sectario\u00bb, contestaba Mej\u00edas mientras que L\u00f3pez reiteraba el \u00ab\u00e9xito de RTVE\u00bb. \u00abEstamos a medio punto del liderazgo en abierto. Lo que tengo claro son los principios que ustedes eliminar\u00edan como el pluralismo pol\u00edtico y social o la promoci\u00f3n de la diversidad ling\u00fc\u00edstica\u00bb, contest\u00f3 el presidente. <\/p>\n","protected":false},"excerpt":{"rendered":"El presidente de RTVE, Jos\u00e9 Pablo L\u00f3pez, compareci\u00f3 durante la tarde de este jueves en la Comisi\u00f3n Mixta&hellip;\n","protected":false},"author":2,"featured_media":258843,"comment_status":"","ping_status":"","sticky":false,"template":"","format":"standard","meta":{"footnotes":""},"categories":[171],"tags":[146,147,25,24,2467,7355,618,23,214],"class_list":{"0":"post-258842","1":"post","2":"type-post","3":"status-publish","4":"format-standard","5":"has-post-thumbnail","7":"category-tv","8":"tag-entertainment","9":"tag-entretenimiento","10":"tag-es","11":"tag-espana","12":"tag-jose","13":"tag-lopez","14":"tag-pablo","15":"tag-spain","16":"tag-tv"},"share_on_mastodon":{"url":"https:\/\/pubeurope.com\/@es\/115622750860492124","error":""},"_links":{"self":[{"href":"https:\/\/www.europesays.com\/es\/wp-json\/wp\/v2\/posts\/258842","targetHints":{"allow":["GET"]}}],"collection":[{"href":"https:\/\/www.europesays.com\/es\/wp-json\/wp\/v2\/posts"}],"about":[{"href":"https:\/\/www.europesays.com\/es\/wp-json\/wp\/v2\/types\/post"}],"author":[{"embeddable":true,"href":"https:\/\/www.europesays.com\/es\/wp-json\/wp\/v2\/users\/2"}],"replies":[{"embeddable":true,"href":"https:\/\/www.europesays.com\/es\/wp-json\/wp\/v2\/comments?post=258842"}],"version-history":[{"count":0,"href":"https:\/\/www.europesays.com\/es\/wp-json\/wp\/v2\/posts\/258842\/revisions"}],"wp:featuredmedia":[{"embeddable":true,"href":"https:\/\/www.europesays.com\/es\/wp-json\/wp\/v2\/media\/258843"}],"wp:attachment":[{"href":"https:\/\/www.europesays.com\/es\/wp-json\/wp\/v2\/media?parent=258842"}],"wp:term":[{"taxonomy":"category","embeddable":true,"href":"https:\/\/www.europesays.com\/es\/wp-json\/wp\/v2\/categories?post=258842"},{"taxonomy":"post_tag","embeddable":true,"href":"https:\/\/www.europesays.com\/es\/wp-json\/wp\/v2\/tags?post=258842"}],"curies":[{"name":"wp","href":"https:\/\/api.w.org\/{rel}","templated":true}]}}