{"id":258850,"date":"2025-11-27T17:08:10","date_gmt":"2025-11-27T17:08:10","guid":{"rendered":"https:\/\/www.europesays.com\/es\/258850\/"},"modified":"2025-11-27T17:08:10","modified_gmt":"2025-11-27T17:08:10","slug":"el-diagnostico-tardio-de-vih-afecta-al-50-en-europa-alerta-el-ecdc","status":"publish","type":"post","link":"https:\/\/www.europesays.com\/es\/258850\/","title":{"rendered":"El diagn\u00f3stico tard\u00edo de VIH afecta al 50% en Europa, alerta el ECDC"},"content":{"rendered":"<p>El Centro Europeo para la Prevenci\u00f3n y el Control de Enfermedades (ECDC) ha comunicado que en Europa, la mitad de los individuos con VIH son diagnosticados en una etapa avanzada de la enfermedad, situaci\u00f3n que pone en riesgo cr\u00edtico el objetivo de eliminar el sida como amenaza de salud p\u00fablica para el a\u00f1o 2030.<\/p>\n<p>Seg\u00fan el \u00faltimo informe de vigilancia del VIH\/SIDA elaborado por el ECDC y la Oficina Regional de la OMS para Europa, se observa un insuficiente progreso en la implementaci\u00f3n de pruebas y tratamientos tempranos contra el VIH. Aunque las estad\u00edsticas muestran una leve reducci\u00f3n respecto al a\u00f1o anterior, a\u00fan se detectan importantes carencias en el diagn\u00f3stico y las pruebas necesarias.<\/p>\n<p>En la Uni\u00f3n Europea y el Espacio Econ\u00f3mico Europeo, se contabilizaron 24.164 nuevos diagn\u00f3sticos de VIH, equivalente a una incidencia de 5,3 casos por cada 100.000 habitantes.<\/p>\n<p>Las relaciones sexuales entre hombres son la principal v\u00eda de transmisi\u00f3n en estas regiones, constituyendo el 48% de los casos, aunque los diagn\u00f3sticos por transmisi\u00f3n heterosexual est\u00e1n en aumento y representan casi el 46%.<\/p>\n<p>\u201cEn la UE\/EEE, casi la mitad de los diagn\u00f3sticos se realizan tarde. Debemos innovar urgentemente nuestras estrategias de diagn\u00f3stico, adoptar las pruebas comunitarias y el autodiagn\u00f3stico, y garantizar una r\u00e1pida conexi\u00f3n con la atenci\u00f3n m\u00e9dica. Solo podremos erradicar el sida si las personas conocen su estado serol\u00f3gico\u201d, explic\u00f3 Pamela Rendi-Wagner, directora del ECDC.<\/p>\n<p>Por otra parte, durante 2024 se diagnosticaron 105.922 casos de VIH en la Regi\u00f3n Europea de la OMS, que abarca 53 pa\u00edses de Europa y Asia Central, con un 54% de los diagn\u00f3sticos efectuados en etapas tard\u00edas.<\/p>\n<p>\u201cNuestros datos presentan un panorama heterog\u00e9neo. Desde 2020, las pruebas del VIH en la Regi\u00f3n Europea han repuntado, lo que se ha traducido en un mayor volumen de pruebas notificadas y un aumento correspondiente de los diagn\u00f3sticos de VIH en 11 pa\u00edses en 2024. Solo en 2024, se diagnostic\u00f3 el VIH a 105.922 personas, con un total de 2,68 millones de diagn\u00f3sticos notificados desde la d\u00e9cada de 1980\u201d, se\u00f1al\u00f3 Hans Henri P. Kluge, director regional de la OMS para Europa.<\/p>\n<p>El ECDC y la OMS\/Europa est\u00e1n promoviendo la normalizaci\u00f3n y expansi\u00f3n del autodiagn\u00f3stico y las pruebas comunitarias para cerrar la brecha en la detecci\u00f3n del VIH y avanzar hacia el objetivo de erradicar el sida como amenaza para la salud p\u00fablica en 2030.<\/p>\n","protected":false},"excerpt":{"rendered":"El Centro Europeo para la Prevenci\u00f3n y el Control de Enfermedades (ECDC) ha comunicado que en Europa, la&hellip;\n","protected":false},"author":2,"featured_media":135832,"comment_status":"","ping_status":"","sticky":false,"template":"","format":"standard","meta":{"footnotes":""},"categories":[92],"tags":[25,24,165,166,23],"class_list":{"0":"post-258850","1":"post","2":"type-post","3":"status-publish","4":"format-standard","5":"has-post-thumbnail","7":"category-salud","8":"tag-es","9":"tag-espana","10":"tag-health","11":"tag-salud","12":"tag-spain"},"share_on_mastodon":{"url":"https:\/\/pubeurope.com\/@es\/115622766897048667","error":""},"_links":{"self":[{"href":"https:\/\/www.europesays.com\/es\/wp-json\/wp\/v2\/posts\/258850","targetHints":{"allow":["GET"]}}],"collection":[{"href":"https:\/\/www.europesays.com\/es\/wp-json\/wp\/v2\/posts"}],"about":[{"href":"https:\/\/www.europesays.com\/es\/wp-json\/wp\/v2\/types\/post"}],"author":[{"embeddable":true,"href":"https:\/\/www.europesays.com\/es\/wp-json\/wp\/v2\/users\/2"}],"replies":[{"embeddable":true,"href":"https:\/\/www.europesays.com\/es\/wp-json\/wp\/v2\/comments?post=258850"}],"version-history":[{"count":0,"href":"https:\/\/www.europesays.com\/es\/wp-json\/wp\/v2\/posts\/258850\/revisions"}],"wp:featuredmedia":[{"embeddable":true,"href":"https:\/\/www.europesays.com\/es\/wp-json\/wp\/v2\/media\/135832"}],"wp:attachment":[{"href":"https:\/\/www.europesays.com\/es\/wp-json\/wp\/v2\/media?parent=258850"}],"wp:term":[{"taxonomy":"category","embeddable":true,"href":"https:\/\/www.europesays.com\/es\/wp-json\/wp\/v2\/categories?post=258850"},{"taxonomy":"post_tag","embeddable":true,"href":"https:\/\/www.europesays.com\/es\/wp-json\/wp\/v2\/tags?post=258850"}],"curies":[{"name":"wp","href":"https:\/\/api.w.org\/{rel}","templated":true}]}}