{"id":258851,"date":"2025-11-27T17:09:08","date_gmt":"2025-11-27T17:09:08","guid":{"rendered":"https:\/\/www.europesays.com\/es\/258851\/"},"modified":"2025-11-27T17:09:08","modified_gmt":"2025-11-27T17:09:08","slug":"oscar-cornejo-y-adrian-madrid-productores-de-salvame-y-malas-lenguas-condenados-a-dos-anos-de-prision-por-difundir-un-episodio-de-rocio-flores-cuando-era-menor","status":"publish","type":"post","link":"https:\/\/www.europesays.com\/es\/258851\/","title":{"rendered":"\u00d3scar Cornejo y Adri\u00e1n Madrid, productores de \u2018S\u00e1lvame\u2019 y \u2018Malas lenguas\u2019, condenados a dos a\u00f1os de prisi\u00f3n por difundir un episodio de Roc\u00edo Flores cuando era menor | Televisi\u00f3n"},"content":{"rendered":"<p class=\"\">La Audiencia Provincial de Madrid ha condenado a dos a\u00f1os de prisi\u00f3n a los productores<a href=\"https:\/\/elpais.com\/espana\/2025-02-24\/los-creadores-de-salvame-sobre-la-causa-judicial-aqui-lo-que-esta-en-cuestion-es-el-ejercicio-de-nuestra-profesion.html\" target=\"_self\" rel=\"nofollow noopener\" title=\"https:\/\/elpais.com\/espana\/2025-02-24\/los-creadores-de-salvame-sobre-la-causa-judicial-aqui-lo-que-esta-en-cuestion-es-el-ejercicio-de-nuestra-profesion.html\"> \u00d3scar Cornejo y Adri\u00e1n Madrid<\/a>, actuales propietarios de La Osa Producciones \u2014productora de <a href=\"https:\/\/elpais.com\/television\/2025-06-16\/jesus-cintora-presentador-de-malas-lenguas-hay-gente-en-los-medios-que-se-esmera-mas-en-la-conspiracion-que-en-la-investigacion.html\" target=\"_self\" rel=\"nofollow noopener\" title=\"https:\/\/elpais.com\/television\/2025-06-16\/jesus-cintora-presentador-de-malas-lenguas-hay-gente-en-los-medios-que-se-esmera-mas-en-la-conspiracion-que-en-la-investigacion.html\">Malas lenguas<\/a>, <a href=\"https:\/\/elpais.com\/television\/2025-09-13\/marta-flich-todavia-nos-tenemos-que-hacer-las-tontas-para-no-molestar.html\" target=\"_self\" rel=\"nofollow noopener\" title=\"https:\/\/elpais.com\/television\/2025-09-13\/marta-flich-todavia-nos-tenemos-que-hacer-las-tontas-para-no-molestar.html\">Directo al grano<\/a> (La 1) y <a href=\"https:\/\/elpais.com\/television\/2025-09-01\/no-somos-nadie-de-menos-a-lo-de-siempre.html\" target=\"_self\" rel=\"nofollow noopener\" title=\"https:\/\/elpais.com\/television\/2025-09-01\/no-somos-nadie-de-menos-a-lo-de-siempre.html\">No somos nadie<\/a> en TEN\u2014, por un delito de revelaci\u00f3n de secretos. Seg\u00fan la sentencia, adelantada <a href=\"https:\/\/www.elmundo.es\/television\/2025\/11\/27\/69285039fdddffd8158b4573.html\" target=\"_self\" rel=\"nofollow noopener\" title=\"https:\/\/www.elmundo.es\/television\/2025\/11\/27\/69285039fdddffd8158b4573.html\">por el diario El Mundo<\/a> y confirmada por EL PA\u00cdS, los ex due\u00f1os de La F\u00e1brica de la Tele y creadores de S\u00e1lvame son \u201cautores criminalmente responsables\u201d de desvelar en el documental<a href=\"https:\/\/elpais.com\/television\/2021-03-29\/rocio-como-contar-una-historia-para-que-siga-viva.html\" target=\"_self\" rel=\"nofollow noopener\" title=\"https:\/\/elpais.com\/television\/2021-03-29\/rocio-como-contar-una-historia-para-que-siga-viva.html\"> Roc\u00edo, contar la verdad para seguir<\/a> viva el episodio de Roc\u00edo Flores con su madre Roc\u00edo Carrasco cuando la hija todav\u00eda era menor. Los condenados, ahora con dos programas en la corporaci\u00f3n p\u00fablica <a href=\"https:\/\/elpais.com\/television\/2025-06-22\/desconcierto-improvisacion-y-un-equipo-entregado-anatomia-del-hundimiento-de-la-familia-de-la-tele-tras-32-programas.html\" target=\"_self\" rel=\"nofollow noopener\" title=\"https:\/\/elpais.com\/television\/2025-06-22\/desconcierto-improvisacion-y-un-equipo-entregado-anatomia-del-hundimiento-de-la-familia-de-la-tele-tras-32-programas.html\">pese al fracaso de La familia de la tele<\/a>, deber\u00e1n pagar una indemnizaci\u00f3n de 200.000 euros y cumplir dos a\u00f1os de inhabilitaci\u00f3n especial \u201cpara el ejercicio de la profesi\u00f3n u oficio\u201d.<\/p>\n<p>M\u00e1s informaci\u00f3n<\/p>\n<p class=\"\">Roc\u00edo Flores, hija de Antonio David Flores y Roc\u00edo Carrasco, demand\u00f3 a \u00d3scar Cornejo (Tarragona, 52 a\u00f1os) y Adri\u00e1n Madrid (Zamora, 54 a\u00f1os) despu\u00e9s de que en un cap\u00edtulo del documental emitido en Telecinco en 2021 se revelase una sentencia suya de cuando era menor. En un principio el juzgado de instrucci\u00f3n archiv\u00f3 esa denuncia, pero Flores Carrasco, a trav\u00e9s de su abogado, recurri\u00f3 a la Audiencia Provincial de Madrid, que estim\u00f3 que la denuncia finalmente iba para delante y que hoy ha condenado a los dos productores.<\/p>\n<p class=\"\">A principios de este a\u00f1o, los ahora condenados recibieron a EL PA\u00cdS tan solo unos d\u00edas despu\u00e9s de que el magistrado Marcelino Sexmero dej\u00f3 a los creadores de S\u00e1lvame fuera de la causa judicial abierta por la difusi\u00f3n de datos confidenciales de famosos en el desaparecido programa de Mediaset, que un agente de la Polic\u00eda proporcionaba a varios de sus colaboradores \u2014por lo que ambos fueron imputados en 2022\u2014. El juez proces\u00f3, sin embargo, a su antigua compa\u00f1\u00eda (La F\u00e1brica de la Tele), a uno de los exdirectores del espacio televisivo y a varios de sus extrabajadores.<\/p>\n<p class=\"\">[Noticia de \u00faltima hora. Habr\u00e1 actualizaci\u00f3n en breve]<\/p>\n","protected":false},"excerpt":{"rendered":"La Audiencia Provincial de Madrid ha condenado a dos a\u00f1os de prisi\u00f3n a los productores \u00d3scar Cornejo y&hellip;\n","protected":false},"author":2,"featured_media":258852,"comment_status":"","ping_status":"","sticky":false,"template":"","format":"standard","meta":{"footnotes":""},"categories":[91],"tags":[38885,146,147,25,24,256,64884,955,25284,3157,25286,6478,23,692,807,3156],"class_list":{"0":"post-258851","1":"post","2":"type-post","3":"status-publish","4":"format-standard","5":"has-post-thumbnail","7":"category-entretenimiento","8":"tag-antonio-david-flores","9":"tag-entertainment","10":"tag-entretenimiento","11":"tag-es","12":"tag-espana","13":"tag-famosos","14":"tag-la-fabrica-de-la-tele","15":"tag-mediaset","16":"tag-programas-entretenimiento","17":"tag-rocio-carrasco","18":"tag-salvame","19":"tag-sentencias","20":"tag-spain","21":"tag-telecinco","22":"tag-television","23":"tag-tve"},"share_on_mastodon":{"url":"https:\/\/pubeurope.com\/@es\/115622770582718258","error":""},"_links":{"self":[{"href":"https:\/\/www.europesays.com\/es\/wp-json\/wp\/v2\/posts\/258851","targetHints":{"allow":["GET"]}}],"collection":[{"href":"https:\/\/www.europesays.com\/es\/wp-json\/wp\/v2\/posts"}],"about":[{"href":"https:\/\/www.europesays.com\/es\/wp-json\/wp\/v2\/types\/post"}],"author":[{"embeddable":true,"href":"https:\/\/www.europesays.com\/es\/wp-json\/wp\/v2\/users\/2"}],"replies":[{"embeddable":true,"href":"https:\/\/www.europesays.com\/es\/wp-json\/wp\/v2\/comments?post=258851"}],"version-history":[{"count":0,"href":"https:\/\/www.europesays.com\/es\/wp-json\/wp\/v2\/posts\/258851\/revisions"}],"wp:featuredmedia":[{"embeddable":true,"href":"https:\/\/www.europesays.com\/es\/wp-json\/wp\/v2\/media\/258852"}],"wp:attachment":[{"href":"https:\/\/www.europesays.com\/es\/wp-json\/wp\/v2\/media?parent=258851"}],"wp:term":[{"taxonomy":"category","embeddable":true,"href":"https:\/\/www.europesays.com\/es\/wp-json\/wp\/v2\/categories?post=258851"},{"taxonomy":"post_tag","embeddable":true,"href":"https:\/\/www.europesays.com\/es\/wp-json\/wp\/v2\/tags?post=258851"}],"curies":[{"name":"wp","href":"https:\/\/api.w.org\/{rel}","templated":true}]}}