{"id":258858,"date":"2025-11-27T17:13:09","date_gmt":"2025-11-27T17:13:09","guid":{"rendered":"https:\/\/www.europesays.com\/es\/258858\/"},"modified":"2025-11-27T17:13:09","modified_gmt":"2025-11-27T17:13:09","slug":"la-guardia-civil-detiene-a-la-exabadesa-de-belorado-tras-registrar-el-convento-espana","status":"publish","type":"post","link":"https:\/\/www.europesays.com\/es\/258858\/","title":{"rendered":"La Guardia Civil detiene a la exabadesa de Belorado tras registrar el convento | Espa\u00f1a"},"content":{"rendered":"<p class=\"\">La Guardia Civil ha detenido la tarde de este jueves a Laura Garc\u00eda de Viedma, exabadesa del convento burgal\u00e9s de Belorado, donde un grupo de monjas se rebel\u00f3 contra El Vaticano y <a href=\"https:\/\/elpais.com\/sociedad\/2024-06-22\/el-arzobispo-de-burgos-excomulga-a-las-monjas-clarisas-de-belorado.html\" target=\"_self\" rel=\"nofollow noopener\" title=\"https:\/\/elpais.com\/sociedad\/2024-06-22\/el-arzobispo-de-burgos-excomulga-a-las-monjas-clarisas-de-belorado.html\">acab\u00f3 siendo excomulgado<\/a>. El registro se ha producido a primeras horas de esta ma\u00f1ana y ha finalizado esta tarde con la detenci\u00f3n de la exabadesa dentro de una investigaci\u00f3n por delitos de apropiaci\u00f3n indebida y receptaci\u00f3n de piezas de car\u00e1cter hist\u00f3rico del convento y su posterior venta. El Juzgado de Briviesca mantiene abiertas unas diligencias previas a ra\u00edz de una denuncia por venta de obras de arte interpuesta por una persona ajena a las causas abiertas en torno al monasterio de Belorado y la excomuni\u00f3n de las diez monjas cism\u00e1ticas. <\/p>\n<p class=\"\">El enfrentamiento de las religiosas con los dogmas de la Iglesia Cat\u00f3lica las envolvi\u00f3 en un litigio judicial donde las autoridades cat\u00f3licas esgrimen que, al haberse desvinculado de las tesis del Concilio Vaticano II y quedar por tanto expulsadas del clero, <a href=\"https:\/\/elpais.com\/sociedad\/2025-07-29\/el-juicio-por-el-desahucio-de-las-exmonjas-de-belorado-queda-visto-para-sentencia.html\" target=\"_self\" rel=\"nofollow noopener\" title=\"https:\/\/elpais.com\/sociedad\/2025-07-29\/el-juicio-por-el-desahucio-de-las-exmonjas-de-belorado-queda-visto-para-sentencia.html\">deb\u00edan ser desahuciadas del monasterio de Belorado<\/a> que llevaban d\u00e9cadas ocupando. Los pulsos judiciales se han proseguido sin que de momento las cism\u00e1ticas se hayan conseguido imponer sobre el Arzobispado. La justicia investiga posibles acciones il\u00edcitas en <a href=\"https:\/\/elpais.com\/sociedad\/2024-05-17\/todo-lo-que-oculta-el-encierro-de-las-rebeldes-monjas-clarisas-de-belorado-sectas-intereses-inmobiliarios-y-un-obispo-excomulgado.html#?rel=mas\" target=\"_self\" rel=\"nofollow noopener\" title=\"https:\/\/elpais.com\/sociedad\/2024-05-17\/todo-lo-que-oculta-el-encierro-de-las-rebeldes-monjas-clarisas-de-belorado-sectas-intereses-inmobiliarios-y-un-obispo-excomulgado.html#?rel=mas\">la venta de 1,7 kilos de oro por 121.000 euros<\/a> y por presuntas estafas al alquiler un convento de Derio (Bizkaia), correspondiente a la orden, a un empresario alem\u00e1n. <\/p>\n<p class=\"\">Viedema, que era sor Isabel de la Trinidad antes de que el Vaticano la apartara junto a sus hermanas rebeldes, ha sido arrestada despu\u00e9s de que los guardias civiles hayan registrado el controvertido convento de Belorado, <a href=\"https:\/\/elpais.com\/sociedad\/2025-08-01\/las-exmonjas-de-belorado-impiden-que-salgan-de-un-convento-vasco-cinco-companeras-ancianas.html\" target=\"_self\" rel=\"nofollow noopener\" title=\"https:\/\/elpais.com\/sociedad\/2025-08-01\/las-exmonjas-de-belorado-impiden-que-salgan-de-un-convento-vasco-cinco-companeras-ancianas.html\">donde durante meses se han mantenido las monjas<\/a>. El conflicto con el Arzobispado de Burgos las ha llevado a unas causas judiciales y las correspondientes declaraciones en los juzgados, donde han renegado del m\u00e1ximo cargo del clero en la provincia, Mario Iceta, mientras que la autoridad eclesi\u00e1stica acab\u00f3 reclamando que fuesen expulsadas del espacio religioso, pues ya no contaban con derecho a ocuparlo tras haber sido eliminadas de la fe. <\/p>\n<p class=\"\">Las religiosas soliviantaron al Arzobispado al someterse al mando de falsos obispos que pertenec\u00edan a \u00f3rdenes consideradas \u201csectas\u201d por la Iglesia al seguir doctrinas ajenas a Roma. Las exmonjas publicaron a mediados de 2024 lo que denominaron \u201cManifiesto Cat\u00f3lico\u201d en donde mostraban su negativa a las doctrinas cat\u00f3licas posteriores al Concilio Vaticano, sin validar a los papas posteriores a Juan XXIII y considerando \u201chereje\u201d a Francisco, fallecido en abril. <\/p>\n<p class=\"\">El juzgado de Briviesca, al frente de las pesquisas, est\u00e1 estudiando dos posibles causas penales en cuanto a la venta del oro y el alquiler del hospedaje en el convento de Derio. La noticia se ha producido en el marco de los litigios por un posible desahucio sobre las exclarisas tanto en su monasterio burgal\u00e9s como en otro que la congregaci\u00f3n ostenta en Ordu\u00f1a (Bizkaia), donde residen cinco religiosas ancianas junto a otras m\u00e1s j\u00f3venes que las cuidan. Un juzgado de Primera Instancia de Bilbao notific\u00f3 la semana pasada una demanda de desahucio sobre estas mujeres para que abandonaran esas instalaciones del mismo modo que se les ha instado en Belorado. <\/p>\n","protected":false},"excerpt":{"rendered":"La Guardia Civil ha detenido la tarde de este jueves a Laura Garc\u00eda de Viedma, exabadesa del convento&hellip;\n","protected":false},"author":2,"featured_media":258859,"comment_status":"","ping_status":"","sticky":false,"template":"","format":"standard","meta":{"footnotes":""},"categories":[8],"tags":[14512,17,18,55275,25,24,13,14,1160,11,401,13957,2128,735,19,20,9217,9,10,15,16,5603,23,12,21,22],"class_list":{"0":"post-258858","1":"post","2":"type-post","3":"status-publish","4":"format-standard","5":"has-post-thumbnail","7":"category-espana","8":"tag-belorado","9":"tag-breaking-news","10":"tag-breakingnews","11":"tag-conventos","12":"tag-es","13":"tag-espana","14":"tag-featured-news","15":"tag-featurednews","16":"tag-guardia-civil","17":"tag-headlines","18":"tag-iglesia-catolica","19":"tag-iglesia-catolica-espanola","20":"tag-juicios","21":"tag-juzgados","22":"tag-latest-news","23":"tag-latestnews","24":"tag-monjas","25":"tag-news","26":"tag-noticias","27":"tag-noticias-destacadas","28":"tag-noticiasdestacadas","29":"tag-religion","30":"tag-spain","31":"tag-titulares","32":"tag-ultimas-noticias","33":"tag-ultimasnoticias"},"share_on_mastodon":{"url":"https:\/\/pubeurope.com\/@es\/115622786376291292","error":""},"_links":{"self":[{"href":"https:\/\/www.europesays.com\/es\/wp-json\/wp\/v2\/posts\/258858","targetHints":{"allow":["GET"]}}],"collection":[{"href":"https:\/\/www.europesays.com\/es\/wp-json\/wp\/v2\/posts"}],"about":[{"href":"https:\/\/www.europesays.com\/es\/wp-json\/wp\/v2\/types\/post"}],"author":[{"embeddable":true,"href":"https:\/\/www.europesays.com\/es\/wp-json\/wp\/v2\/users\/2"}],"replies":[{"embeddable":true,"href":"https:\/\/www.europesays.com\/es\/wp-json\/wp\/v2\/comments?post=258858"}],"version-history":[{"count":0,"href":"https:\/\/www.europesays.com\/es\/wp-json\/wp\/v2\/posts\/258858\/revisions"}],"wp:featuredmedia":[{"embeddable":true,"href":"https:\/\/www.europesays.com\/es\/wp-json\/wp\/v2\/media\/258859"}],"wp:attachment":[{"href":"https:\/\/www.europesays.com\/es\/wp-json\/wp\/v2\/media?parent=258858"}],"wp:term":[{"taxonomy":"category","embeddable":true,"href":"https:\/\/www.europesays.com\/es\/wp-json\/wp\/v2\/categories?post=258858"},{"taxonomy":"post_tag","embeddable":true,"href":"https:\/\/www.europesays.com\/es\/wp-json\/wp\/v2\/tags?post=258858"}],"curies":[{"name":"wp","href":"https:\/\/api.w.org\/{rel}","templated":true}]}}