{"id":258862,"date":"2025-11-27T17:20:20","date_gmt":"2025-11-27T17:20:20","guid":{"rendered":"https:\/\/www.europesays.com\/es\/258862\/"},"modified":"2025-11-27T17:20:20","modified_gmt":"2025-11-27T17:20:20","slug":"ciclismo-a-fondo-488-calendario-ciclista-2026-ya-a-la","status":"publish","type":"post","link":"https:\/\/www.europesays.com\/es\/258862\/","title":{"rendered":"\u00a1Ciclismo a Fondo 488 + Calendario Ciclista 2026, ya a la&#8230;"},"content":{"rendered":"<p>                    Entrevistas con Joao Almeida, Jonathan Castroviejo, Albert Torres y H\u00e9ctor \u00c1lvarez, el recorrido del Tour y el Calendario Ciclista 2026 de regalo con el n\u00famero de Diciembre de CAF.<\/p>\n<p class=\"c-mainarticle__date\">\n<p>                    27 de noviembre de 2025 (16:00 CET)<\/p>\n<p>                                                                                                                                        <img fetchpriority=\"high\" decoding=\"async\" src=\"https:\/\/www.europesays.com\/es\/wp-content\/uploads\/2025\/11\/ciclismo-a-fondo-488-calendario-ciclista-2026-ya-a-la-venta.jpeg\" alt=\"Ciclismo a Fondo 488 + Calendario Ciclista 2026, ya a la venta\" title=\"Ciclismo a Fondo 488 + Calendario Ciclista 2026, ya a la venta\" class=\"c-mainarticle__img\" loading=\"eager\" width=\"790\" height=\"454\"\/><\/p>\n<p>                    Ciclismo a Fondo 488 + Calendario Ciclista 2026, ya a la venta<\/p>\n<p>El \u00faltimo n\u00famero de Ciclismo a Fondo de este a\u00f1o no viene solo, pues por el mismo precio habitual os llevar\u00e9is el <strong>Calendario Ciclista de 2026<\/strong> como extra. <strong>Doce espectaculares fotos<\/strong> ilustran los meses, en los que encontrar\u00e9is pormenorizadas <strong>todas las citas importantes de la pr\u00f3xima temporada<\/strong>, tanto en categor\u00eda masculina como femenina.<\/p>\n<p>Este CAF 488 viene adem\u00e1s repleto de contenidos y un <strong>amplio espacio para las entrevistas<\/strong>. El portugu\u00e9s <strong>Joao Almeida, Jonathan Castroviejo <\/strong>en su despedida, el flamante campe\u00f3n mundial <strong>Albert Torres<\/strong> y el jovenc\u00edsimo <strong>H\u00e9ctor \u00c1lvarez <\/strong>protagonizan un p\u00f3quer de conversaciones en profundidad. Tambi\u00e9n hablamos con el checo <strong>Vojtech Kminek<\/strong> (Burgos Burpellet BH), <strong>Nil Gimeno<\/strong> (Equipo Kern Pharma) y <strong>Sergio Trueba<\/strong> (Illes Balears-Arabay), adem\u00e1s de visualizar en im\u00e1genes las trayectorias de los recientemente retirados Gianluca Brambilla y Alessandro de Marchi.<\/p>\n<p>Repasamos los <strong>recorridos del Tour de Francia y <\/strong>del <strong>Tour de France Femmes 2026,\u00a0<\/strong>de la mano de Lorenzo Cipr\u00e9s\u00a0la <strong>amplia n\u00f3mina de velocistas que cuelgan la bici<\/strong>, el <strong>r\u00e9cord de triunfos del UAE Team Emirates-XRG<\/strong>, el brillante fin de curso del <strong>Laboral Kutxa-Fundaci\u00f3n Euskadi<\/strong>, los <strong>Mundiales de pista<\/strong>, los primeros compases de la <strong>campa\u00f1a de ciclocross<\/strong>, el an\u00e1lisis de los cada vez m\u00e1s numerosos saltos <strong>de juvenil a profesional.<\/strong>.. En definitiva, no faltan temas en las p\u00e1ginas de competici\u00f3n.<\/p>\n<p>La <strong>Wilier Filante SLR ID2 <\/strong>pasa por nuestra <strong>gran prueba<\/strong> y presentamos otras dos bicis que hemos conocido de primera mano: la <strong>Merida Mission<\/strong> de gravel y la <strong>Dare Prestige Ace-AFO S8<\/strong>. Un informe de las <strong>ruedas Vision SC 45-60 SL<\/strong>, un diccionario con los 25 avances tecnol\u00f3gicos m\u00e1s importantes de <strong>SRAM <\/strong>y los <strong>test Al Detalle<\/strong> de las chaquetas Castelli Do.Di.Ci. y Perfetto RoS 3, los pedales Look Keo Vision, el casco MET Trenta 3K Carbon, la cubierta Cadex Aero Cotton y las gafas Adidas Dunamis EVO S.<\/p>\n<p>El resumen de la <strong>Volta Cicloturista a Menorca<\/strong>, la viajera historia de motivaci\u00f3n de Bryan Cuevas, la opini\u00f3n de Joseba Beloki, noticias, novedades, un adelanto editorial del nuevo libro de Guillaume Martin&#8230; <strong>todo ello os espera ya en vuestro kiosco junto al Calendario Ciclista 2026.<\/strong><\/p>\n<p>Puedes descargarte la\u00a0<strong>edici\u00f3n digital por 2,99 \u20ac,<\/strong>\u00a0a trav\u00e9s de la\u00a0<b>app Sport Life Ib\u00e9rica Store<\/b>\u00a0para Tablet y Smartphone, que podr\u00e1s\u00a0<b><a data-external=\"1\" href=\"https:\/\/play.google.com\/store\/apps\/details?id=com.motorpressiberica.motorpress&amp;hl=es&amp;gl=US&amp;pli=1\" rel=\"nofollow noopener\" target=\"_blank\" title=\"conseguir aqu\u00ed para Android\">conseguir aqu\u00ed para Android<\/a><\/b>\u00a0y desde\u00a0<b><a data-external=\"1\" href=\"https:\/\/apps.apple.com\/es\/app\/sport-life-iberica-store\/id1446561012\" rel=\"nofollow noopener\" target=\"_blank\" title=\"este enlace para iPad o iPhone\">este enlace para iPad o iPhone<\/a><\/b>.\u00a0<\/p>\n<p>Si prefieres\u00a0<b>ver la revista desde tu ordenador<\/b>, entra en\u00a0<a data-external=\"1\" href=\"http:\/\/lector.sportlifeiberica.es\/\" rel=\"nofollow noopener\" target=\"_blank\" title=\"http:\/\/lector.sportlifeiberica.es\/\">http:\/\/lector.sportlifeiberica.es\/<\/a>\u00a0con las claves que consigues tras haberte suscrito en la app Sport Life Ib\u00e9rica Store.<\/p>\n<p>Y si quieres que te llegue la revista a casa,\u00a0<strong><a data-external=\"1\" href=\"https:\/\/suscripciones.sportlifeiberica.es\/mm\/deportes\/ciclismo-a-fondo\/ciclismoafondo488\" rel=\"nofollow noopener\" target=\"_blank\" title=\"p\u00eddela aqu\u00ed\">p\u00eddela aqu\u00ed<\/a><\/strong>.\u00a0<\/p>\n<p><img decoding=\"async\" loading=\"lazy\" alt=\"Portada CAF 488\" data-id=\"14666434\" data-resize=\"null\" height=\"1056\" src=\"https:\/\/www.europesays.com\/es\/wp-content\/uploads\/2025\/11\/portada-caf-488.jpeg\" title=\"Portada CAF 488\" width=\"800\"\/><\/p>\n<p><img decoding=\"async\" loading=\"lazy\" alt=\"Foto calendario 2026\" data-id=\"14666444\" data-resize=\"null\" height=\"600\" src=\"https:\/\/www.europesays.com\/es\/wp-content\/uploads\/2025\/11\/foto-calendario-2026.jpeg\" title=\"Foto calendario 2026\" width=\"800\"\/><\/p>\n<p>\u00a0<\/p>\n","protected":false},"excerpt":{"rendered":"Entrevistas con Joao Almeida, Jonathan Castroviejo, Albert Torres y H\u00e9ctor \u00c1lvarez, el recorrido del Tour y el Calendario&hellip;\n","protected":false},"author":2,"featured_media":258863,"comment_status":"","ping_status":"","sticky":false,"template":"","format":"standard","meta":{"footnotes":""},"categories":[273],"tags":[313,312,168,25,24,23,167],"class_list":{"0":"post-258862","1":"post","2":"type-post","3":"status-publish","4":"format-standard","5":"has-post-thumbnail","7":"category-ciclismo","8":"tag-ciclismo","9":"tag-cycling","10":"tag-deportes","11":"tag-es","12":"tag-espana","13":"tag-spain","14":"tag-sports"},"share_on_mastodon":{"url":"https:\/\/pubeurope.com\/@es\/115622813965647626","error":""},"_links":{"self":[{"href":"https:\/\/www.europesays.com\/es\/wp-json\/wp\/v2\/posts\/258862","targetHints":{"allow":["GET"]}}],"collection":[{"href":"https:\/\/www.europesays.com\/es\/wp-json\/wp\/v2\/posts"}],"about":[{"href":"https:\/\/www.europesays.com\/es\/wp-json\/wp\/v2\/types\/post"}],"author":[{"embeddable":true,"href":"https:\/\/www.europesays.com\/es\/wp-json\/wp\/v2\/users\/2"}],"replies":[{"embeddable":true,"href":"https:\/\/www.europesays.com\/es\/wp-json\/wp\/v2\/comments?post=258862"}],"version-history":[{"count":0,"href":"https:\/\/www.europesays.com\/es\/wp-json\/wp\/v2\/posts\/258862\/revisions"}],"wp:featuredmedia":[{"embeddable":true,"href":"https:\/\/www.europesays.com\/es\/wp-json\/wp\/v2\/media\/258863"}],"wp:attachment":[{"href":"https:\/\/www.europesays.com\/es\/wp-json\/wp\/v2\/media?parent=258862"}],"wp:term":[{"taxonomy":"category","embeddable":true,"href":"https:\/\/www.europesays.com\/es\/wp-json\/wp\/v2\/categories?post=258862"},{"taxonomy":"post_tag","embeddable":true,"href":"https:\/\/www.europesays.com\/es\/wp-json\/wp\/v2\/tags?post=258862"}],"curies":[{"name":"wp","href":"https:\/\/api.w.org\/{rel}","templated":true}]}}