{"id":258864,"date":"2025-11-27T17:22:09","date_gmt":"2025-11-27T17:22:09","guid":{"rendered":"https:\/\/www.europesays.com\/es\/258864\/"},"modified":"2025-11-27T17:22:09","modified_gmt":"2025-11-27T17:22:09","slug":"oi-lo-de-mi-peso-si-hubiera-querido-hablarlo-lo-habria-hecho","status":"publish","type":"post","link":"https:\/\/www.europesays.com\/es\/258864\/","title":{"rendered":"\u201cO\u00ed lo de mi peso. Si hubiera querido hablarlo, lo habr\u00eda hecho\u201d"},"content":{"rendered":"<p class=\"\"><a href=\"https:\/\/as.com\/baloncesto\/nba\/yabusele-perdido-en-los-knicks-f202511-n\/\" target=\"_self\" rel=\"nofollow noopener\" title=\"https:\/\/as.com\/baloncesto\/nba\/yabusele-perdido-en-los-knicks-f202511-n\/\"><b>La temporada de Guerschon Yabusele est\u00e1 siendo complicada<\/b><\/a>. En verano fich\u00f3 por los Knicks lleno de expectativas tras un a\u00f1o fant\u00e1stico en los Sixers, en el que se aprovech\u00f3 de la deriva de la franquicia para hacerse un hueco <b>y promediar 11 puntos y 5,6 rebotes por noche, disputando 70 partidos, 43 de ellos como titular<\/b>, y superando los 27 minutos de media. Eso le permiti\u00f3 poner rumbo a la Gran Manzana, a Nueva York, para enrolarse a un proyecto al alza que hace unos meses lleg\u00f3 a sus primeras finales de Conferencia desde el 2000 <a href=\"https:\/\/as.com\/baloncesto\/nba\/thibodeau-despedido-por-los-knicks-n\/\" target=\"_self\" rel=\"nofollow noopener\" title=\"https:\/\/as.com\/baloncesto\/nba\/thibodeau-despedido-por-los-knicks-n\/\"><b>y que despidi\u00f3 a Tom Thibodeau<\/b><\/a> para fichar a Mike Brown, un movimiento extra\u00f1o (son dos entrenadores de la vieja usanza), pero que est\u00e1 dando sus frutos en una (casi siempre) pobre Conferencia Este.<\/p>\n<p class=\"\">Los Knicks van 11-6, cuartos de la Conferencia Este, <b>con sensaciones dispares pero posibilidades de ir hacia arriba mientras los Pistons<\/b> (15-3 <a href=\"https:\/\/as.com\/baloncesto\/nba\/hugo-ve-caer-la-mayor-racha-de-la-nba-f202511-n\/\" target=\"_self\" rel=\"nofollow noopener\" title=\"https:\/\/as.com\/baloncesto\/nba\/hugo-ve-caer-la-mayor-racha-de-la-nba-f202511-n\/\"><b>y reciente e inesperada derrota ante los Celtics<\/b><\/a>) protagonizan su revoluci\u00f3n particular. Pero Yabusele no est\u00e1 teniendo hueco: ha participado en los 17 partidos de su equipo, pero con poco m\u00e1s de 10 minutos de media y apenas 2,6 puntos y 2,3 rebotes de media, con un muy pobre 33% en tiros de campo y por debajo del 27% en triples, cuando el curso pasado se fue por encima del 50 y del 38% respectivamente. <b>Poco protagonismo y escasez de oportunidades mientras Mike Brown ajusta su organigrama<\/b> con Jalen Brunson de l\u00edder bien rodeado: Karl-Anthony Towns, Josh Hart, Mikal Bridges&#8230;<\/p>\n<p class=\"\">Y si eso fuera poco, ha habido otro tema recurrente que adem\u00e1s ha sacado parcialmente de quicio a Yabusele, <a href=\"https:\/\/as.com\/baloncesto\/nba\/el-peso-de-yabusele-deja-boquiabierta-a-la-nba-f202511-n\/\" target=\"_self\" rel=\"nofollow noopener\" title=\"https:\/\/as.com\/baloncesto\/nba\/el-peso-de-yabusele-deja-boquiabierta-a-la-nba-f202511-n\/\"><b>que tras la victoria ante los Hornets fue preguntado&#8230; sobre su peso<\/b><\/a>. <a href=\"https:\/\/www.lequipe.fr\/Basket\/Actualites\/Guerschon-yabusele-l-annee-derniere-mon-poids-n-etait-pas-un-probleme-pourquoi-l-est-il-cette-annee\/1612645\" target=\"_self\" rel=\"nofollow noopener\" title=\"https:\/\/www.lequipe.fr\/Basket\/Actualites\/Guerschon-yabusele-l-annee-derniere-mon-poids-n-etait-pas-un-probleme-pourquoi-l-est-il-cette-annee\/1612645\"><b>El medio franc\u00e9s <\/b><b>L\u2019Equipe <\/b><b>ha recogido sus declaraciones<\/b><\/a>, en las que no se muestra demasiado de acuerdo con las cr\u00edticas sobre su figura: \u201cLo o\u00ed, y si hubiera querido hablar de ello, lo habr\u00eda hecho, pero decid\u00ed no hacerlo. La gente dice lo que quiere. Si comparas mi peso con el del a\u00f1o pasado, es el mismo. El a\u00f1o pasado no fue un problema, as\u00ed que \u00bfpor qu\u00e9 lo es este a\u00f1o? Adem\u00e1s, peso menos que el a\u00f1o pasado\u201d, asegura el jugador, <b>visiblemente molesto con lo que se va diciendo acerca de este tema<\/b>. \u201cNo me preocupa eso, hago lo que tengo que hacer. Me siento bien y en gran forma. As\u00ed son las cosas\u201d, dijo.<\/p>\n<p>Noticias relacionadas<\/p>\n<p class=\"\">Pero la conversaci\u00f3n no qued\u00f3 ah\u00ed, y el ala-p\u00edvot fue tambi\u00e9n preguntado por su actual situaci\u00f3n en los Knicks y las sensaciones que tiene en su actual destino: \u201c<b>No voy a mentir, es dif\u00edcil. Estoy en una situaci\u00f3n diferente<\/b>. Trato de adaptarme a mi nuevo rol y hacerlo lo mejor posible. Voy a intentar ser fiel a m\u00ed mismo, trabajar en mi estado f\u00edsico y estar lo m\u00e1s preparado posible cuando est\u00e9 en el campo\u201d, dice el franc\u00e9s, que ya sabe c\u00f3mo funciona esto: de 2017 a 2019 estuvo en los Celtics tambi\u00e9n con poco protagonismo<b> y se vio obligado a emigrar al Viejo Continente para probar suerte, pasando por el Real Madrid<\/b>. Ahora, y tras un gran a\u00f1o en los Sixers, vuelven las dificultades. As\u00ed es la NBA.<\/p>\n<p class=\"\"><b>\u00a1Tus opiniones importan!<\/b> Comenta en los art\u00edculos y suscr\u00edbete gratis a nuestra <a href=\"https:\/\/asfan.as.com\/newsletters\/\" target=\"_blank\" rel=\"nofollow noopener\" title=\"https:\/\/asfan.as.com\/newsletters\/\">newsletter<\/a> y a las alertas informativas en la <a href=\"https:\/\/as.com\/aplicacion-de-as-n\/\" target=\"_blank\" rel=\"nofollow noopener\" title=\"https:\/\/as.com\/aplicacion-de-as-n\/\">App<\/a> o el canal de <a href=\"https:\/\/www.whatsapp.com\/channel\/0029VaAasdA7j6g745nz9M10\" target=\"_blank\" rel=\"nofollow noopener\" title=\"https:\/\/www.whatsapp.com\/channel\/0029VaAasdA7j6g745nz9M10\">WhatsApp<\/a>. \u00bfBuscas licenciar contenido? Haz clic <a href=\"https:\/\/profesional.elpais.com\/soluciones-sindicacion?utm_medium=interno&amp;utm_source=crosslinking&amp;utm_campaign=sindicacion_as_pie_articulos\" target=\"_blank\" rel=\"nofollow noopener\" title=\"https:\/\/profesional.elpais.com\/soluciones-sindicacion?utm_medium=interno&amp;utm_source=crosslinking&amp;utm_campaign=sindicacion_as_pie_articulos\">aqu\u00ed<\/a><\/p>\n","protected":false},"excerpt":{"rendered":"La temporada de Guerschon Yabusele est\u00e1 siendo complicada. En verano fich\u00f3 por los Knicks lleno de expectativas tras&hellip;\n","protected":false},"author":2,"featured_media":258865,"comment_status":"","ping_status":"","sticky":false,"template":"","format":"standard","meta":{"footnotes":""},"categories":[269],"tags":[299,298,168,25,24,23,167],"class_list":{"0":"post-258864","1":"post","2":"type-post","3":"status-publish","4":"format-standard","5":"has-post-thumbnail","7":"category-baloncesto","8":"tag-baloncesto","9":"tag-basketball","10":"tag-deportes","11":"tag-es","12":"tag-espana","13":"tag-spain","14":"tag-sports"},"share_on_mastodon":{"url":"https:\/\/pubeurope.com\/@es\/115622821584302486","error":""},"_links":{"self":[{"href":"https:\/\/www.europesays.com\/es\/wp-json\/wp\/v2\/posts\/258864","targetHints":{"allow":["GET"]}}],"collection":[{"href":"https:\/\/www.europesays.com\/es\/wp-json\/wp\/v2\/posts"}],"about":[{"href":"https:\/\/www.europesays.com\/es\/wp-json\/wp\/v2\/types\/post"}],"author":[{"embeddable":true,"href":"https:\/\/www.europesays.com\/es\/wp-json\/wp\/v2\/users\/2"}],"replies":[{"embeddable":true,"href":"https:\/\/www.europesays.com\/es\/wp-json\/wp\/v2\/comments?post=258864"}],"version-history":[{"count":0,"href":"https:\/\/www.europesays.com\/es\/wp-json\/wp\/v2\/posts\/258864\/revisions"}],"wp:featuredmedia":[{"embeddable":true,"href":"https:\/\/www.europesays.com\/es\/wp-json\/wp\/v2\/media\/258865"}],"wp:attachment":[{"href":"https:\/\/www.europesays.com\/es\/wp-json\/wp\/v2\/media?parent=258864"}],"wp:term":[{"taxonomy":"category","embeddable":true,"href":"https:\/\/www.europesays.com\/es\/wp-json\/wp\/v2\/categories?post=258864"},{"taxonomy":"post_tag","embeddable":true,"href":"https:\/\/www.europesays.com\/es\/wp-json\/wp\/v2\/tags?post=258864"}],"curies":[{"name":"wp","href":"https:\/\/api.w.org\/{rel}","templated":true}]}}