{"id":258866,"date":"2025-11-27T17:23:11","date_gmt":"2025-11-27T17:23:11","guid":{"rendered":"https:\/\/www.europesays.com\/es\/258866\/"},"modified":"2025-11-27T17:23:11","modified_gmt":"2025-11-27T17:23:11","slug":"el-real-oviedo-confirma-la-lesion-de-javi-lopez-y-bailly-vuelve-a-la-dinamica-grupal-la-voz-de-asturias","status":"publish","type":"post","link":"https:\/\/www.europesays.com\/es\/258866\/","title":{"rendered":"El Real Oviedo confirma la lesi\u00f3n de Javi L\u00f3pez y Bailly vuelve a la din\u00e1mica grupal &#8211; La Voz de Asturias"},"content":{"rendered":"<ol>\n<li><a href=\"https:\/\/news.google.com\/rss\/articles\/CBMi8AFBVV95cUxNYmI4WTduZ2NER0pINEh2UFJGSVlDU2hJclIwdG5LUWF6dXFJNHdVbmJSdnpJNDhwLW9DVmVzamNDSHQyVXhrWWZ6UHd3cHhYTk5XREduNmxEWTctdTRjQlY2eU1QT0FrWEFEaXBJU0U2WDV5NFRyZ0pfWDhid3FJWTQzNXVldXhzOWFQTDFqU215Y1RoUEZrVkJOb1preFM2TkxPZlBfbWhZX0VvVUJ3SVBuMmg4UnhLRzJpUi14YTJFeGZrUTk2UEQxRGM5YXJyZHhHcHFoWXdrYkVGc2VYZWVyM2dqNlF5RlZoR1h0Um7SAYwCQVVfeXFMTmFlVDZzUzAwTTAxWGphZmEwVkMyM3NyTVlNZDR3dlNOZWtfTmFoRWJ4OTJDSTNlZG9rdVdDNExGcWo3Ti03Z1NHUnpmcHZpVTRqVkdiclY1T3RlVTAtZ2QwZ29EYjN1NHd6YU8yclJQajJCRTZ4bGctMGJTZ05TUEEtckEyXzEtbjh6V3lEZkNsTmsyWDU5eThQM0MxbG5XMlNZV2ZDUFZrbDR0aERuel9udng2djdxaklxZHJockUxQm1UbEVHYTNzQy1nUVE1djRVS0JfTzB6Uk5Hbm9Ub3lCMUNuajlyRXdjRTF4WHpFWW5EUGpIX3FzWW5ISHpYNWxZSGJTai1MWEFhMg?oc=5\" target=\"_blank\" rel=\"nofollow noopener\">El Real Oviedo confirma la lesi\u00f3n de Javi L\u00f3pez y Bailly vuelve a la din\u00e1mica grupal<\/a>&nbsp;&nbsp;La Voz de Asturias<\/li>\n<li><a href=\"https:\/\/news.google.com\/rss\/articles\/CBMinAFBVV95cUxPNmFMY3A5eHVybnFPVkJwX3hiS0lXV1kzRmhHNld2cmdnT0dJZUlDbEJWQ0VIS0k3eEwtcHhQRUNnQ3RCNlZyM1FBcFNwcVlwQkxmZzBfdkhfWTZSS0x1b29qazlmMVo0N0JtMjlfTXhTTXNudENvWk45TlF4cUxWYmVSU0tOT29NbG5xUGdndE1fOERFbW9QWFllWS3SAbABQVVfeXFMTXd3X2lZMW1tZHUxTUNyRnBWZ0l2bGlNbjNQVmlnTV82aEtteGNmdFlFVi14SkFGS1ZPXzJiVENOcGk0SDRaVkJ5ZUhoeU9zOXhPQmRydk01dnFzTUZJTzFISGFrUEFmamFPRGtWRUU1ZGQwZm9xbmVUQk14NjFGWUMtTHdqSllUalVKdkczcS1pbmUwVEZZVzlIbTNqQ0dMc0RTNGU5SU9WckgwVmUwQ1c?oc=5\" target=\"_blank\" rel=\"nofollow noopener\">Javi L\u00f3pez, baja en el Oviedo para los pr\u00f3ximos partidos<\/a>&nbsp;&nbsp;Diario AS<\/li>\n<li><a href=\"https:\/\/news.google.com\/rss\/articles\/CBMimAJBVV95cUxQZ3hEanBKak90UGY2QjlibDE5RXNOUUY2UGNfU1N4YWk5Yk1kWG9RNjAxT1F4WjZTbFBGNTZ2dWVIY1lrS3JaajY5ZmJMT2k0ZVJ1NmhHODNnc24wZlJyQmNTZ2NDV29Dc1BWaGV0VFVzSWpvMWxlRGNtbmpjR2pDcXhLb1lBUXE2djlmUXplbTQwWEw2clJpVGtxb1EtMnJINjhFVGFlMDBRRnZSc0RjMlRjYjFoRU9hZEEyeXBIRzY3aFg1eGFHMVZwOGVWV3VGb0J3eTBjb1pMdXd3LWdvUWFSWWZ2R0xzOEVwNThoNWczVHlRRzk3MEhvQlVpTGgwTjNKSEpmR2ZSZzlsSk5qZG14SEt5NTdJ0gGeAkFVX3lxTE10bWJzNU9hU3pLaDVfdWNFT0xxMmVuUF9zNWdLWDdtZFJhd2R4cWJUYUVXQTlHV3hVaXhRcGc1RHB2SW54eVB3MHFwX0s2UkVGVzFsZ3l2anFUUTAwclEwTnhXSFZ5V0FMOFoyZ3NJbXNXYjd1cmlYTmpVTElQTlFVUWJjS3FYNGRZUEVCVWNlMk5hR0RscGMyZkM5T3Z1SDRabnduNGRRZVRER2ExUDYzUzZ2al9Mc2JYTVo4aVlOcFJtaTNhUi1vNm1MZXdjRk5KRVlmczRxdWRoMGJ4SlQxQVQzQm9ZLW5zRWdIRlFpbFRpQ1pUSVBSRjV1OFR6Z3QyYmRtS0pXV0ZmenRVaDJjQzNZYU9pMW5Fb000WUE?oc=5\" target=\"_blank\" rel=\"nofollow noopener\">Carri\u00f3n recupera a Carmo mientras que Javi L\u00f3pez, Bailly, Brandon y Chaira trabajan en el gimnasio por distintas molestias<\/a>&nbsp;&nbsp;rtpa.es<\/li>\n<li><a href=\"https:\/\/news.google.com\/rss\/articles\/CBMilwFBVV95cUxPQ2Z6aS10MHBXM0E5WVJfYmg4dndBMDNhb2dNcDJJUTc2SjVFV2tNX05HYVpOZ29RWHN4R3J5WnFaUUFFRmkySlBuLVdUdFFiNDZkX3NVMUZvT24xNzZ1M2YzX2paVk96VFRrZGdqRmJzSm9IQ0dqejdGeDRaOWRDb004Y01PXzA3STMzbHlYMEt3S1o1WUhB?oc=5\" target=\"_blank\" rel=\"nofollow noopener\">La mala fortuna se ceba con Javi L\u00f3pez<\/a>&nbsp;&nbsp;Diario de Noticias de \u00c1lava<\/li>\n<li><a href=\"https:\/\/news.google.com\/rss\/articles\/CBMimgFBVV95cUxNNkJUTnliRklMcllhWjVLN25GX3A0UHUzYXdmNU9rX3F3UENVQUpNeDh3bWNJaGFCYVc5bGRnSHNlTmpaTDVpcXhOS0VORm10LUlrN1VaWW5zb0pjMTFISHdBR25JUm1TQnpzaGJ3WE04NkljRTV3LVdUcmM4bzRqeWxiMmVYajlDYXgzd3JHdDlFQVRZWUxZU3NR0gGfAUFVX3lxTE12Zi11cWMxY2JTLXZuemlwdDZna3d5VU9pR29hWG9pRW9oQzNoZzRTemQ2UmcxZ1dMSXVnTDZmSlNydDVleGo5dURzd0VVVUtuNjNXdUN4MUlkSlJ6ZWE4WFJpc21GWmwzbTBmTFVzRFNLVDFSTEFPZWs4NUdnNW1BcFlFdkdoWnlVblV1OExERGFhUmV0aXhacU9kdGwyQQ?oc=5\" target=\"_blank\" rel=\"nofollow noopener\">Se confirma la lesi\u00f3n de Javi L\u00f3pez, sustituido en el partido ante el Rayo Vallecano<\/a>&nbsp;&nbsp;LNE<\/li>\n<\/ol>\n","protected":false},"excerpt":{"rendered":"El Real Oviedo confirma la lesi\u00f3n de Javi L\u00f3pez y Bailly vuelve a la din\u00e1mica grupal&nbsp;&nbsp;La Voz de&hellip;\n","protected":false},"author":2,"featured_media":258867,"comment_status":"","ping_status":"","sticky":false,"template":"","format":"standard","meta":{"footnotes":""},"categories":[268],"tags":[3409,1241,168,25,24,280,282,3302,281,23,167],"class_list":{"0":"post-258866","1":"post","2":"type-post","3":"status-publish","4":"format-standard","5":"has-post-thumbnail","7":"category-futbol","8":"tag-atletico-de-madrid","9":"tag-champions-league","10":"tag-deportes","11":"tag-es","12":"tag-espana","13":"tag-football","14":"tag-futbol","15":"tag-real-oviedo","16":"tag-soccer","17":"tag-spain","18":"tag-sports"},"share_on_mastodon":{"url":"https:\/\/pubeurope.com\/@es\/115622826084139462","error":""},"_links":{"self":[{"href":"https:\/\/www.europesays.com\/es\/wp-json\/wp\/v2\/posts\/258866","targetHints":{"allow":["GET"]}}],"collection":[{"href":"https:\/\/www.europesays.com\/es\/wp-json\/wp\/v2\/posts"}],"about":[{"href":"https:\/\/www.europesays.com\/es\/wp-json\/wp\/v2\/types\/post"}],"author":[{"embeddable":true,"href":"https:\/\/www.europesays.com\/es\/wp-json\/wp\/v2\/users\/2"}],"replies":[{"embeddable":true,"href":"https:\/\/www.europesays.com\/es\/wp-json\/wp\/v2\/comments?post=258866"}],"version-history":[{"count":0,"href":"https:\/\/www.europesays.com\/es\/wp-json\/wp\/v2\/posts\/258866\/revisions"}],"wp:featuredmedia":[{"embeddable":true,"href":"https:\/\/www.europesays.com\/es\/wp-json\/wp\/v2\/media\/258867"}],"wp:attachment":[{"href":"https:\/\/www.europesays.com\/es\/wp-json\/wp\/v2\/media?parent=258866"}],"wp:term":[{"taxonomy":"category","embeddable":true,"href":"https:\/\/www.europesays.com\/es\/wp-json\/wp\/v2\/categories?post=258866"},{"taxonomy":"post_tag","embeddable":true,"href":"https:\/\/www.europesays.com\/es\/wp-json\/wp\/v2\/tags?post=258866"}],"curies":[{"name":"wp","href":"https:\/\/api.w.org\/{rel}","templated":true}]}}