{"id":258870,"date":"2025-11-27T17:25:11","date_gmt":"2025-11-27T17:25:11","guid":{"rendered":"https:\/\/www.europesays.com\/es\/258870\/"},"modified":"2025-11-27T17:25:11","modified_gmt":"2025-11-27T17:25:11","slug":"tres-obras-de-jose-benlliure-engrosaran-la-coleccion-de-arte-municipal","status":"publish","type":"post","link":"https:\/\/www.europesays.com\/es\/258870\/","title":{"rendered":"Tres obras de Jos\u00e9 Benlliure engrosar\u00e1n la colecci\u00f3n de arte municipal"},"content":{"rendered":"<p>VAL\u00c8NCIA. La colecci\u00f3n de arte del Ayuntamiento de Val\u00e8ncia crecer\u00e1 con tres nuevas adquisiciones del pintor valenciano <strong>Jos\u00e9 Benlliure Gil <\/strong>(Val\u00e8ncia, 1855 -1937), obras que pasar\u00e1n a formar parte de los fondos destinados a la Casa Museo Benlliure y que permitir\u00e1n completar el discurso expositivo permanente del centro cultural.<\/p>\n<p>Se trata de las obras Campamento gitano, La doma y En la posada del sol, piezas correspondientes a la producci\u00f3n romana de Benlliure Gil, muy poco representada en los fondos propios del museo y, adem\u00e1s, con las que se completa un \u2018vac\u00edo\u2019 reciente tras la salida de distintos pr\u00e9stamos.<\/p>\n<p>\u201cLamentablemente, entre los fondos de la Casa Museo Benlliure son muy escasos los cuadros de esta tipolog\u00eda tan caracter\u00edstica de la producci\u00f3n de Jos\u00e9 Benlliure Gil. Para suplir esta carencia se ha recurrido en los \u00faltimos a\u00f1os a un dep\u00f3sito temporal de la Fundaci\u00f3n Pedrera Mart\u00ednez, que ha sido levantado \u00faltimamente\u201d, reza la resoluci\u00f3n de concejal\u00eda de Acci\u00f3n Cultural, Patrimonio y Recursos Culturales por la que se autoriza la compra.<\/p>\n<p>En este sentido, contin\u00faa el informe, la posible adquisici\u00f3n de los cuadros ofertados \u201csuplir\u00eda de manera completa el vac\u00edo en el discurso expositivo del museo ocasionado con motivo de dicho levantamiento\u201d. Para la adquisici\u00f3n a la casa de subastas Arca Online Valencia se ha reservado un montante de 30.010 euros (IVA y comisiones incluidas).<\/p>\n<p>Estas adquisiciones engrosar\u00e1n los fondos de la Casa Museo Benlliure, que recientemente sum\u00f3 el cuadro\u00a0Vendedora de ma\u00edz\u00a0de Jos\u00e9 Benlliure, una pieza que representa una vendedora ambulante de edad avanzada que asa una mazorca de ma\u00edz sobre un hornillo, o la\u00a0donaci\u00f3n de un retrato de Rafael Pastor Gonz\u00e1lez.<\/p>\n","protected":false},"excerpt":{"rendered":"VAL\u00c8NCIA. La colecci\u00f3n de arte del Ayuntamiento de Val\u00e8ncia crecer\u00e1 con tres nuevas adquisiciones del pintor valenciano Jos\u00e9&hellip;\n","protected":false},"author":2,"featured_media":258871,"comment_status":"","ping_status":"","sticky":false,"template":"","format":"standard","meta":{"footnotes":""},"categories":[173],"tags":[229,233,231,230,232,234,146,147,25,24,23],"class_list":{"0":"post-258870","1":"post","2":"type-post","3":"status-publish","4":"format-standard","5":"has-post-thumbnail","7":"category-arte-y-diseno","8":"tag-arte","9":"tag-arte-y-diseno","10":"tag-arts","11":"tag-arts-and-design","12":"tag-design","13":"tag-diseno","14":"tag-entertainment","15":"tag-entretenimiento","16":"tag-es","17":"tag-espana","18":"tag-spain"},"share_on_mastodon":{"url":"","error":""},"_links":{"self":[{"href":"https:\/\/www.europesays.com\/es\/wp-json\/wp\/v2\/posts\/258870","targetHints":{"allow":["GET"]}}],"collection":[{"href":"https:\/\/www.europesays.com\/es\/wp-json\/wp\/v2\/posts"}],"about":[{"href":"https:\/\/www.europesays.com\/es\/wp-json\/wp\/v2\/types\/post"}],"author":[{"embeddable":true,"href":"https:\/\/www.europesays.com\/es\/wp-json\/wp\/v2\/users\/2"}],"replies":[{"embeddable":true,"href":"https:\/\/www.europesays.com\/es\/wp-json\/wp\/v2\/comments?post=258870"}],"version-history":[{"count":0,"href":"https:\/\/www.europesays.com\/es\/wp-json\/wp\/v2\/posts\/258870\/revisions"}],"wp:featuredmedia":[{"embeddable":true,"href":"https:\/\/www.europesays.com\/es\/wp-json\/wp\/v2\/media\/258871"}],"wp:attachment":[{"href":"https:\/\/www.europesays.com\/es\/wp-json\/wp\/v2\/media?parent=258870"}],"wp:term":[{"taxonomy":"category","embeddable":true,"href":"https:\/\/www.europesays.com\/es\/wp-json\/wp\/v2\/categories?post=258870"},{"taxonomy":"post_tag","embeddable":true,"href":"https:\/\/www.europesays.com\/es\/wp-json\/wp\/v2\/tags?post=258870"}],"curies":[{"name":"wp","href":"https:\/\/api.w.org\/{rel}","templated":true}]}}