{"id":258873,"date":"2025-11-27T17:28:10","date_gmt":"2025-11-27T17:28:10","guid":{"rendered":"https:\/\/www.europesays.com\/es\/258873\/"},"modified":"2025-11-27T17:28:10","modified_gmt":"2025-11-27T17:28:10","slug":"premio-lauaxeta-de-honor-a-benito-lertxundi-y-jose-anjel-irigarai","status":"publish","type":"post","link":"https:\/\/www.europesays.com\/es\/258873\/","title":{"rendered":"Premio Lauaxeta de Honor a Benito Lertxundi y Jose Anjel Irigarai"},"content":{"rendered":"<p>\n        <a href=\"https:\/\/www.deia.eus\/tags\/benito-lertxundi\/\" title=\"Benito Lertxundi\" class=\"link copy\" rel=\"nofollow noopener\" target=\"_blank\"><strong>Benito Lertxundi<\/strong><\/a> y <strong>Jose Anjel Irigarai<\/strong> recibir\u00e1n el <strong>Premio Honor\u00edfico Lauaxeta<\/strong>. La <a href=\"https:\/\/www.deia.eus\/tags\/diputacion-foral-de-bizkaia\/\" title=\"Diputaci\u00f3n\" class=\"link copy\" rel=\"nofollow noopener\" target=\"_blank\"><strong>Diputaci\u00f3n<\/strong><\/a> salda as\u00ed una \u00abdeuda\u00bb con los autores e int\u00e9rpretes de la canci\u00f3n <strong>Bizkaia Maite<\/strong>. Los galardones, que tambi\u00e9n se otorgar\u00e1n a <strong>Ane Labaka, Elena Sanchez, Inge Medioroz y Oier Plaza<\/strong>, en las categor\u00edas de poes\u00eda y producci\u00f3n audivisual, se entregar\u00e1n en una gala el pr\u00f3ximo <strong>1 de diciembre<\/strong> en el Palacio Foral, en el marco de las celebraciones previas al <strong>D\u00eda Internacional del Euskera<\/strong>.\n<\/p>\n<p class=\"article-body__text \">\n        Con estos premios, la instituci\u00f3n foral reconoce p\u00fablicamente a aquellas <strong>personas, colectivos y entidades<\/strong> que se han distinguido por sus esfuerzos en la <strong>promoci\u00f3n, difusi\u00f3n y normalizaci\u00f3n del euskera y de la cultura vasca <\/strong><strong>en Bizkaia en particular y en el mundo en general<\/strong>, premiando y difundiendo dichas actividades meritorias, a fin de que sirvan de est\u00edmulo para atraer a la sociedad a esta labor de promoci\u00f3n de la lengua.\n<\/p>\n<p class=\"article-body__text \">\n        En esta edici\u00f3n, el galard\u00f3n de Honor ha reca\u00eddo en <strong>Benito Lertxundi<\/strong> y <strong>Jose Anjel Irigarai<\/strong>, autores de la m\u00fasica y la letra, respectivamente, de la popular <strong>Bizkaia Maite<\/strong>. Seg\u00fan ha explicado la portavoz foral y diputada de Euskera, Cultura y Deporte, Leixuri Arrizabalaga, el territorio \u00abten\u00eda <strong>pendiente una deuda<\/strong>\u00bb con ambos autores. No deja de ser curioso que fueran un <strong>guipuzcoano <\/strong>y un <strong>navarro <\/strong>los que, a trav\u00e9s de sus estrofas, hayan \u00ab<strong>ensalzado nuestro territorio<\/strong>\u00bb en una canci\u00f3n que \u00ab<strong>forma parte de la banda sonora no solo de los vizcainos y vizcainas sino de toda Euskal Herria<\/strong>\u00ab.\n<\/p>\n<p class=\"article-body__text \">\n        El galard\u00f3n se entregar\u00e1 en una gala que se celebrar\u00e1 el <strong>pr\u00f3ximo lunes, 1 de diciembre<\/strong>, en el Palacio Foral a partir de las 18.00 horas, de manos de la diputada general de Bizkaia, <strong>Elixabete Etxanobe<\/strong>, y la propia Arrizabalaga. Lamentablemente, Irigarai no podr\u00e1 acudir en persona a recoger el premio \u00ab<strong>por problemas de salud<\/strong>\u00bb mientras que El Bardo de Orio ha declinado la invitaci\u00f3n \u00abporque <strong>no quer\u00eda venir solo<\/strong> y recibir este premio que es compartido\u00bb. Ambos, eso s\u00ed, enviar\u00e1n a otras personas en su representaci\u00f3n, seg\u00fan ha confirmado la diputada foral.\n<\/p>\n<p>  Audiovisual y poes\u00eda<\/p>\n<p class=\"article-body__text \">\n        No ser\u00e1n los \u00fanicos reconocimientos que se materializar\u00e1n ese d\u00eda. En el apartado de poes\u00eda los premios ser\u00e1n para <a href=\"https:\/\/www.deia.eus\/tags\/ane-labaka\/\" title=\"Ane Labaka Mayoz\" class=\"link copy\" rel=\"nofollow noopener\" target=\"_blank\"><strong>Ane Labaka Mayoz<\/strong><\/a>, en la categor\u00eda de menor de 35 a\u00f1os por su trabajo Hezur berriak, y <strong>Elena Sanchez Fuertes<\/strong> en la secci\u00f3n de mayor de 35 a\u00f1os por la serie de poemas Epilogorik gabe.\n<\/p>\n<p class=\"article-body__text \">\n        Por \u00faltimo, el Premio Lauaxeta de Audiovisuales 2025 es exequo y recaer\u00e1 en <a href=\"https:\/\/www.deia.eus\/ortzadar\/2025\/10\/27\/lurdes-iriondorekin-kafe-bat-hartu-10269146.html\" title=\"Inge Mendioroz Iba\u00f1ez\" class=\"link copy\" rel=\"nofollow noopener\" target=\"_blank\">Inge Mendioroz Iba\u00f1ez<\/a> por su documental Lurdes Iriondo, ez gara alferrik pasako que repasa la importancia de las mujeres en la cultura vasca, y <strong>Oier Plaza Gartzia<\/strong> por el trabajo <a href=\"https:\/\/www.deia.eus\/cultura\/2025\/11\/04\/popel-viaje-gernika-praga-busca-10304342.html\" title=\"Popel\" class=\"link copy\" rel=\"nofollow noopener\" target=\"_blank\">Popel<\/a> sobre memoria hist\u00f3rica y la desaparici\u00f3n de Anjel Lekuona y Enric Moner, deportados durante la Segunda Guerra Mundial.<\/p>\n","protected":false},"excerpt":{"rendered":"Benito Lertxundi y Jose Anjel Irigarai recibir\u00e1n el Premio Honor\u00edfico Lauaxeta. La Diputaci\u00f3n salda as\u00ed una \u00abdeuda\u00bb con&hellip;\n","protected":false},"author":2,"featured_media":258874,"comment_status":"","ping_status":"","sticky":false,"template":"","format":"standard","meta":{"footnotes":""},"categories":[170],"tags":[58902,11271,146,147,25,24,64886,2467,60342,64885,184,185,843,23],"class_list":{"0":"post-258873","1":"post","2":"type-post","3":"status-publish","4":"format-standard","5":"has-post-thumbnail","7":"category-musica","8":"tag-anjel","9":"tag-benito","10":"tag-entertainment","11":"tag-entretenimiento","12":"tag-es","13":"tag-espana","14":"tag-irigarai","15":"tag-jose","16":"tag-lauaxeta","17":"tag-lertxundi","18":"tag-music","19":"tag-musica","20":"tag-premio","21":"tag-spain"},"share_on_mastodon":{"url":"https:\/\/pubeurope.com\/@es\/115622845205222199","error":""},"_links":{"self":[{"href":"https:\/\/www.europesays.com\/es\/wp-json\/wp\/v2\/posts\/258873","targetHints":{"allow":["GET"]}}],"collection":[{"href":"https:\/\/www.europesays.com\/es\/wp-json\/wp\/v2\/posts"}],"about":[{"href":"https:\/\/www.europesays.com\/es\/wp-json\/wp\/v2\/types\/post"}],"author":[{"embeddable":true,"href":"https:\/\/www.europesays.com\/es\/wp-json\/wp\/v2\/users\/2"}],"replies":[{"embeddable":true,"href":"https:\/\/www.europesays.com\/es\/wp-json\/wp\/v2\/comments?post=258873"}],"version-history":[{"count":0,"href":"https:\/\/www.europesays.com\/es\/wp-json\/wp\/v2\/posts\/258873\/revisions"}],"wp:featuredmedia":[{"embeddable":true,"href":"https:\/\/www.europesays.com\/es\/wp-json\/wp\/v2\/media\/258874"}],"wp:attachment":[{"href":"https:\/\/www.europesays.com\/es\/wp-json\/wp\/v2\/media?parent=258873"}],"wp:term":[{"taxonomy":"category","embeddable":true,"href":"https:\/\/www.europesays.com\/es\/wp-json\/wp\/v2\/categories?post=258873"},{"taxonomy":"post_tag","embeddable":true,"href":"https:\/\/www.europesays.com\/es\/wp-json\/wp\/v2\/tags?post=258873"}],"curies":[{"name":"wp","href":"https:\/\/api.w.org\/{rel}","templated":true}]}}