{"id":258877,"date":"2025-11-27T17:30:10","date_gmt":"2025-11-27T17:30:10","guid":{"rendered":"https:\/\/www.europesays.com\/es\/258877\/"},"modified":"2025-11-27T17:30:10","modified_gmt":"2025-11-27T17:30:10","slug":"piastri-sobre-ayudar-a-norris-a-ganar-el-titulo-de-f1-dw-27-11-2025","status":"publish","type":"post","link":"https:\/\/www.europesays.com\/es\/258877\/","title":{"rendered":"Piastri sobre ayudar a Norris a ganar el t\u00edtulo de F1 \u2013 DW \u2013 27\/11\/2025"},"content":{"rendered":"<p>Oscar Piastri afirm\u00f3 que el tema de ayudar a su compa\u00f1ero de McLaren, Lando Norris, a ganar el t\u00edtulo de <a class=\"internal-link\" href=\"https:\/\/www.dw.com\/es\/f\u00f3rmula-1\/t-17412340\" rel=\"nofollow noopener\" target=\"_blank\">F\u00f3rmula Uno<\/a> ya se hab\u00eda discutido y que la respuesta fue \u00abno\u201d.<\/p>\n<p>Norris tiene una ventaja de 24 puntos sobre Piastri y sobre el cuatro veces campe\u00f3n mundial de Red Bull, Max Verstappen, con dos rondas restantes, incluido el sprint del s\u00e1bado en Qatar y el gran premio del domingo.<\/p>\n<p>Verstappen se ha convertido en una amenaza seria despu\u00e9s de estar 104 puntos detr\u00e1s de Piastri a finales de agosto y de ganar el fin de semana pasado en Las Vegas, cuando ambos McLaren fueron descalificados.<\/p>\n<p>Preguntado por periodistas en el circuito de Lusail si hab\u00eda habido conversaciones internas sobre ayudar a Norris en alg\u00fan momento, Piastri respondi\u00f3: \u00abHemos hablado muy brevemente del tema, y la respuesta es no\u201d.<\/p>\n<p>\u00abSigo igualado en puntos con Max y tengo una buena oportunidad de ganar el t\u00edtulo si las cosas salen a mi favor, as\u00ed que as\u00ed es como lo jugaremos\u201d, dijo el australiano.<\/p>\n<blockquote class=\"tweet embed\" data-id=\"1994028812317651306\"\/>\n<p>Hombro a hombro<\/p>\n<p>Piastri y Norris han ganado siete carreras cada uno esta temporada y el equipo ha repetido que ambos siguen en igualdad de condiciones, pese a la ca\u00edda de rendimiento del australiano, y que pueden luchar libremente por el t\u00edtulo.<\/p>\n<p>La pareja ha logrado mantener una buena relaci\u00f3n dentro del equipo, algo poco com\u00fan en la F\u00f3rmula Uno cuando hay tanto en juego.<\/p>\n<p>\u00abCreo que todav\u00eda hay una posibilidad, y ya ha sucedido antes\u201d, dijo el Piastri, cuyo m\u00e1nager Mark Webber estuvo involucrado en una lucha a cuatro por el t\u00edtulo en 2010 que finalmente favoreci\u00f3 al piloto de Red Bull Sebastian Vettel.<\/p>\n<p>\u00abS\u00e9 que no es imposible\u201d, se\u00f1al\u00f3 Piastri, quien podr\u00eda convertirse en el primer australiano en ganar el t\u00edtulo desde Alan Jones en 1980. \u00abObviamente tambi\u00e9n s\u00e9 que es una posibilidad remota.<\/p>\n<p>\u00abNo puedo simplemente confiar en tener dos fines de semana perfectos\u2026 Necesito que otras cosas salgan a mi favor, y soy muy consciente de ello. \u00abSolo voy a intentar tener los mejores fines de semana que pueda, como intento hacer siempre, y ver qu\u00e9 les pasa a los dem\u00e1s\u201d.<\/p>\n<p>Ferrari y Mercedes, aunque no luchan por el campeonato de pilotos, tambi\u00e9n est\u00e1n en la batalla por el segundo lugar detr\u00e1s de McLaren en el campeonato de constructores y podr\u00edan quitar puntos a cualquiera de los contendientes individuales.<\/p>\n<p>\u00abIndependientemente de c\u00f3mo se vea el panorama del campeonato para otros, todos salen a pista a pelear por victorias y podios\u201d, dijo Piastri. \u00abAs\u00ed que no espero que nadie lo ponga f\u00e1cil\u201d.<\/p>\n<p>ee (dpa, reuters)<\/p>\n","protected":false},"excerpt":{"rendered":"Oscar Piastri afirm\u00f3 que el tema de ayudar a su compa\u00f1ero de McLaren, Lando Norris, a ganar el&hellip;\n","protected":false},"author":2,"featured_media":258878,"comment_status":"","ping_status":"","sticky":false,"template":"","format":"standard","meta":{"footnotes":""},"categories":[93],"tags":[168,25,24,23,167],"class_list":{"0":"post-258877","1":"post","2":"type-post","3":"status-publish","4":"format-standard","5":"has-post-thumbnail","7":"category-deportes","8":"tag-deportes","9":"tag-es","10":"tag-espana","11":"tag-spain","12":"tag-sports"},"share_on_mastodon":{"url":"https:\/\/pubeurope.com\/@es\/115622853018887450","error":""},"_links":{"self":[{"href":"https:\/\/www.europesays.com\/es\/wp-json\/wp\/v2\/posts\/258877","targetHints":{"allow":["GET"]}}],"collection":[{"href":"https:\/\/www.europesays.com\/es\/wp-json\/wp\/v2\/posts"}],"about":[{"href":"https:\/\/www.europesays.com\/es\/wp-json\/wp\/v2\/types\/post"}],"author":[{"embeddable":true,"href":"https:\/\/www.europesays.com\/es\/wp-json\/wp\/v2\/users\/2"}],"replies":[{"embeddable":true,"href":"https:\/\/www.europesays.com\/es\/wp-json\/wp\/v2\/comments?post=258877"}],"version-history":[{"count":0,"href":"https:\/\/www.europesays.com\/es\/wp-json\/wp\/v2\/posts\/258877\/revisions"}],"wp:featuredmedia":[{"embeddable":true,"href":"https:\/\/www.europesays.com\/es\/wp-json\/wp\/v2\/media\/258878"}],"wp:attachment":[{"href":"https:\/\/www.europesays.com\/es\/wp-json\/wp\/v2\/media?parent=258877"}],"wp:term":[{"taxonomy":"category","embeddable":true,"href":"https:\/\/www.europesays.com\/es\/wp-json\/wp\/v2\/categories?post=258877"},{"taxonomy":"post_tag","embeddable":true,"href":"https:\/\/www.europesays.com\/es\/wp-json\/wp\/v2\/tags?post=258877"}],"curies":[{"name":"wp","href":"https:\/\/api.w.org\/{rel}","templated":true}]}}