{"id":258879,"date":"2025-11-27T17:31:10","date_gmt":"2025-11-27T17:31:10","guid":{"rendered":"https:\/\/www.europesays.com\/es\/258879\/"},"modified":"2025-11-27T17:31:10","modified_gmt":"2025-11-27T17:31:10","slug":"gregorio-la-exposicion-azul-es-un-vehiculo-de-concienciacion-y-solidaridad-contra-el-cancer-de-prostata","status":"publish","type":"post","link":"https:\/\/www.europesays.com\/es\/258879\/","title":{"rendered":"Gregorio: \u201cLa exposici\u00f3n \u2018Azul\u2019 es un veh\u00edculo de concienciaci\u00f3n y solidaridad contra el c\u00e1ncer de pr\u00f3stata"},"content":{"rendered":"<p><strong>El alcalde, Jos\u00e9 Juli\u00e1n Gregorio, ha inaugurado hoy en el Centro Cultural El Salvador la exposici\u00f3n fotogr\u00e1fica \u2018AZUL\u2019, un proyecto de la Asociaci\u00f3n Fotograf\u00eda Solidaria Lovelyphoto en colaboraci\u00f3n con la Asociaci\u00f3n Espa\u00f1ola Contra el C\u00e1ncer (AECC) de Toledo.<\/strong><\/p>\n<p>Ha destacado que el arte, en este caso la fotograf\u00eda, pueden transformarse en \u201cun veh\u00edculo de concienciaci\u00f3n y solidaridad\u201d, en torno a un problema sanitario de enorme impacto: el c\u00e1ncer de pr\u00f3stata, el tumor m\u00e1s frecuente en varones y la tercera causa de mortalidad por c\u00e1ncer en hombres, solo por detr\u00e1s del c\u00e1ncer de pulm\u00f3n y el colorrectal.<\/p>\n<p>La muestra, que permanecer\u00e1 abierta al p\u00fablico durante los pr\u00f3ximos d\u00edas, re\u00fane una selecci\u00f3n de obras en torno al color azul, convertido aqu\u00ed en s\u00edmbolo de la lucha contra el c\u00e1ncer de pr\u00f3stata, una enfermedad que afecta cada a\u00f1o a miles de hombres en Espa\u00f1a.<\/p>\n<p>Gregorio ha subrayado que esta exposici\u00f3n \u201cno es una muestra m\u00e1s\u201d, sino \u201cuna llamada colectiva a la reflexi\u00f3n\u201d, y ha incidido en que la salud \u201cno entiende de tab\u00faes\u201d y que la prevenci\u00f3n y la informaci\u00f3n \u201cson herramientas fundamentales para salvar vidas\u201d.<\/p>\n<p>Adem\u00e1s, ha reconocido la \u201cmagn\u00edfica labor\u201d de la asociaci\u00f3n organizadora y ha agradecido \u201csu compromiso, sensibilidad y dedicaci\u00f3n para no solo crear una propuesta art\u00edstica, sino un espacio de di\u00e1logo y sensibilizaci\u00f3n que nos ayuda a romper silencios y generar conversaci\u00f3n\u201d.<\/p>\n<p>Finalmente, el alcalde ha animado a todos los talaveranos, vecinas y vecinos de la comarca y visitantes a recorrer la exposici\u00f3n y \u201cdejarse conmover por cada imagen y por el mensaje que transmite\u201d.<\/p>\n<p><b>C\u00c1NCER DE PR\u00d3STATA<\/b><\/p>\n<p>Seg\u00fan datos del Observatorio del C\u00e1ncer de la AECC, en 2023 se diagnosticaron en Espa\u00f1a 33.769 nuevos casos de c\u00e1ncer de pr\u00f3stata, una enfermedad cuya incidencia aumenta de forma considerable a partir de los 50 a\u00f1os.<\/p>\n<p>Los factores de riesgo principales (la edad, la raza y los antecedentes familiares) no son modificables. Adem\u00e1s, esta patolog\u00eda suele ser silenciosa en sus fases iniciales, sin s\u00edntomas espec\u00edficos, motivo por el que la detecci\u00f3n precoz se convierte en una herramienta clave. Entre los s\u00edntomas posibles en fases avanzadas se encuentran alteraciones urinarias como urgencia miccional, dolor durante la micci\u00f3n, retenci\u00f3n urinaria, goteo posmiccional, sangrado en orina o semen, entre otros.<\/p>\n","protected":false},"excerpt":{"rendered":"El alcalde, Jos\u00e9 Juli\u00e1n Gregorio, ha inaugurado hoy en el Centro Cultural El Salvador la exposici\u00f3n fotogr\u00e1fica \u2018AZUL\u2019,&hellip;\n","protected":false},"author":2,"featured_media":258880,"comment_status":"","ping_status":"","sticky":false,"template":"","format":"standard","meta":{"footnotes":""},"categories":[92],"tags":[25,24,165,166,23],"class_list":{"0":"post-258879","1":"post","2":"type-post","3":"status-publish","4":"format-standard","5":"has-post-thumbnail","7":"category-salud","8":"tag-es","9":"tag-espana","10":"tag-health","11":"tag-salud","12":"tag-spain"},"share_on_mastodon":{"url":"https:\/\/pubeurope.com\/@es\/115622856975320704","error":""},"_links":{"self":[{"href":"https:\/\/www.europesays.com\/es\/wp-json\/wp\/v2\/posts\/258879","targetHints":{"allow":["GET"]}}],"collection":[{"href":"https:\/\/www.europesays.com\/es\/wp-json\/wp\/v2\/posts"}],"about":[{"href":"https:\/\/www.europesays.com\/es\/wp-json\/wp\/v2\/types\/post"}],"author":[{"embeddable":true,"href":"https:\/\/www.europesays.com\/es\/wp-json\/wp\/v2\/users\/2"}],"replies":[{"embeddable":true,"href":"https:\/\/www.europesays.com\/es\/wp-json\/wp\/v2\/comments?post=258879"}],"version-history":[{"count":0,"href":"https:\/\/www.europesays.com\/es\/wp-json\/wp\/v2\/posts\/258879\/revisions"}],"wp:featuredmedia":[{"embeddable":true,"href":"https:\/\/www.europesays.com\/es\/wp-json\/wp\/v2\/media\/258880"}],"wp:attachment":[{"href":"https:\/\/www.europesays.com\/es\/wp-json\/wp\/v2\/media?parent=258879"}],"wp:term":[{"taxonomy":"category","embeddable":true,"href":"https:\/\/www.europesays.com\/es\/wp-json\/wp\/v2\/categories?post=258879"},{"taxonomy":"post_tag","embeddable":true,"href":"https:\/\/www.europesays.com\/es\/wp-json\/wp\/v2\/tags?post=258879"}],"curies":[{"name":"wp","href":"https:\/\/api.w.org\/{rel}","templated":true}]}}