{"id":258884,"date":"2025-11-27T17:34:09","date_gmt":"2025-11-27T17:34:09","guid":{"rendered":"https:\/\/www.europesays.com\/es\/258884\/"},"modified":"2025-11-27T17:34:09","modified_gmt":"2025-11-27T17:34:09","slug":"el-consejero-discolo-del-sabadell-dimite-tras-haber-apoyado-la-opa-del-bbva-economia","status":"publish","type":"post","link":"https:\/\/www.europesays.com\/es\/258884\/","title":{"rendered":"El consejero d\u00edscolo del Sabadell dimite tras haber apoyado la opa del BBVA | Econom\u00eda"},"content":{"rendered":"<p class=\"\">El <a href=\"https:\/\/elpais.com\/economia\/2025-09-20\/un-tiburon-mexicano-que-muerde-en-silencio-el-consejero-del-sabadell-que-se-deja-querer-por-el-bbva.html\" target=\"_self\" rel=\"nofollow noopener\" title=\"https:\/\/elpais.com\/economia\/2025-09-20\/un-tiburon-mexicano-que-muerde-en-silencio-el-consejero-del-sabadell-que-se-deja-querer-por-el-bbva.html\">consejero d\u00edscolo del Banco Sabadell<\/a>, David Mart\u00ednez Guzm\u00e1n, ha presentado su dimisi\u00f3n tras haber discrepado p\u00fablicamente con el resto de la c\u00fapula del banco sobre la opa hostil del BBVA antes de que esta fracasara finalmente. Mart\u00ednez Guzm\u00e1n, que ostenta el 3% del capital de la entidad y es su mayor accionista personal, decidi\u00f3 aceptar la oferta del banco vasco, al apoyar su proyecto de crear una entidad m\u00e1s grande y m\u00e1s internacionalizada, frente al proyecto de que el Sabadell continuase en solitario.<\/p>\n<p class=\"\">Esta divergencia de opiniones sobre la oferta caus\u00f3 un tenso enfrentamiento entre Mart\u00ednez Guzm\u00e1n y el banco, con el consejero delegado, C\u00e9sar Gonz\u00e1lez-Bueno, a la cabeza. El inversor mexicano vot\u00f3 en contra de la opini\u00f3n del consejo administraci\u00f3n de rechazar la oferta y emiti\u00f3 un voto particular separ\u00e1ndose de sus argumentos. Mientras que el Sabadell consideraba que la oferta que le hizo el BBVA infravaloraba del valor del banco, Mart\u00ednez Guzm\u00e1n consideraba que estaban dando demasiada relevancia al precio y no a la oportunidad que generaba la operaci\u00f3n a largo plazo, as\u00ed como critic\u00f3 las injerencias pol\u00edticas de la transacci\u00f3n.<\/p>\n<p class=\"\">Asimismo, remiti\u00f3 sendas cartas a Gonz\u00e1lez-Bueno, que public\u00f3 este diario, en las que rechazaban las acusaciones de la c\u00fapula del Sabadell de haber mantenido contactos con el BBVA y de poder dar marcha atr\u00e1s con su decisi\u00f3n. \u201cComo accionista, no tengo otro inter\u00e9s que maximizar el retorno de la inversi\u00f3n, y recomiendo a otros accionistas que busquen asesor\u00eda profesional independiente en lugar de guiarse por informaci\u00f3n que es infundada, incorrecta o incierta\u201d, defendi\u00f3 entonces. <\/p>\n<p class=\"\">Noticia en desarrollo. Habr\u00e1 ampliaci\u00f3n<\/p>\n","protected":false},"excerpt":{"rendered":"El consejero d\u00edscolo del Banco Sabadell, David Mart\u00ednez Guzm\u00e1n, ha presentado su dimisi\u00f3n tras haber discrepado p\u00fablicamente con&hellip;\n","protected":false},"author":2,"featured_media":189516,"comment_status":"","ping_status":"","sticky":false,"template":"","format":"standard","meta":{"footnotes":""},"categories":[80],"tags":[5219,3287,3285,82,95,94,2308,25,24,2731,3284,6558,9770,23],"class_list":{"0":"post-258884","1":"post","2":"type-post","3":"status-publish","4":"format-standard","5":"has-post-thumbnail","7":"category-economia","8":"tag-banca","9":"tag-banco-sabadell","10":"tag-bbva","11":"tag-business","12":"tag-economia","13":"tag-economy","14":"tag-empresas","15":"tag-es","16":"tag-espana","17":"tag-finanzas","18":"tag-opa","19":"tag-opa-hostil","20":"tag-operaciones-bancarias","21":"tag-spain"},"share_on_mastodon":{"url":"https:\/\/pubeurope.com\/@es\/115622868706161745","error":""},"_links":{"self":[{"href":"https:\/\/www.europesays.com\/es\/wp-json\/wp\/v2\/posts\/258884","targetHints":{"allow":["GET"]}}],"collection":[{"href":"https:\/\/www.europesays.com\/es\/wp-json\/wp\/v2\/posts"}],"about":[{"href":"https:\/\/www.europesays.com\/es\/wp-json\/wp\/v2\/types\/post"}],"author":[{"embeddable":true,"href":"https:\/\/www.europesays.com\/es\/wp-json\/wp\/v2\/users\/2"}],"replies":[{"embeddable":true,"href":"https:\/\/www.europesays.com\/es\/wp-json\/wp\/v2\/comments?post=258884"}],"version-history":[{"count":0,"href":"https:\/\/www.europesays.com\/es\/wp-json\/wp\/v2\/posts\/258884\/revisions"}],"wp:featuredmedia":[{"embeddable":true,"href":"https:\/\/www.europesays.com\/es\/wp-json\/wp\/v2\/media\/189516"}],"wp:attachment":[{"href":"https:\/\/www.europesays.com\/es\/wp-json\/wp\/v2\/media?parent=258884"}],"wp:term":[{"taxonomy":"category","embeddable":true,"href":"https:\/\/www.europesays.com\/es\/wp-json\/wp\/v2\/categories?post=258884"},{"taxonomy":"post_tag","embeddable":true,"href":"https:\/\/www.europesays.com\/es\/wp-json\/wp\/v2\/tags?post=258884"}],"curies":[{"name":"wp","href":"https:\/\/api.w.org\/{rel}","templated":true}]}}