{"id":258885,"date":"2025-11-27T17:35:10","date_gmt":"2025-11-27T17:35:10","guid":{"rendered":"https:\/\/www.europesays.com\/es\/258885\/"},"modified":"2025-11-27T17:35:10","modified_gmt":"2025-11-27T17:35:10","slug":"rusia-parara-los-combates-si-ucrania-se-retira-afirma-putin","status":"publish","type":"post","link":"https:\/\/www.europesays.com\/es\/258885\/","title":{"rendered":"Rusia parar\u00e1 los combates si Ucrania se retira, afirma Putin"},"content":{"rendered":"<p>    <img src=\"https:\/\/www.europesays.com\/es\/wp-content\/uploads\/2025\/11\/2025-11-27T163A143A03Z-90532386.jpg\" width=\"1024\" height=\"682\" alt=\"\" loading=\"eager\" decoding=\"sync\" fetchpriority=\"high\"\/><\/p>\n<p>            afp_tickers        <\/p>\n<p>        Este contenido fue publicado en    <\/p>\n<p>        27 noviembre 2025 &#8211; 17:14\n<\/p>\n<p>El presidente ruso, Vladimir Putin, declar\u00f3 este jueves que cesar\u00e1 los combates en Ucrania si Kiev se retira de los territorios que Mosc\u00fa reivindica como anexados.<\/p>\n<p>Estados Unidos present\u00f3 la semana pasada un plan para poner fin a la guerra iniciada en febrero de 2022 que inclu\u00eda importantes cesiones territoriales de Ucrania a Rusia.<\/p>\n<p>El texto, considerado por Kiev y sus aliados europeos como muy favorable a Rusia, fue enmendado tras reuniones entre estadounidenses y ucranianos el fin de semana y debe enviarse ahora a Mosc\u00fa.<\/p>\n<p>\u00abSi las fuerzas ucranianas se retiran de los territorios que controlan, cesaremos los combates\u00bb, afirm\u00f3 Putin en una conferencia de prensa durante una visita a Kirguist\u00e1n.<\/p>\n<p>\u00abSi no lo hacen, entonces tendremos que lograrlo usando medios militares\u00bb, dijo en Biskek, la capital de esta antigua rep\u00fablica sovi\u00e9tica de Asia Central.<\/p>\n<p>Despu\u00e9s de casi cuatro a\u00f1os de conflicto, el ej\u00e9rcito ruso avanza lenta, pero constantemente por el frente oriental en costosos combates contra las tropas de Kiev, desgastadas y superadas en n\u00famero y en armamento.<\/p>\n<p>La ofensiva rusa \u00abes pr\u00e1cticamente imposible de detener, as\u00ed que hay poco que hacer ante eso\u00bb, insisti\u00f3 Putin.<\/p>\n<p>Rusia controla actualmente una quinta parte de Ucrania. La cesi\u00f3n de territorio ha sido una l\u00ednea roja para Kiev y una de las principales discrepancias en los intentos de di\u00e1logo.<\/p>\n<p>Putin no especific\u00f3 a qu\u00e9 regiones ucranianas se refiere. Las tropas rusas controlan amplias franjas de Donetsk y Lugansk, en el este, y partes de Jers\u00f3n y Zaporiyia, en el sur.<\/p>\n<p>Rusia reivindic\u00f3 la anexi\u00f3n de estas cuatro regiones en septiembre de 2022, pese a que no controla la totalidad de estos territorios.\u00a0Tambi\u00e9n integr\u00f3 a su territorio la pen\u00ednsula de Crimea en 2014.<\/p>\n<p>La entrega a Rusia de Donetsk y Lugansk, que integran la cuenca minera del Donb\u00e1s, formaba parte del plan original de 28 puntos presentado por Estados Unidos.<\/p>\n<p>En el caso de Jers\u00f3n y Zaporiyia, el texto propon\u00eda la congelaci\u00f3n de la l\u00ednea del frente actual.<\/p>\n<p>\u2013 \u00abBase para futuros acuerdos\u00bb \u2013<\/p>\n<p>Los detalles de la propuesta no se desvelaron. Seg\u00fan fuentes interrogadas en Kiev por la AFP, esta ya no contiene condiciones maximalistas y no ofrece una soluci\u00f3n sobre los territorios ocupados.<\/p>\n<p>El emisario estadounidense Steve Witkoff tiene previsto viajar a Mosc\u00fa la pr\u00f3xima semana para abordar el plan con las autoridades rusas.<\/p>\n<p>El jefe del gabinete presidencial ucraniano, Andrii Yermak, dijo de su lado que \u00abel trabajo conjunto de las delegaciones ucraniana y estadounidense\u00bb sobre el plan continuar\u00e1 \u00aba final de esta semana\u00bb.<\/p>\n<p>Adem\u00e1s de la cesi\u00f3n de territorios, otro de los grandes desacuerdos en la negociaci\u00f3n han sido las garant\u00edas de seguridad occidentales para Ucrania, que Kiev considera necesarias para evitar una futura ofensiva de Rusia.<\/p>\n<p>Putin repiti\u00f3 el jueves que el plan estadounidense puede \u00abservir de base para futuro acuerdos\u00bb entre Mosc\u00fa y Kiev. Para \u00e9l, uno de los \u00abpuntos clave\u00bb de la negociaci\u00f3n es el reconocimiento del Donb\u00e1s y de Crimea como territorios rusos.<\/p>\n<p>El presidente ruso cuestion\u00f3 nuevamente la legitimidad de su hom\u00f3logo ucraniano, Volodimir Zelenski, y afirm\u00f3 que firmar un acuerdo con \u00e9l es \u00abcasi imposible\u00bb por el momento.<\/p>\n<p>La guerra ha provocado la muerte de decenas de miles de personas y ha forzado a millones a dejar sus casas, en el peor conflicto en Europa desde la Segunda Guerra Mundial.<\/p>\n<p>bur\/jj\/an\/pc\/dbh\/an<\/p>\n","protected":false},"excerpt":{"rendered":"afp_tickers Este contenido fue publicado en 27 noviembre 2025 &#8211; 17:14 El presidente ruso, Vladimir Putin, declar\u00f3 este&hellip;\n","protected":false},"author":2,"featured_media":258886,"comment_status":"","ping_status":"","sticky":false,"template":"","format":"standard","meta":{"footnotes":""},"categories":[42],"tags":[635,17,18,636,83,13,14,11,61,62,63,86,64,19,20,9,10,15,16,88,90,12,21,22,65,66,67],"class_list":{"0":"post-258885","1":"post","2":"type-post","3":"status-publish","4":"format-standard","5":"has-post-thumbnail","7":"category-internacional","8":"tag-armed-conflict","9":"tag-breaking-news","10":"tag-breakingnews","11":"tag-conflict","12":"tag-diplomacy","13":"tag-featured-news","14":"tag-featurednews","15":"tag-headlines","16":"tag-internacional","17":"tag-international","18":"tag-international-news","19":"tag-international-relations","20":"tag-internationalnews","21":"tag-latest-news","22":"tag-latestnews","23":"tag-news","24":"tag-noticias","25":"tag-noticias-destacadas","26":"tag-noticiasdestacadas","27":"tag-politics","28":"tag-ticker","29":"tag-titulares","30":"tag-ultimas-noticias","31":"tag-ultimasnoticias","32":"tag-world","33":"tag-world-news","34":"tag-worldnews"},"share_on_mastodon":{"url":"https:\/\/pubeurope.com\/@es\/115622873252876945","error":""},"_links":{"self":[{"href":"https:\/\/www.europesays.com\/es\/wp-json\/wp\/v2\/posts\/258885","targetHints":{"allow":["GET"]}}],"collection":[{"href":"https:\/\/www.europesays.com\/es\/wp-json\/wp\/v2\/posts"}],"about":[{"href":"https:\/\/www.europesays.com\/es\/wp-json\/wp\/v2\/types\/post"}],"author":[{"embeddable":true,"href":"https:\/\/www.europesays.com\/es\/wp-json\/wp\/v2\/users\/2"}],"replies":[{"embeddable":true,"href":"https:\/\/www.europesays.com\/es\/wp-json\/wp\/v2\/comments?post=258885"}],"version-history":[{"count":0,"href":"https:\/\/www.europesays.com\/es\/wp-json\/wp\/v2\/posts\/258885\/revisions"}],"wp:featuredmedia":[{"embeddable":true,"href":"https:\/\/www.europesays.com\/es\/wp-json\/wp\/v2\/media\/258886"}],"wp:attachment":[{"href":"https:\/\/www.europesays.com\/es\/wp-json\/wp\/v2\/media?parent=258885"}],"wp:term":[{"taxonomy":"category","embeddable":true,"href":"https:\/\/www.europesays.com\/es\/wp-json\/wp\/v2\/categories?post=258885"},{"taxonomy":"post_tag","embeddable":true,"href":"https:\/\/www.europesays.com\/es\/wp-json\/wp\/v2\/tags?post=258885"}],"curies":[{"name":"wp","href":"https:\/\/api.w.org\/{rel}","templated":true}]}}