{"id":258887,"date":"2025-11-27T17:36:11","date_gmt":"2025-11-27T17:36:11","guid":{"rendered":"https:\/\/www.europesays.com\/es\/258887\/"},"modified":"2025-11-27T17:36:11","modified_gmt":"2025-11-27T17:36:11","slug":"ayuso-se-rie-de-las-protestas-en-defensa-de-la-universidad-publica-que-asfixia-en-madrid","status":"publish","type":"post","link":"https:\/\/www.europesays.com\/es\/258887\/","title":{"rendered":"Ayuso se r\u00ede de las protestas en defensa de la universidad p\u00fablica que asfixia en Madrid"},"content":{"rendered":"<p class=\"L6-news-detail__text\">Las <b><a title=\"universidades p\u00fablicas de Madrid est\u00e1n en huelga\" href=\"https:\/\/www.lasexta.com\/noticias\/nacional\/que-menos-salario-sus-profesores-que-menos-invierte-sus-alumnos-asi-asfixia-ayuso-universidad-publicas-madrid_2025112669272bad55584d48fb5e3143.html\" target=\"_blank\" rel=\"nofollow noopener\">universidades p\u00fablicas de Madrid est\u00e1n en huelga<\/a><\/b>. No por capricho: porque llevan a\u00f1os intentando sobrevivir con menos dinero, matr\u00edculas m\u00e1s caras y recursos que no dan para cubrir ni lo b\u00e1sico. Y justo en mitad de esa protesta masiva, <b>Isabel D\u00edaz Ayuso<\/b> decide intervenir\u2026 con un <b>\u00abyo, s\u00ed\u00bb<\/b> en &#8216;X&#8217;. Dos palabras que han ca\u00eddo como gasolina sobre un fuego que ya ard\u00eda.<\/p>\n<p class=\"L6-news-detail__text\">Ayuso ha sacado pecho diciendo que <b>ella s\u00ed estudi\u00f3 en la universidad p\u00fablica. Y es verdad<\/b>. Pero tambi\u00e9n es verdad \u2014y es lo que denuncian estudiantes y profesores\u2014 que <b>la universidad p\u00fablica que ella conoci\u00f3 no tiene nada que ver<\/b> con la que deja hoy su Gobierno.<\/p>\n<p class=\"L6-news-detail__text\">Ahora, las <b><a title=\"universidades madrile\u00f1as\" href=\"https:\/\/www.lasexta.com\/noticias\/nacional\/crisis-universidades-madrilenas-ucm-urjc-fondos-profesorado-borde-colapso_2025102268f8f36a5ddd5447a1bf310a.html\" target=\"_blank\" rel=\"nofollow noopener\">universidades madrile\u00f1as<\/a><\/b> est\u00e1n entre las peor financiadas de Espa\u00f1a. Inversi\u00f3n por alumno: <strong data-start=\"1094\" data-end=\"1109\">5.400 euros<\/strong>, la cifra m\u00e1s baja del pa\u00eds. En otras comunidades, como Asturias, se superan tranquilamente los <strong data-start=\"1205\" data-end=\"1215\">10.000<\/strong>. Y esa brecha se nota: menos profesorado, peores salarios, menos investigaci\u00f3n y unas infraestructuras cada vez m\u00e1s deterioradas.<\/p>\n<p class=\"L6-news-detail__text\">Las matr\u00edculas tambi\u00e9n forman parte del problema: <strong data-start=\"1397\" data-end=\"1422\">1.160 euros por curso<\/strong>, 400 m\u00e1s que en Andaluc\u00eda. M\u00e1s caras, menos sueldo para los docentes y menos dinero para funcionar. La ecuaci\u00f3n no sale.<\/p>\n<p>La ley de Ayuso: fijar por ley la infrafinanciaci\u00f3n<\/p>\n<p class=\"L6-news-detail__text\">Pero lo que ha terminado de encender la protesta es la ley que impulsa el Gobierno regional: una norma que <strong data-start=\"1713\" data-end=\"1745\">pone techo al dinero p\u00fablico<\/strong> que reciben las universidades, dej\u00e1ndolo como m\u00e1ximo en un <strong data-start=\"1805\" data-end=\"1812\">70%<\/strong>. Traducido: <strong data-start=\"1828\" data-end=\"1850\">200 millones menos<\/strong>.<\/p>\n<p class=\"L6-news-detail__text\">Es decir, que lo que ya era poco quedar\u00eda fijado as\u00ed para siempre. Y lo que ahora es p\u00fablico, Ayuso quiere que lo cubran empresas privadas. Lo explica la secretaria general del Sindicato de Estudiantes, Coral Latorre: \u00abEse 30% que ahora depende de financiaci\u00f3n p\u00fablica pasar\u00eda a depender de empresas privadas\u00bb.<\/p>\n<p>Y mientras tanto\u2026 el \u00abyo, s\u00ed\u00bb<\/p>\n<p class=\"L6-news-detail__text\">En ese <b>contexto de huelga, protestas y universidades al l\u00edmite<\/b>, Ayuso publica un mensaje que miles de estudiantes han le\u00eddo casi como una burla: <strong data-start=\"2351\" data-end=\"2363\">\u00abYo, s\u00ed\u00bb<\/strong>. Un \u00abyo, s\u00ed\u00bb que suena a: yo s\u00ed estudi\u00e9 en la p\u00fablica, vosotros ya ver\u00e9is.<\/p>\n<p class=\"L6-news-detail__text\">Y ah\u00ed est\u00e1 el punto: <strong data-start=\"2463\" data-end=\"2533\">Ayuso s\u00ed estudi\u00f3 en la p\u00fablica, pero cuando la p\u00fablica estaba bien<\/strong>. Cuando no costaba 1.160 euros por curso, cuando los profesores no cobraban 9.000 euros menos que en Catalu\u00f1a, cuando las universidades no compet\u00edan por ser las que menos financiaci\u00f3n reciben en Espa\u00f1a. Hoy, quienes vienen detr\u00e1s no tienen esa misma oportunidad. Y por eso protestan.<\/p>\n<p class=\"L6-news-detail__text\">La comunidad universitaria insiste en que esto no va solo de dinero. Va de <b>lo que se pierde cuando la p\u00fablica se queda sin recursos<\/b>: va de quienes no pueden pagarse una privada, va del ascensor social que deja de funcionar y va de que la educaci\u00f3n p\u00fablica deje de ser una v\u00eda real para progresar.<\/p>\n<p class=\"L6-news-detail__text\">Y por eso ha molestado tanto ese \u00abyo, s\u00ed\u00bb. Porque para miles de j\u00f3venes suena a un <b>\u00abyo s\u00ed pude\u2026 y t\u00fa ya no\u00bb<\/b>.<\/p>\n<p class=\"L6-news-detail__text\"><b><a title=\"*Sigue a laSexta en Google. Toda la actualidad y el mejor contenido aqu\u00ed.\" href=\"https:\/\/profile.google.com\/cp\/CgkvbS8wZG5xejA\" target=\"_blank\" rel=\"nofollow noopener\">*Sigue a laSexta en Google. Toda la actualidad y el mejor contenido aqu\u00ed.<\/a><\/b><\/p>\n<p class=\"L6-support-news-video__title\">Declara ante la Audiencia<\/p>\n<p>            <a href=\"https:\/\/www.lasexta.com\/noticias\/nacional\/aldama-dice-haber-aportado-pruebas-reunion-angel-victor-torres-audiencia-nacional-deberia-estar-preocupado_2025112769282ed19261f37ec731ff29.html\" class=\"L6-news__link\" rel=\"nofollow noopener\" target=\"_blank\"><br \/>\n                Aldama dice haber aportado pruebas de su reuni\u00f3n con \u00c1ngel V\u00edctor Torres a la Audiencia Nacional: \u00abDeber\u00eda estar preocupado\u00bb<\/p>\n<p class=\"recirculation-video-desc\">S\u00ed, pero&#8230;El empresario asegura que ha aportado pruebas \u00abque veremos\u00bb, sin precisar qu\u00e9 tipo de pruebas son \u00abpor respeto a la sala y al magistrado\u00bb. Su abogado ha asegurado que su defendido no ha aportado documentaci\u00f3n nueva.<\/p>\n<p>            <\/a><\/p>\n","protected":false},"excerpt":{"rendered":"Las universidades p\u00fablicas de Madrid est\u00e1n en huelga. No por capricho: porque llevan a\u00f1os intentando sobrevivir con menos&hellip;\n","protected":false},"author":2,"featured_media":258888,"comment_status":"","ping_status":"","sticky":false,"template":"","format":"standard","meta":{"footnotes":""},"categories":[8],"tags":[17,18,25,24,13,14,11,19,20,9,10,15,16,23,12,21,22],"class_list":{"0":"post-258887","1":"post","2":"type-post","3":"status-publish","4":"format-standard","5":"has-post-thumbnail","7":"category-espana","8":"tag-breaking-news","9":"tag-breakingnews","10":"tag-es","11":"tag-espana","12":"tag-featured-news","13":"tag-featurednews","14":"tag-headlines","15":"tag-latest-news","16":"tag-latestnews","17":"tag-news","18":"tag-noticias","19":"tag-noticias-destacadas","20":"tag-noticiasdestacadas","21":"tag-spain","22":"tag-titulares","23":"tag-ultimas-noticias","24":"tag-ultimasnoticias"},"share_on_mastodon":{"url":"https:\/\/pubeurope.com\/@es\/115622876491417645","error":""},"_links":{"self":[{"href":"https:\/\/www.europesays.com\/es\/wp-json\/wp\/v2\/posts\/258887","targetHints":{"allow":["GET"]}}],"collection":[{"href":"https:\/\/www.europesays.com\/es\/wp-json\/wp\/v2\/posts"}],"about":[{"href":"https:\/\/www.europesays.com\/es\/wp-json\/wp\/v2\/types\/post"}],"author":[{"embeddable":true,"href":"https:\/\/www.europesays.com\/es\/wp-json\/wp\/v2\/users\/2"}],"replies":[{"embeddable":true,"href":"https:\/\/www.europesays.com\/es\/wp-json\/wp\/v2\/comments?post=258887"}],"version-history":[{"count":0,"href":"https:\/\/www.europesays.com\/es\/wp-json\/wp\/v2\/posts\/258887\/revisions"}],"wp:featuredmedia":[{"embeddable":true,"href":"https:\/\/www.europesays.com\/es\/wp-json\/wp\/v2\/media\/258888"}],"wp:attachment":[{"href":"https:\/\/www.europesays.com\/es\/wp-json\/wp\/v2\/media?parent=258887"}],"wp:term":[{"taxonomy":"category","embeddable":true,"href":"https:\/\/www.europesays.com\/es\/wp-json\/wp\/v2\/categories?post=258887"},{"taxonomy":"post_tag","embeddable":true,"href":"https:\/\/www.europesays.com\/es\/wp-json\/wp\/v2\/tags?post=258887"}],"curies":[{"name":"wp","href":"https:\/\/api.w.org\/{rel}","templated":true}]}}