{"id":258889,"date":"2025-11-27T17:38:09","date_gmt":"2025-11-27T17:38:09","guid":{"rendered":"https:\/\/www.europesays.com\/es\/258889\/"},"modified":"2025-11-27T17:38:09","modified_gmt":"2025-11-27T17:38:09","slug":"mas-transparencia-sobre-la-actividad-de-grupos-de-presion-de-terceros-paises-noticias","status":"publish","type":"post","link":"https:\/\/www.europesays.com\/es\/258889\/","title":{"rendered":"M\u00e1s transparencia sobre la actividad de grupos de presi\u00f3n de terceros pa\u00edses | Noticias"},"content":{"rendered":"<p class=\"ep-wysiwig_paragraph\">El Parlamento adopt\u00f3 el jueves, con 392 votos a favor, 88 en contra y 133 abstenciones, su posici\u00f3n para las negociaciones con el Consejo sobre nuevas normas para reforzar la transparencia en la actividad de los grupos de presi\u00f3n de terceros pa\u00edses en los Estados miembros de la UE. Los eurodiputados han modificado definiciones de la <a href=\"https:\/\/eur-lex.europa.eu\/procedure\/ES\/2023_463\" target=\"_blank\" rel=\"noopener nofollow\">propuesta de la Comisi\u00f3n,<\/a> y han introducido garant\u00edas para evitar la estigmatizaci\u00f3n de organizaciones que pueden contribuir positivamente al debate p\u00fablico.<\/p>\n<p class=\"ep-wysiwig_paragraph\"><strong>Actividades cubiertas<\/strong><\/p>\n<p class=\"ep-wysiwig_paragraph\">La directiva abarca las actividades remuneradas (o a cambio de otro tipo de pagos) que tratan de influir en la pol\u00edtica, la legislaci\u00f3n o los procesos de toma de decisiones en la UE. Esto incluye la organizaci\u00f3n y participaci\u00f3n en reuniones y conferencias, la intervenci\u00f3n en consultas o audiencias p\u00fablicas, las campa\u00f1as de comunicaci\u00f3n (incluso a trav\u00e9s de influencers), la elaboraci\u00f3n de informes, la propuesta de enmiendas y la realizaci\u00f3n de encuestas.<\/p>\n<p class=\"ep-wysiwig_paragraph\">La normativa excluye las funciones oficiales gubernamentales y diplom\u00e1ticas, los medios de comunicaci\u00f3n, la asesor\u00eda jur\u00eddica y la investigaci\u00f3n acad\u00e9mica. El Parlamento quiere proteger las actividades de las organizaciones de la sociedad civil, por lo que la financiaci\u00f3n de terceros pa\u00edses que no est\u00e9 vinculada a la representaci\u00f3n de intereses no se considerar\u00e1 remuneraci\u00f3n.<\/p>\n<p class=\"ep-wysiwig_paragraph\"><strong>Control democr\u00e1tico<\/strong><\/p>\n<p class=\"ep-wysiwig_paragraph\">Para reforzar la transparencia y la rendici\u00f3n de cuentas, las autoridades nacionales deber\u00e1n tener un registro obligatorio interconectado con el resto de Estados miembros a trav\u00e9s de un portal centralizado. Despu\u00e9s del registro, las entidades contar\u00e1n con un n\u00famero europeo \u00fanico de representaci\u00f3n de intereses (EIRN, en ingl\u00e9s) v\u00e1lido para toda la UE. Los eurodiputados recalcan que los datos deber\u00e1n presentarse de manera objetiva y neutral, y la mera inscripci\u00f3n no debe generar un clima de desconfianza.<\/p>\n<p class=\"ep-wysiwig_paragraph\"><strong>Garant\u00edas contra la estigmatizaci\u00f3n<\/strong><\/p>\n<p class=\"ep-wysiwig_paragraph\">Los eurodiputados quieren asegurar que, a diferencia de otras leyes sobre \u2018agentes extranjeros\u2019 en algunos pa\u00edses, la directiva no sea usada para penalizar o se\u00f1alar a entidades, como las organizaciones de la sociedad civil, o para restringir la participaci\u00f3n c\u00edvica. La norma tampoco pretende prohibir actividades o requerir la declaraci\u00f3n de financiaci\u00f3n de terceros pa\u00edses que no est\u00e9 vinculada a las actividades de grupos de presi\u00f3n.<\/p>\n<p class=\"ep-wysiwig_paragraph\"><strong>Declaraci\u00f3n<\/strong><\/p>\n<p class=\"ep-wysiwig_paragraph\">La ponente <a href=\"https:\/\/www.europarl.europa.eu\/meps\/es\/37324\/ADINA_VALEAN\/home\" target=\"_blank\" rel=\"noopener nofollow\">Adina V\u0103lean<\/a> (PPE, Ruman\u00eda) dijo: \u00abLa transparencia no es una cuesti\u00f3n ideol\u00f3gica, sino una condici\u00f3n b\u00e1sica para la confianza democr\u00e1tica. Bajo esta directiva, cualquier persona que busque influir en las decisiones en la UE en nombre de un gobierno extranjero deber\u00e1 registrarse y ser visible. Se establecen normas claras y uniformes en toda Europa, sin etiquetar ni sobrecargar a las organizaciones leg\u00edtimas.\u00bb<\/p>\n<p class=\"ep-wysiwig_paragraph\"><strong>Siguientes pasos<\/strong><\/p>\n<p class=\"ep-wysiwig_paragraph\">Con la aprobaci\u00f3n del texto, el Parlamento est\u00e1 listo para empezar las negociaciones con los Estados miembros, una vez que el Consejo tambi\u00e9n adopte su postura.<\/p>\n<p class=\"ep-wysiwig_paragraph\"><strong>Antecedentes<\/strong><\/p>\n<p class=\"ep-wysiwig_paragraph\">Las actividades de los grupos de inter\u00e9s (lobbies, en ingl\u00e9s), son tratadas de forma desigual por los Estados miembros, normalmente a trav\u00e9s de registros de transparencia obligatorios o voluntarios. Actualmente, solo diecis\u00e9is pa\u00edses de la UE <a href=\"https:\/\/www.europarl.europa.eu\/RegData\/etudes\/BRIE\/2024\/762312\/EPRS_BRI(2024)762312_EN.pdf\" target=\"_blank\" rel=\"noopener nofollow\">han avanzado<\/a> hacia la regulaci\u00f3n de estas pr\u00e1cticas. Esta situaci\u00f3n crea obst\u00e1culos en el mercado y desvirt\u00faa la competencia, y puede generar incentivos para el ejercicio de estas actividades en pa\u00edses con una menor regulaci\u00f3n. Cuando la <a href=\"https:\/\/ec.europa.eu\/commission\/presscorner\/detail\/es\/ip_23_6453\" target=\"_blank\" rel=\"noopener nofollow\">Comisi\u00f3n Europea present\u00f3 las normas<\/a> por primera vez en 2023, una encuesta mostr\u00f3 que el 81 % de los europeos consideraba que la injerencia extranjera en los sistemas democr\u00e1ticos era un problema grave que deb\u00eda abordarse.<\/p>\n","protected":false},"excerpt":{"rendered":"El Parlamento adopt\u00f3 el jueves, con 392 votos a favor, 88 en contra y 133 abstenciones, su posici\u00f3n&hellip;\n","protected":false},"author":2,"featured_media":193618,"comment_status":"","ping_status":"","sticky":false,"template":"","format":"standard","meta":{"footnotes":""},"categories":[5],"tags":[17,18,64497,25,24,13,14,11,19,20,9,10,15,16,64498,36609,23,12,21,22],"class_list":{"0":"post-258889","1":"post","2":"type-post","3":"status-publish","4":"format-standard","5":"has-post-thumbnail","7":"category-titulares","8":"tag-breaking-news","9":"tag-breakingnews","10":"tag-comimco","11":"tag-es","12":"tag-espana","13":"tag-featured-news","14":"tag-featurednews","15":"tag-headlines","16":"tag-latest-news","17":"tag-latestnews","18":"tag-news","19":"tag-noticias","20":"tag-noticias-destacadas","21":"tag-noticiasdestacadas","22":"tag-plenarydate24-11-2025","23":"tag-producttypepress_release","24":"tag-spain","25":"tag-titulares","26":"tag-ultimas-noticias","27":"tag-ultimasnoticias"},"share_on_mastodon":{"url":"https:\/\/pubeurope.com\/@es\/115622884418027220","error":""},"_links":{"self":[{"href":"https:\/\/www.europesays.com\/es\/wp-json\/wp\/v2\/posts\/258889","targetHints":{"allow":["GET"]}}],"collection":[{"href":"https:\/\/www.europesays.com\/es\/wp-json\/wp\/v2\/posts"}],"about":[{"href":"https:\/\/www.europesays.com\/es\/wp-json\/wp\/v2\/types\/post"}],"author":[{"embeddable":true,"href":"https:\/\/www.europesays.com\/es\/wp-json\/wp\/v2\/users\/2"}],"replies":[{"embeddable":true,"href":"https:\/\/www.europesays.com\/es\/wp-json\/wp\/v2\/comments?post=258889"}],"version-history":[{"count":0,"href":"https:\/\/www.europesays.com\/es\/wp-json\/wp\/v2\/posts\/258889\/revisions"}],"wp:featuredmedia":[{"embeddable":true,"href":"https:\/\/www.europesays.com\/es\/wp-json\/wp\/v2\/media\/193618"}],"wp:attachment":[{"href":"https:\/\/www.europesays.com\/es\/wp-json\/wp\/v2\/media?parent=258889"}],"wp:term":[{"taxonomy":"category","embeddable":true,"href":"https:\/\/www.europesays.com\/es\/wp-json\/wp\/v2\/categories?post=258889"},{"taxonomy":"post_tag","embeddable":true,"href":"https:\/\/www.europesays.com\/es\/wp-json\/wp\/v2\/tags?post=258889"}],"curies":[{"name":"wp","href":"https:\/\/api.w.org\/{rel}","templated":true}]}}