{"id":258892,"date":"2025-11-27T17:44:10","date_gmt":"2025-11-27T17:44:10","guid":{"rendered":"https:\/\/www.europesays.com\/es\/258892\/"},"modified":"2025-11-27T17:44:10","modified_gmt":"2025-11-27T17:44:10","slug":"chris-froome-regresa-por-enesima-vez-pero-ya-tiene-40-anos-y-esta-sin-equipo-por-que-no-se-retira","status":"publish","type":"post","link":"https:\/\/www.europesays.com\/es\/258892\/","title":{"rendered":"Chris Froome regresa por en\u00e9sima vez, pero ya tiene 40 a\u00f1os y est\u00e1 sin equipo \u00bfpor qu\u00e9 no se retira?"},"content":{"rendered":"<p>Pese al grav\u00edsimo accidente que sufri\u00f3 mientras entrenaba este verano y haber finalizado su contrato con Israel-PremierTeck donde su rendimiento ha sido pauperrimo, Chris Froome sigue aferr\u00e1ndose al ciclismo profesional y ya est\u00e1 de vuelta sobre la bici con la esperanza de encontrar una escuadra que le acoja y le permita seguir disfrutando de su pasi\u00f3n.<\/p>\n<p><img class=\" lazyload\" border=\"0\" alt=\"Chris Froome regresa por en\u00e9sima vez, pero ya tiene 40 a\u00f1os y est\u00e1 sin equipo \u00bfpor qu\u00e9 no se retira?\" width=\"3840\" height=\"2560\"  data-\/><\/p>\n<p>Desde aquel infausto reconocimiento de la crono del Dauphin\u00e9 en el a\u00f1o 2019, donde colisionaba con su bici y sufr\u00eda una grave lesi\u00f3n, Chris Froome no ha vuelto a ser ni la sombra de aquel ciclista que maravill\u00f3 a trav\u00e9s de las monta\u00f1as del Tour de Francia.<\/p>\n<p>Unos a\u00f1os en los que su presencia en las carreras ha sido meramente testimonial, siempre siendo de los primeros en cortarse del grupo cuando el terreno y el ritmo se volv\u00edan exigentes y que le llev\u00f3 a recibir no pocas cr\u00edticas por parte de Sylvain Adams, el hasta hace una semana due\u00f1o del equipo Israel-PremierTech en el que el brit\u00e1nico milita hasta final de a\u00f1o cuando su contrato expire.<\/p>\n<blockquote class=\"instagram-media\" style=\"background: #FFF; border: 0; border-radius: 3px; box-shadow: 0 0 1px 0 rgba(0,0,0,0.5),0 1px 10px 0 rgba(0,0,0,0.15); margin: 1px; max-width: 540px; min-width: 326px; padding: 0; width: calc(100% - 2px);\" data-instgrm-captioned=\"\" data-instgrm-permalink=\"https:\/\/www.instagram.com\/p\/DRg5uZRDOHS\/?utm_source=ig_embed&amp;utm_campaign=loading\" data-instgrm-version=\"14\"><p>&#13;<br \/>\n&#13;\n<\/p><\/blockquote>\n<p>Por si fuera poco, este verano, Chris Froome sufr\u00eda un grave accidente mientras entrenaba que podr\u00eda haber tenido consecuencias fatales ya que adem\u00e1s de las varias costillas rotas, una fractura de v\u00e9rtebra y un pulm\u00f3n perforado sufri\u00f3 un desgarro en el pericardio, la membrana que rodea al coraz\u00f3n que puso en riesgo su vida.<\/p>\n<p>Sin embargo, varios meses despu\u00e9s, pese a conocerse que, obviamente, Israel-PremierTech no renovar\u00e1 su contrato, el brit\u00e1nico publicaba en sus redes sociales su regreso a la bicicleta. A sus 40 a\u00f1os, sigue empe\u00f1ado en continuar compitiendo sobre la bicicleta a nivel profesional, muestra de su pasi\u00f3n por este deporte pese a que sus capacidades f\u00edsicas ya no sean las de anta\u00f1o.<\/p>\n<p><img class=\" lazyload\" border=\"0\" alt=\"Chris Froome regresa por en\u00e9sima vez, pero ya tiene 40 a\u00f1os y est\u00e1 sin equipo \u00bfpor qu\u00e9 no se retira?\" width=\"1200\" height=\"840\"  data-\/><\/p>\n<p>Una situaci\u00f3n que sorprenden cuando hablamos de un multivencedor del Tour de Francia pero que tampoco ha sido extra\u00f1a en este deporte. En Espa\u00f1a tenemos dos claros ejemplos en las figuras de Paco Mancebo y \u00d3scar Sevilla que contin\u00faan compitiendo a los 49 a\u00f1os o el gran Davide Rebellin que continuaba compitiendo a los 51 a\u00f1os cuando sufri\u00f3 el atropello mortal.<\/p>\n<p>Y es que pese a que sorprenda que un ganador del Tour de Francia desee seguir arrastr\u00e1ndose por las carreteras, no cabe duda que, detr\u00e1s de esa decisi\u00f3n debe de existir aut\u00e9ntico amor por el el ciclismo y si tenemos en cuenta que debe de tener la vida pr\u00e1cticamente resuelta tras los jugosos contratos que disfrut\u00f3 en INEOS y en Israel estos \u00faltimos a\u00f1os, poder seguir haciendo lo que a uno le apasiona no deja de ser un privilegio, aunque \u00fanicamente sea por el gusanillo de estar en un pelot\u00f3n dando todo.<\/p>\n<p>                                            <script async src=\"\/\/www.instagram.com\/embed.js\"><\/script><\/p>\n","protected":false},"excerpt":{"rendered":"Pese al grav\u00edsimo accidente que sufri\u00f3 mientras entrenaba este verano y haber finalizado su contrato con Israel-PremierTeck donde&hellip;\n","protected":false},"author":2,"featured_media":258893,"comment_status":"","ping_status":"","sticky":false,"template":"","format":"standard","meta":{"footnotes":""},"categories":[273],"tags":[313,312,168,25,24,23,167],"class_list":{"0":"post-258892","1":"post","2":"type-post","3":"status-publish","4":"format-standard","5":"has-post-thumbnail","7":"category-ciclismo","8":"tag-ciclismo","9":"tag-cycling","10":"tag-deportes","11":"tag-es","12":"tag-espana","13":"tag-spain","14":"tag-sports"},"share_on_mastodon":{"url":"https:\/\/pubeurope.com\/@es\/115622907931206022","error":""},"_links":{"self":[{"href":"https:\/\/www.europesays.com\/es\/wp-json\/wp\/v2\/posts\/258892","targetHints":{"allow":["GET"]}}],"collection":[{"href":"https:\/\/www.europesays.com\/es\/wp-json\/wp\/v2\/posts"}],"about":[{"href":"https:\/\/www.europesays.com\/es\/wp-json\/wp\/v2\/types\/post"}],"author":[{"embeddable":true,"href":"https:\/\/www.europesays.com\/es\/wp-json\/wp\/v2\/users\/2"}],"replies":[{"embeddable":true,"href":"https:\/\/www.europesays.com\/es\/wp-json\/wp\/v2\/comments?post=258892"}],"version-history":[{"count":0,"href":"https:\/\/www.europesays.com\/es\/wp-json\/wp\/v2\/posts\/258892\/revisions"}],"wp:featuredmedia":[{"embeddable":true,"href":"https:\/\/www.europesays.com\/es\/wp-json\/wp\/v2\/media\/258893"}],"wp:attachment":[{"href":"https:\/\/www.europesays.com\/es\/wp-json\/wp\/v2\/media?parent=258892"}],"wp:term":[{"taxonomy":"category","embeddable":true,"href":"https:\/\/www.europesays.com\/es\/wp-json\/wp\/v2\/categories?post=258892"},{"taxonomy":"post_tag","embeddable":true,"href":"https:\/\/www.europesays.com\/es\/wp-json\/wp\/v2\/tags?post=258892"}],"curies":[{"name":"wp","href":"https:\/\/api.w.org\/{rel}","templated":true}]}}