{"id":258894,"date":"2025-11-27T17:46:14","date_gmt":"2025-11-27T17:46:14","guid":{"rendered":"https:\/\/www.europesays.com\/es\/258894\/"},"modified":"2025-11-27T17:46:14","modified_gmt":"2025-11-27T17:46:14","slug":"espana-en-directo-hoy-partido-clasificatorio-al-mundial-de-baloncesto-2027","status":"publish","type":"post","link":"https:\/\/www.europesays.com\/es\/258894\/","title":{"rendered":"Espa\u00f1a, en directo hoy: partido clasificatorio al Mundial de Baloncesto 2027"},"content":{"rendered":"<p>Tras una participaci\u00f3n irregular en el Eurobasket, Espa\u00f1a pone ahora la vista en el estreno de Chus Mateo al mando de la selecci\u00f3n con un gran objetivo: lograr la clasificaci\u00f3n para la Copa del Mundo 2027. Dinamarca ser\u00e1 el primer rival del nuevo entrenador, en un grupo que completan Georgia y Ucrania.<\/p>\n<p>El historial <b>entre ambos equipos sonr\u00ede claramente a La Familia, que domina 4-0, <\/b>con el \u00faltimo enfrentamiento disputado el 23 de noviembre de 2002 y que se sald\u00f3 con una contundente victoria espa\u00f1ola por 87-46.<\/p>\n<p>\u00daltima hora del Dinamarca &#8211; Espa\u00f1a: partido clasificatorio al Mundial de Baloncesto 2027, en vivo online<\/p>\n","protected":false},"excerpt":{"rendered":"Tras una participaci\u00f3n irregular en el Eurobasket, Espa\u00f1a pone ahora la vista en el estreno de Chus Mateo&hellip;\n","protected":false},"author":2,"featured_media":258895,"comment_status":"","ping_status":"","sticky":false,"template":"","format":"standard","meta":{"footnotes":""},"categories":[269],"tags":[299,298,168,25,24,23,167],"class_list":{"0":"post-258894","1":"post","2":"type-post","3":"status-publish","4":"format-standard","5":"has-post-thumbnail","7":"category-baloncesto","8":"tag-baloncesto","9":"tag-basketball","10":"tag-deportes","11":"tag-es","12":"tag-espana","13":"tag-spain","14":"tag-sports"},"share_on_mastodon":{"url":"https:\/\/pubeurope.com\/@es\/115622915981258685","error":""},"_links":{"self":[{"href":"https:\/\/www.europesays.com\/es\/wp-json\/wp\/v2\/posts\/258894","targetHints":{"allow":["GET"]}}],"collection":[{"href":"https:\/\/www.europesays.com\/es\/wp-json\/wp\/v2\/posts"}],"about":[{"href":"https:\/\/www.europesays.com\/es\/wp-json\/wp\/v2\/types\/post"}],"author":[{"embeddable":true,"href":"https:\/\/www.europesays.com\/es\/wp-json\/wp\/v2\/users\/2"}],"replies":[{"embeddable":true,"href":"https:\/\/www.europesays.com\/es\/wp-json\/wp\/v2\/comments?post=258894"}],"version-history":[{"count":0,"href":"https:\/\/www.europesays.com\/es\/wp-json\/wp\/v2\/posts\/258894\/revisions"}],"wp:featuredmedia":[{"embeddable":true,"href":"https:\/\/www.europesays.com\/es\/wp-json\/wp\/v2\/media\/258895"}],"wp:attachment":[{"href":"https:\/\/www.europesays.com\/es\/wp-json\/wp\/v2\/media?parent=258894"}],"wp:term":[{"taxonomy":"category","embeddable":true,"href":"https:\/\/www.europesays.com\/es\/wp-json\/wp\/v2\/categories?post=258894"},{"taxonomy":"post_tag","embeddable":true,"href":"https:\/\/www.europesays.com\/es\/wp-json\/wp\/v2\/tags?post=258894"}],"curies":[{"name":"wp","href":"https:\/\/api.w.org\/{rel}","templated":true}]}}