{"id":258896,"date":"2025-11-27T17:47:17","date_gmt":"2025-11-27T17:47:17","guid":{"rendered":"https:\/\/www.europesays.com\/es\/258896\/"},"modified":"2025-11-27T17:47:17","modified_gmt":"2025-11-27T17:47:17","slug":"cobramos-y-nos-repartimos-una-prima-por-ganar-y-hacer-nuestro-trabajo","status":"publish","type":"post","link":"https:\/\/www.europesays.com\/es\/258896\/","title":{"rendered":"\u201cCobramos y nos repartimos una prima por ganar y hacer nuestro trabajo\u201d"},"content":{"rendered":"<p data-mrf-recirculation=\"Links P\u00e1rrafos\" class=\"ue-c-article__paragraph paragraph ue-c-article--first-letter-highlighted\">El Deportivo visita Albacete este fin de semana. Volver\u00e1 al Carlos Belmonte en donde firm\u00f3 una de las goleadas hist\u00f3ricas de Primera divisi\u00f3n. Precisamente en <strong>el libro de Javi Guill\u00e9n, \u2018Mucho que decir y poco que contar\u2019,<\/strong> devuelve a la memoria del aficionado manchego uno de los partidos m\u00e1s llamativos de aquella temporada 94-95. <strong>El D\u00e9por llegaba segundo y no ten\u00eda nada en juego de cara a la clasificaci\u00f3n.<\/strong><\/p>\n<p data-mrf-recirculation=\"Links P\u00e1rrafos\" class=\"ue-c-article__paragraph paragraph\">En el mencionado libro, Paco Lia\u00f1o, meta del cuadro gallego, confirm\u00f3 que el Deportivo ten\u00eda encima de la mesa una prima por ganar. \u201c<strong>Cobramos un dinero por ganar un partido, nos repartimos una prima por hacer nuestro trabajo<\/strong>, fuimos a Albacete a jugar una pachanga, sin arriesgar nada porque ten\u00edamos una final a la semana\u201d.<\/p>\n<p>El partido<\/p>\n<p data-mrf-recirculation=\"Links P\u00e1rrafos\" class=\"ue-c-article__paragraph paragraph\">Fue un partido en donde el cuadro gallego pas\u00f3 encima del equipo local con muchas ocasiones de gol.<strong> El Alba sali\u00f3 presionado y atenazado y el Depor con un equipo mezclado de titulares y suplentes<\/strong>. Hat trick de Julio Salinas, gol desde el centro del campo de Mandar\u00edn, Donato desde fuera del \u00e1rea\u2026 goles de todos los gustos y ante un meta que en el futuro iba a vestir la camiseta del Depor: <strong>Jos\u00e9 Molina<\/strong>.<\/p>\n<p><img decoding=\"async\" width=\"1980\" height=\"1320\" class=\"ue-c-article__image lazyload\" alt=\"Paco Lia\u00f1o y Derticia en el Albacete - Depor del a\u00f1o 95.\" loading=\"lazy\" src=\"https:\/\/www.europesays.com\/es\/wp-content\/uploads\/2025\/11\/692844c6e382c.jpeg\"\/><\/p>\n<p>Paco Lia\u00f1o y Derticia en el Albacete &#8211; Depor del a\u00f1o 95.EFE<\/p>\n<p data-mrf-recirculation=\"Links P\u00e1rrafos\" class=\"ue-c-article__paragraph paragraph\">El propio Lia\u00f1o reconoci\u00f3 que d\u00edas despu\u00e9s, los jugadores del Depor se repartieron el dinero que lleg\u00f3 en una mochila mientras estaban concentrados para jugar la final de la Copa del Rey. <strong>\u201cIban habitaci\u00f3n por habitaci\u00f3n con una mochila, repartiendo el dinero a cada jugador\u201d<\/strong>, expres\u00f3 el ex Zamora de la Liga.<\/p>\n<p data-mrf-recirculation=\"Links P\u00e1rrafos\" class=\"ue-c-article__paragraph paragraph\">Este fin de semana ser\u00e1 diferente. <strong>Llegan dos equipos con aspiraciones de ascender a la m\u00e1xima categor\u00eda<\/strong> y volver a disfrutar de Primera divisi\u00f3n.<\/p>\n","protected":false},"excerpt":{"rendered":"El Deportivo visita Albacete este fin de semana. Volver\u00e1 al Carlos Belmonte en donde firm\u00f3 una de las&hellip;\n","protected":false},"author":2,"featured_media":258897,"comment_status":"","ping_status":"","sticky":false,"template":"","format":"standard","meta":{"footnotes":""},"categories":[268],"tags":[168,25,24,280,282,281,23,167],"class_list":{"0":"post-258896","1":"post","2":"type-post","3":"status-publish","4":"format-standard","5":"has-post-thumbnail","7":"category-futbol","8":"tag-deportes","9":"tag-es","10":"tag-espana","11":"tag-football","12":"tag-futbol","13":"tag-soccer","14":"tag-spain","15":"tag-sports"},"share_on_mastodon":{"url":"https:\/\/pubeurope.com\/@es\/115622920246433096","error":""},"_links":{"self":[{"href":"https:\/\/www.europesays.com\/es\/wp-json\/wp\/v2\/posts\/258896","targetHints":{"allow":["GET"]}}],"collection":[{"href":"https:\/\/www.europesays.com\/es\/wp-json\/wp\/v2\/posts"}],"about":[{"href":"https:\/\/www.europesays.com\/es\/wp-json\/wp\/v2\/types\/post"}],"author":[{"embeddable":true,"href":"https:\/\/www.europesays.com\/es\/wp-json\/wp\/v2\/users\/2"}],"replies":[{"embeddable":true,"href":"https:\/\/www.europesays.com\/es\/wp-json\/wp\/v2\/comments?post=258896"}],"version-history":[{"count":0,"href":"https:\/\/www.europesays.com\/es\/wp-json\/wp\/v2\/posts\/258896\/revisions"}],"wp:featuredmedia":[{"embeddable":true,"href":"https:\/\/www.europesays.com\/es\/wp-json\/wp\/v2\/media\/258897"}],"wp:attachment":[{"href":"https:\/\/www.europesays.com\/es\/wp-json\/wp\/v2\/media?parent=258896"}],"wp:term":[{"taxonomy":"category","embeddable":true,"href":"https:\/\/www.europesays.com\/es\/wp-json\/wp\/v2\/categories?post=258896"},{"taxonomy":"post_tag","embeddable":true,"href":"https:\/\/www.europesays.com\/es\/wp-json\/wp\/v2\/tags?post=258896"}],"curies":[{"name":"wp","href":"https:\/\/api.w.org\/{rel}","templated":true}]}}