{"id":258930,"date":"2025-11-27T18:11:14","date_gmt":"2025-11-27T18:11:14","guid":{"rendered":"https:\/\/www.europesays.com\/es\/258930\/"},"modified":"2025-11-27T18:11:14","modified_gmt":"2025-11-27T18:11:14","slug":"ana-villa-el-gran-impulso-en-la-sombra-para-alba-flores-a-la-hora-de-contar-la-vida-de-su-padre-de-la-sanacion-a-vivir-juntas-las-cosas-mas-bonitas-de-su-vida-gracias-al-document","status":"publish","type":"post","link":"https:\/\/www.europesays.com\/es\/258930\/","title":{"rendered":"Ana Villa, el gran impulso (en la sombra) para Alba Flores a la hora de contar la vida de su padre: de la sanaci\u00f3n a vivir juntas \u201clas cosas m\u00e1s bonitas de su vida\u201d gracias al documental"},"content":{"rendered":"<p><a href=\"https:\/\/www.revistavanityfair.es\/articulos\/ana-villa-madre-alba-flores-mujer-antonio-edad-quien-es\" rel=\"nofollow noopener\" target=\"_blank\"><strong>Ana Villa<\/strong><\/a> nunca ha querido figurar ni estar ante las c\u00e1maras. Nunca ha concedido una entrevista ni ha querido hablar de c\u00f3mo fue su amor con <a href=\"https:\/\/www.revistavanityfair.es\/articulos\/30-anos-sin-antonio-flores-el-artista-que-componia-desde-las-entranas\" rel=\"nofollow noopener\" target=\"_blank\"><strong>Antonio Flores<\/strong><\/a>. Y m\u00e1s de tres d\u00e9cadas despu\u00e9s ha conseguido lo que siempre quiso: vivir al margen de la vida p\u00fablica. La madre de <a href=\"https:\/\/www.revistavanityfair.es\/articulos\/alba-flores-vida-personal-edad-familia-antonio-madre-ana-villa\" rel=\"nofollow noopener\" target=\"_blank\"><strong>Alba Flores<\/strong><\/a> posaba con cierta timidez esta semana en el photocall del documental <a href=\"https:\/\/www.revistavanityfair.es\/articulos\/alba-flores-pelicula-antonio-flores-proyecto\" rel=\"nofollow noopener\" target=\"_blank\"><strong>Flores para Antonio<\/strong><\/a>, el homenaje que la nieta de <a href=\"https:\/\/www.revistavanityfair.es\/articulos\/lola-flores-mejores-momentos-frases-medios-comunicacion\" rel=\"nofollow noopener\" target=\"_blank\"><strong>Lola Flores<\/strong><\/a> ha querido rendir a su padre y que ha supuesto una catarsis personal tanto para ella como para Ana Villa.<\/p>\n<p><img decoding=\"async\" alt=\"Alba Flores junto a su madre Ana Villa y su t\u00eda Lolita en el estreno madrile\u00f1o de Flores para Antonio.\" loading=\"lazy\" class=\"ResponsiveImageContainer-eNxvmU cfBbTk responsive-image__image\"   src=\"https:\/\/www.europesays.com\/es\/wp-content\/uploads\/2025\/11\/DL_u595600_077.jpg\"\/><\/p>\n<p>Alba Flores junto a su madre, Ana Villa, y su t\u00eda Lolita en el estreno madrile\u00f1o de Flores para Antonio.<\/p>\n<p>GIM<\/p>\n<p>\u00abSiento que la tengo que cuidar. <strong>Creo que a ella la peli le duele m\u00e1s que a m\u00ed<\/strong>\u00ab, dec\u00eda hace unas semanas <a href=\"https:\/\/www.revistavanityfair.es\/articulos\/alba-flores-padre-relacion-antonio-flores\" rel=\"nofollow noopener\" target=\"_blank\">Alba Flores<\/a> en El Pa\u00eds al ser preguntada por su madre. Como explicaba la actriz en La Revuelta este mi\u00e9rcoles, fue junto a su madre con quien tom\u00f3 la decisi\u00f3n de hacer el documental que revela c\u00f3mo vivi\u00f3 <a href=\"https:\/\/www.revistavanityfair.es\/sociedad\/articulos\/antonio-flores-hija-alba-relacion-muerte-madre-ana-villa\/45212\" rel=\"nofollow noopener\" target=\"_blank\">Antonio Flores<\/a> desde su lado m\u00e1s personal, familiar y tambi\u00e9n profesional, como uno de los grandes m\u00fasicos de la historia de nuestro pa\u00eds. <a href=\"https:\/\/www.revistavanityfair.es\/articulos\/alba-flores-premios-mim\" rel=\"nofollow noopener\" target=\"_blank\">Alba Flores<\/a> explic\u00f3 a <a href=\"https:\/\/www.revistavanityfair.es\/articulos\/david-broncano-comico-la-resistencia-rtve-edad-familia-pareja\" rel=\"nofollow noopener\" target=\"_blank\"><strong>David Broncano<\/strong><\/a> que la idea surgi\u00f3 cuando ella y su progenitora se encontraban preparando <a href=\"https:\/\/www.revistavanityfair.es\/articulos\/alba-flores-no-dudaria-homenaje-antonio-rosario\" rel=\"nofollow noopener\" target=\"_blank\">un concierto homenaje al autor de No dudar\u00eda<\/a> en el que contar\u00edan con la banda original que acompa\u00f1\u00f3 a Antonio en sus \u00faltimos conciertos. Ah\u00ed se dieron cuenta de que su historia necesitaba ser contada por \u00e9l y por toda la gente que le quiso y le admir\u00f3.<\/p>\n<p>\u201cMe ha acompa\u00f1ado mucho, est\u00e1 muy contenta de que esto exista. No ha sido un camino de rosas, hemos pasado momentos de dolor, de duelo, pero siempre hacia un lugar de sanaci\u00f3n y de celebrarle a \u00e9l, que no tuviese m\u00e1s peso su muerte que su vida\u201d, recalca <a href=\"https:\/\/www.revistavanityfair.es\/articulos\/alba-flores-traje-cuero-naranja-persona-ano-oda\" rel=\"nofollow noopener\" target=\"_blank\">la nieta de Lola Flores<\/a>. \u201cMi madre me dijo hace dos d\u00edas, as\u00ed tumbadita\u00a0en el sof\u00e1:\u00a0<strong>\u201dJo Alba, nunca pens\u00e9 que iba a vivir cosas tan bonitas contigo\u00bb<\/strong>, explic\u00f3 Alba sobre los momentos que juntas hab\u00edan vivido durante la grabaci\u00f3n y estreno del documental.<\/p>\n<p>De las pocas ocasiones en las que Ana Villa se ha dejado ver en p\u00fablico desde la muerte de Antonio Flores en mayo de 1996 ha sido en los \u00faltimos meses con motivo del estreno de Flores para Antonio tanto en el Festival de San Sebasti\u00e1n como ahora en Madrid. Villa ha querido dar todo su apoyo a su hija, su gran amor, y la persona a la que quiere por encima de todo y romper su discreci\u00f3n posando junto a <a href=\"https:\/\/www.revistavanityfair.es\/sociedad\/celebrities\/articulos\/alba-flores-4-anos-jesus-vazquez-hablando-se-entiende-la-basca-twitter\/44468\" rel=\"nofollow noopener\" target=\"_blank\">la protagonista de Vis a vis<\/a> y mostr\u00e1ndose ambas c\u00f3mplices y cari\u00f1osas.<\/p>\n","protected":false},"excerpt":{"rendered":"Ana Villa nunca ha querido figurar ni estar ante las c\u00e1maras. Nunca ha concedido una entrevista ni ha&hellip;\n","protected":false},"author":2,"featured_media":258931,"comment_status":"","ping_status":"","sticky":false,"template":"","format":"standard","meta":{"footnotes":""},"categories":[174],"tags":[37076,255,12374,146,147,25,24,256,38856,23],"class_list":{"0":"post-258930","1":"post","2":"type-post","3":"status-publish","4":"format-standard","5":"has-post-thumbnail","7":"category-famosos","8":"tag-alba-flores","9":"tag-celebrities","10":"tag-cine-espanol","11":"tag-entertainment","12":"tag-entretenimiento","13":"tag-es","14":"tag-espana","15":"tag-famosos","16":"tag-lola-flores","17":"tag-spain"},"share_on_mastodon":{"url":"https:\/\/pubeurope.com\/@es\/115623014310569376","error":""},"_links":{"self":[{"href":"https:\/\/www.europesays.com\/es\/wp-json\/wp\/v2\/posts\/258930","targetHints":{"allow":["GET"]}}],"collection":[{"href":"https:\/\/www.europesays.com\/es\/wp-json\/wp\/v2\/posts"}],"about":[{"href":"https:\/\/www.europesays.com\/es\/wp-json\/wp\/v2\/types\/post"}],"author":[{"embeddable":true,"href":"https:\/\/www.europesays.com\/es\/wp-json\/wp\/v2\/users\/2"}],"replies":[{"embeddable":true,"href":"https:\/\/www.europesays.com\/es\/wp-json\/wp\/v2\/comments?post=258930"}],"version-history":[{"count":0,"href":"https:\/\/www.europesays.com\/es\/wp-json\/wp\/v2\/posts\/258930\/revisions"}],"wp:featuredmedia":[{"embeddable":true,"href":"https:\/\/www.europesays.com\/es\/wp-json\/wp\/v2\/media\/258931"}],"wp:attachment":[{"href":"https:\/\/www.europesays.com\/es\/wp-json\/wp\/v2\/media?parent=258930"}],"wp:term":[{"taxonomy":"category","embeddable":true,"href":"https:\/\/www.europesays.com\/es\/wp-json\/wp\/v2\/categories?post=258930"},{"taxonomy":"post_tag","embeddable":true,"href":"https:\/\/www.europesays.com\/es\/wp-json\/wp\/v2\/tags?post=258930"}],"curies":[{"name":"wp","href":"https:\/\/api.w.org\/{rel}","templated":true}]}}