{"id":258942,"date":"2025-11-27T18:20:09","date_gmt":"2025-11-27T18:20:09","guid":{"rendered":"https:\/\/www.europesays.com\/es\/258942\/"},"modified":"2025-11-27T18:20:09","modified_gmt":"2025-11-27T18:20:09","slug":"rover-de-la-nasa-detecta-primera-evidencia-de-rayos-en-marte-dw-27-11-2025","status":"publish","type":"post","link":"https:\/\/www.europesays.com\/es\/258942\/","title":{"rendered":"R\u00f3ver de la NASA detecta primera evidencia de rayos en Marte \u2013 DW \u2013 27\/11\/2025"},"content":{"rendered":"<p>El <a class=\"internal-link\" href=\"https:\/\/www.dw.com\/es\/r\u00f3ver-perseverance-de-la-nasa\/t-64082924\" rel=\"nofollow noopener\" target=\"_blank\">r\u00f3ver Perseverance de la NASA<\/a> obtuvo la primera evidencia directa de actividad el\u00e9ctrica en la\u00a0atm\u00f3sfera de <a class=\"internal-link\" href=\"https:\/\/www.dw.com\/es\/marte\/t-46429920\" rel=\"nofollow noopener\" target=\"_blank\">Marte<\/a>, registrando descargas\u00a0 \u2014o \u00abmini-rayos\u00bb\u2014 asociadas a torbellinos de polvo que ocurren con frecuencia la superficie del planeta rojo.<\/p>\n<p>Los rayos\u00a0fueron captados por el instrumento SuperCam del Perseverance, con\u00a0grabaciones de audio y mediciones electromagn\u00e9ticas <a class=\"internal-link\" href=\"https:\/\/www.dw.com\/es\/misterio-en-marte-perseverance-descubre-extra\u00f1a-roca-cubierta-de-esferas\/a-72059893\" rel=\"nofollow noopener\" target=\"_blank\">realizadas en el cr\u00e1ter Jezero<\/a>, donde el veh\u00edculo opera desde 2021.<\/p>\n<p>Se trata de un descubrimiento \u00abcon implicaciones directas para la qu\u00edmica atmosf\u00e9rica marciana, el clima, la habitabilidad y el futuro de la exploraci\u00f3n rob\u00f3tica y humana\u00bb, dice\u00a0Baptiste Chide,\u00a0autor principal del estudio <a rel=\"noopener follow nofollow\" target=\"_blank\" class=\"external-link\" href=\"https:\/\/www.nature.com\/articles\/s41586-025-09736-y\" title=\"Enlace externo \u2014 publicado en la revista Nature.\">publicado en la revista Nature.<\/a><\/p>\n<p><strong>El hallazgo advierte de riesgos para futuras misiones<\/strong><\/p>\n<p>Chide, cient\u00edfico planetario del Instituto de Investigaci\u00f3n en Astrof\u00edsica y Planetolog\u00eda de Francia, se\u00f1ala que\u00a0 estas descargas el\u00e9ctricas pueden influir en el transporte de polvo, un proceso clave del clima marciano y del que poco se conoce.<\/p>\n<p>Asimismo, estos eventos\u00a0\u00abpodr\u00edan representar un riesgo para el equipo electr\u00f3nico de las misiones rob\u00f3ticas actuales, e incluso un peligro para los astronautas que alg\u00fan d\u00eda <a class=\"internal-link\" href=\"https:\/\/www.dw.com\/es\/perseverance-lleva-a\u00f1os-explorando-marte-pero-nunca-hab\u00eda-visto-algo-as\u00ed\/a-74912590\" rel=\"nofollow noopener\" target=\"_blank\">exploren el planeta rojo<\/a>\u00ab, advierte.<\/p>\n<p><img data-format=\"MASTER_LANDSCAPE\" data-id=\"74930163\" data-url=\"https:\/\/static.dw.com\/image\/74930163_${formatId}.jpg\" data-aspect-ratio=\"16\/9\" alt=\"R\u00f3ver Perseverance en Marte.\" style=\"padding-bottom: 56.25%; height: 0; max-height: 0;\"\/>Desde 2021, el r\u00f3ver Perseverance de la NASA ha estado registrado los sonidos de fen\u00f3menos atmosf\u00e9ricos en Marte.Imagen: NASA\/JPL-Caltech\/MSSS\/REUTERS<\/p>\n<p>Los investigadores analizaron 28 horas de grabaciones obtenidas durante dos a\u00f1os marcianos, detectando 55 descargas asociadas principalmente <a class=\"internal-link\" href=\"https:\/\/www.dw.com\/es\/r\u00f3ver-de-la-nasa-descubre-una-de-las-fuentes-m\u00e1s-activas-de-diablos-de-polvo-en-marte\/a-62294803\" rel=\"nofollow noopener\" target=\"_blank\">con diablos de polvo<\/a> y frentes de tormentas.<\/p>\n<p>\u00abNo detectamos rayos seg\u00fan la definici\u00f3n com\u00fan. Era una peque\u00f1a chispa, quiz\u00e1 de unos pocos mil\u00edmetros de longitud, no realmente un rayo. Sonaba como una chispa o un chasquido\u00bb, explica el coautor Ralph Lorenz.<\/p>\n<p><strong>C\u00f3mo se produce este fen\u00f3meno<\/strong><\/p>\n<p>Diecis\u00e9is de las descargas el\u00e9ctricas ocurrieron durante dos encuentros del r\u00f3ver de la <a class=\"internal-link\" href=\"https:\/\/www.dw.com\/es\/nasa\/t-17409526\" rel=\"nofollow noopener\" target=\"_blank\">NASA<\/a> con los\u00a0remolinos de polvo. Estos fen\u00f3menos, comunes en el seco ambiente de Marte, pueden levantar polvo con vientos que alcanzan unos 158 km\/h.<\/p>\n<p>\u00abYo los llamar\u00eda &#8216;mini-rayos'\u00bb, afirma\u00a0Chide. La fricci\u00f3n entre diminutos granos de polvo genera acumulaciones el\u00e9ctricas que se liberan en forma de arcos de pocos cent\u00edmetros, acompa\u00f1ados de ondas de choque audibles, agrega.<\/p>\n<p><strong>Eventos comparables con los de la Tierra<\/strong><\/p>\n<p>Este fen\u00f3meno, llamado triboelectricidad, es comparable a la electricidad est\u00e1tica en la Tierra: \u00abPiensa en un d\u00eda soleado y seco cuando caminas sobre una alfombra o una superficie de goma y acercas tu mano a una manija de puerta\u00bb, ejemplifica\u00a0otro firmante,\u00a0Franck Montmessin.<\/p>\n<p>Es decir, esa peque\u00f1a chispa generada \u00abes el mismo tipo de descarga electrost\u00e1tica que detectamos con la SuperCam\u00bb, a\u00f1ade.<\/p>\n<p><strong>Una atm\u00f3sfera con descargas el\u00e9ctricas<\/strong><\/p>\n<p>Hace a\u00f1os que se sospechaba que exist\u00eda actividad el\u00e9ctrica <a class=\"internal-link\" href=\"https:\/\/www.dw.com\/es\/registran-por-primera-vez-el-momento-en-que-una-aurora-ti\u00f1e-de-verde-el-cielo-nocturno-de-marte\/a-72565363\" rel=\"nofollow noopener\" target=\"_blank\">en la atm\u00f3sfera marciana<\/a>, pero nunca antes se hab\u00eda confirmado.<\/p>\n<p>\u00abLo que hemos observado es el resultado de contar con una instrumentaci\u00f3n excepcionalmente sensible que observa durante un largo per\u00edodo\u00bb, indica\u00a0Lorenz.<\/p>\n<p>\u00abLa atm\u00f3sfera de Marte parec\u00eda muy favorable para la electrificaci\u00f3n: llena de polvo, seca y turbulenta\u00bb, plantea Chide. La baja densidad atmosf\u00e9rica facilita la aparici\u00f3n de chispas con cargas mucho menores que en la Tierra.<\/p>\n<p><img data-format=\"MASTER_LANDSCAPE\" data-id=\"74930195\" data-url=\"https:\/\/static.dw.com\/image\/74930195_${formatId}.jpg\" data-aspect-ratio=\"16\/9\" alt=\"Rayos con un fondo rojo.\" style=\"padding-bottom: 56.25%; height: 0; max-height: 0;\"\/>Los cient\u00edficos califican las descargas el\u00e9ctricas como \u00abmini-rayos\u00bb, diferentes a los de la Tierra.Imagen: Djkrest.yandex.ru\/Depositphotos\/IMAGO<\/p>\n<p><strong>Marte se suma a otros planetas con actividad el\u00e9ctrica\u00a0<\/strong><\/p>\n<p>Con este hallazgo, Marte se une a la Tierra, Saturno y <a class=\"internal-link\" href=\"https:\/\/www.dw.com\/es\/el-misterio-brillante-de-j\u00fapiter-desconcierta-a-cient\u00edficos-de-la-nasa\/a-72557802\" rel=\"nofollow noopener\" target=\"_blank\">J\u00fapiter<\/a> como planetas con actividad el\u00e9ctrica documentada. Otros mundos \u2014Venus, Urano o Tit\u00e1n, <a class=\"internal-link\" href=\"https:\/\/www.dw.com\/es\/cient\u00edficos-buscan-explicar-por-qu\u00e9-la-luna-m\u00e1s-grande-de-saturno-y-la-tierra-se-parecen\/a-61664646\" rel=\"nofollow noopener\" target=\"_blank\">la luna de Saturno<\/a>\u2014 tambi\u00e9n podr\u00edan presentar fen\u00f3menos similares.<\/p>\n<p>Desde que el Perseverance capt\u00f3 sus primeros sonidos marcianos en 2021, los astr\u00f3nomos han tenido la oportunidad \u00abde escuchar el aullido del viento, el zumbido de las palas del helic\u00f3ptero Ingenuity (desplegado por el r\u00f3ver) y ahora, una nueva pista: descargas electrost\u00e1ticas\u00bb, concluye Chide.<\/p>\n<p>Editado por Jose Urrejola, con informaci\u00f3n de\u00a0Reuters, EFE, IFLScience, Nature y Science Alert<\/p>\n","protected":false},"excerpt":{"rendered":"El r\u00f3ver Perseverance de la NASA obtuvo la primera evidencia directa de actividad el\u00e9ctrica en la\u00a0atm\u00f3sfera de Marte,&hellip;\n","protected":false},"author":2,"featured_media":258943,"comment_status":"","ping_status":"","sticky":false,"template":"","format":"standard","meta":{"footnotes":""},"categories":[81],"tags":[119,123,124,25,24,117,121,122,23,118,120],"class_list":{"0":"post-258942","1":"post","2":"type-post","3":"status-publish","4":"format-standard","5":"has-post-thumbnail","7":"category-ciencia-y-tecnologia","8":"tag-ciencia","9":"tag-ciencia-y-tecnologia","10":"tag-cienciaytecnologia","11":"tag-es","12":"tag-espana","13":"tag-science","14":"tag-science-and-technology","15":"tag-scienceandtechnology","16":"tag-spain","17":"tag-technology","18":"tag-tecnologia"},"share_on_mastodon":{"url":"https:\/\/pubeurope.com\/@es\/115623049622221577","error":""},"_links":{"self":[{"href":"https:\/\/www.europesays.com\/es\/wp-json\/wp\/v2\/posts\/258942","targetHints":{"allow":["GET"]}}],"collection":[{"href":"https:\/\/www.europesays.com\/es\/wp-json\/wp\/v2\/posts"}],"about":[{"href":"https:\/\/www.europesays.com\/es\/wp-json\/wp\/v2\/types\/post"}],"author":[{"embeddable":true,"href":"https:\/\/www.europesays.com\/es\/wp-json\/wp\/v2\/users\/2"}],"replies":[{"embeddable":true,"href":"https:\/\/www.europesays.com\/es\/wp-json\/wp\/v2\/comments?post=258942"}],"version-history":[{"count":0,"href":"https:\/\/www.europesays.com\/es\/wp-json\/wp\/v2\/posts\/258942\/revisions"}],"wp:featuredmedia":[{"embeddable":true,"href":"https:\/\/www.europesays.com\/es\/wp-json\/wp\/v2\/media\/258943"}],"wp:attachment":[{"href":"https:\/\/www.europesays.com\/es\/wp-json\/wp\/v2\/media?parent=258942"}],"wp:term":[{"taxonomy":"category","embeddable":true,"href":"https:\/\/www.europesays.com\/es\/wp-json\/wp\/v2\/categories?post=258942"},{"taxonomy":"post_tag","embeddable":true,"href":"https:\/\/www.europesays.com\/es\/wp-json\/wp\/v2\/tags?post=258942"}],"curies":[{"name":"wp","href":"https:\/\/api.w.org\/{rel}","templated":true}]}}