{"id":258950,"date":"2025-11-27T18:24:45","date_gmt":"2025-11-27T18:24:45","guid":{"rendered":"https:\/\/www.europesays.com\/es\/258950\/"},"modified":"2025-11-27T18:24:45","modified_gmt":"2025-11-27T18:24:45","slug":"mendoza-reivindica-en-la-apertura-del-congreso-gure-lurra-la-aportacion-fundamental-de-los-y-las-baserritarras-en-el-cuidado-de-gipuzkoa","status":"publish","type":"post","link":"https:\/\/www.europesays.com\/es\/258950\/","title":{"rendered":"Mendoza reivindica en la apertura del Congreso Gure Lurra la aportaci\u00f3n fundamental de los y las baserritarras en el cuidado de Gipuzkoa"},"content":{"rendered":"<p style=\"margin-bottom:13px; text-align:justify\">La Diputada General de Gipuzkoa, Eider Mendoza ha realizado la apertura institucional del Congreso Gure Lurra 8 Sembrando Futuro, que este a\u00f1o re\u00fane a m\u00e1s de 500 personas del \u00e1mbito urbano y rural. El encuentro cuyo lema es \u201cGure sustraiak: atzo, gaur eta bihar\u201d (Nuestras ra\u00edces: ayer, hoy y ma\u00f1ana) realizar\u00e1 un viaje a trav\u00e9s del tiempo a fin de reflexionar sobre nuestras ra\u00edces, nuestros valores comunitarios y el futuro del primer sector. <\/p>\n<p style=\"margin-bottom:13px; text-align:justify; text-indent:35.4pt\">Mendoza ha manifestado en su intervenci\u00f3n su compromiso de seguir \u00abapostando fuerte por la colaboraci\u00f3n y la innovaci\u00f3n\u00bb para que \u201cel caser\u00edo y el primer sector siga siendo en el futuro uno de los pilares fundamentales de nuestro ser y del bienestar de nuestro territorio\u201d. En sus declaraciones, ha reivindicado la \u201caportaci\u00f3n fundamental\u201d de los y las baserritarras y de las personas vinculadas al medio rural porque \u201choy y ma\u00f1ana no se puede garantizar una alimentaci\u00f3n sana y sostenible, porque no podemos cuidar la naturaleza sin la participaci\u00f3n de personas que se dedican al baserri, al ganado y al pastoreo\u201d.<\/p>\n<p style=\"margin-bottom:13px; text-align:justify; text-indent:35.4pt\">Al mismo tiempo, ha recordado que el esfuerzo a favor de los pueblos peque\u00f1os y del medio rural requiere del \u201ccompromiso de toda la comunidad, de la ciudadan\u00eda a trav\u00e9s de nuestros h\u00e1bitos de consumo\u201d y de \u201clas instituciones a trav\u00e9s de las pol\u00edticas de pa\u00eds\u201d. \u201cLos valores relacionados con el caser\u00edo y su modo de vida est\u00e1n muy arraigados entre los y las guipuzcoanos y guipuzcoanas. Colaboraci\u00f3n, innovaci\u00f3n, euskera, cuidado de la naturaleza&#8230; Tambi\u00e9n de cara al futuro queremos que estos valores sigan arraigados en nuestra comunidad. Los pueblos peque\u00f1os y el sector primario juegan un papel fundamental en ello. No queremos que los pueblos peque\u00f1os y los caser\u00edos sean im\u00e1genes buc\u00f3licas que aparezcan en los calendarios o en las gu\u00edas de turistas. Queremos que los pueblos peque\u00f1os y los caser\u00edos sigan siendo lugar de residencia y trabajo de la ciudadan\u00eda, espacio de bienestar y productor de bienestar. Es responsabilidad de todos y todas, en colaboraci\u00f3n, fomentar que as\u00ed sea, apoyando y dando el reconocimiento social y econ\u00f3mico que merece la labor de las y los baserritarras y ciudadanos y ciudadanas que trabajan en el caser\u00edo y que realizan una labor imprescindible para el cuidado del entorno\u201d, a\u00f1ade.<\/p>\n<p style=\"margin-bottom:13px; text-align:justify; text-indent:35.4pt\">Tras la intervenci\u00f3n de Mendoza han tomado la palabra protagonistas como el harrijasotzaile I\u00f1aki Perurena y las distintas generaciones de las familias sidreras Izeta y Zapiain, entre otros y otras participantes. Su intervenci\u00f3n ha servido para realizar una mirada amplia a la historia y la evoluci\u00f3n de Gipuzkoa, en lo que respecta al paisaje, el papel del mar, la transmisi\u00f3n del euskera y nuestras costumbres y valores identitarios. <\/p>\n<p style=\"margin-bottom:13px; text-align:justify; text-indent:35.4pt\">El segundo bloque de la jornada, que tendr\u00e1 lugar a partir de las 12:00h. Elsa Punset escritora, fil\u00f3sofa y divulgadora arrancar\u00e1 con una ponencia en la que establecer\u00e1 puentes entre la inteligencia emocional como herramienta para el cambio positivo y el bienestar integral de los y las ciudadanas, y el contacto con la naturaleza.<\/p>\n<p style=\"margin-bottom:13px; text-align:justify; text-indent:35.4pt\">Esta parte se centrar\u00e1, adem\u00e1s, en realizar una reflexi\u00f3n sobre el futuro del sector a trav\u00e9s de la mirada de los y las j\u00f3venes protagonistas que han decidido dedicarse al baserri. En este bloque participar\u00e1n as\u00ed: Amaia y Aitor Garmendia, del caser\u00edo Aizporra, que actualmente participan en el programa Gaztenek; Joseba Andueza, del caser\u00edo Agirrezabal, que compagina su labor en la empresa y el caser\u00edo como baserritar misto profesional; E\u00f1aut Urkola, que tomar\u00e1 el relevo de otro caser\u00edo mediante el programa Trebatu y su formador Telmo Gartzia; Oier Ugartemendia, antiguo alumno de Fraisoro que aspira a seguir con el caser\u00edo familiar Gazpio y Eli Egiguren del caser\u00edo Zeliaran. <\/p>\n<p style=\"margin-bottom:13px; text-align:justify; text-indent:35.4pt\">La jornada culminar\u00e1 este mediod\u00eda con la intervenci\u00f3n de Eugenio Ibarzabal, periodista y escritor que cerrar\u00e1 la jornada de este a\u00f1o con un profundo an\u00e1lisis de los temas tratados ofreciendo su visi\u00f3n del territorio y del sector.<\/p>\n","protected":false},"excerpt":{"rendered":"La Diputada General de Gipuzkoa, Eider Mendoza ha realizado la apertura institucional del Congreso Gure Lurra 8 Sembrando&hellip;\n","protected":false},"author":2,"featured_media":154893,"comment_status":"","ping_status":"","sticky":false,"template":"","format":"standard","meta":{"footnotes":""},"categories":[5],"tags":[517,17,18,4728,32999,47519,25,24,13,14,4730,11,19,20,9,10,15,16,4729,23,12,21,22],"class_list":{"0":"post-258950","1":"post","2":"type-post","3":"status-publish","4":"format-standard","5":"has-post-thumbnail","7":"category-titulares","8":"tag-actualidad","9":"tag-breaking-news","10":"tag-breakingnews","11":"tag-diputacion-forla-de-gipuzkoa","12":"tag-diputada-general","13":"tag-equilibrio-territorial","14":"tag-es","15":"tag-espana","16":"tag-featured-news","17":"tag-featurednews","18":"tag-gipuzkoa-eus","19":"tag-headlines","20":"tag-latest-news","21":"tag-latestnews","22":"tag-news","23":"tag-noticias","24":"tag-noticias-destacadas","25":"tag-noticiasdestacadas","26":"tag-orain-gipuzkoa","27":"tag-spain","28":"tag-titulares","29":"tag-ultimas-noticias","30":"tag-ultimasnoticias"},"share_on_mastodon":{"url":"https:\/\/pubeurope.com\/@es\/115623065238978611","error":""},"_links":{"self":[{"href":"https:\/\/www.europesays.com\/es\/wp-json\/wp\/v2\/posts\/258950","targetHints":{"allow":["GET"]}}],"collection":[{"href":"https:\/\/www.europesays.com\/es\/wp-json\/wp\/v2\/posts"}],"about":[{"href":"https:\/\/www.europesays.com\/es\/wp-json\/wp\/v2\/types\/post"}],"author":[{"embeddable":true,"href":"https:\/\/www.europesays.com\/es\/wp-json\/wp\/v2\/users\/2"}],"replies":[{"embeddable":true,"href":"https:\/\/www.europesays.com\/es\/wp-json\/wp\/v2\/comments?post=258950"}],"version-history":[{"count":0,"href":"https:\/\/www.europesays.com\/es\/wp-json\/wp\/v2\/posts\/258950\/revisions"}],"wp:featuredmedia":[{"embeddable":true,"href":"https:\/\/www.europesays.com\/es\/wp-json\/wp\/v2\/media\/154893"}],"wp:attachment":[{"href":"https:\/\/www.europesays.com\/es\/wp-json\/wp\/v2\/media?parent=258950"}],"wp:term":[{"taxonomy":"category","embeddable":true,"href":"https:\/\/www.europesays.com\/es\/wp-json\/wp\/v2\/categories?post=258950"},{"taxonomy":"post_tag","embeddable":true,"href":"https:\/\/www.europesays.com\/es\/wp-json\/wp\/v2\/tags?post=258950"}],"curies":[{"name":"wp","href":"https:\/\/api.w.org\/{rel}","templated":true}]}}