{"id":258955,"date":"2025-11-27T18:32:11","date_gmt":"2025-11-27T18:32:11","guid":{"rendered":"https:\/\/www.europesays.com\/es\/258955\/"},"modified":"2025-11-27T18:32:11","modified_gmt":"2025-11-27T18:32:11","slug":"las-confesiones-de-iyana-martin-sobre-sus-problemas-de-salud-en-2025-y-todo-lo-vivido-en-el-eurobasket","status":"publish","type":"post","link":"https:\/\/www.europesays.com\/es\/258955\/","title":{"rendered":"Las confesiones de Iyana Mart\u00edn sobre sus problemas de salud en 2025 y todo lo vivido en el EuroBasket"},"content":{"rendered":"<p>La jugadora de Perfumer\u00edas Avenida se abre sobre todo lo experimentado este pasado verano y sus dos etapas este a\u00f1o con problemas de salud.<\/p>\n<p>Iyana Mart\u00edn ha compartido un <a href=\"https:\/\/www.youtube.com\/watch?v=26TQyggJSaA\" rel=\"nofollow noopener\" target=\"_blank\">rato de charla con Amaya Valdemoro <\/a>en la que ha tratado multitud de temas diferentes, tanto de actualidad como del camino hasta llegar a la \u00e9lite. La jugadora asturiana, inmersa en su segunda temporada en Perfumer\u00edas Avenida, se ha abierto por completo y ha contado todo lo vivido en los \u00faltimos meses, incluyendo los problemas de salud que ha ido superando en 2025. Estas han sido algunas de sus reflexiones y confesiones m\u00e1s destacadas al respecto.<\/p>\n<p>Las palabras de Iyana Mart\u00edn<\/p>\n<p>\u00abEstar en la convocatoria de la Selecci\u00f3n Espa\u00f1ola fue incre\u00edble. Es lo que toda ni\u00f1a sue\u00f1a. De verlo en la tele a formar parte de la rutina es incre\u00edble, no tenemos que normalizarlo. Cada vez que voy debo estar agradecida, disfrutarlo como la primera vez. Cuando supe que iba al EuroBasket fue una ilusi\u00f3n por dentro que es complicado explicar. En el primer partido ten\u00eda muchos nervios, mucho muchos nervios. Pero saltas a la pista, ves a la gente con la que llevas un mes, as\u00ed como Miguel M\u00e9ndez, y eso te da tranquilidad y confianza.<\/p>\n<p>Yo estaba muy bien, jugu\u00e9 los tres partidos. Ten\u00edamos un d\u00eda de descanso. Yo esa noche empec\u00e9 a tener dolor de tripa. No me pareci\u00f3 muy grave porque yo cuando me pongo nerviosa, me pasa a veces. Pens\u00e9 que eran nervios. Pero era diferente, sent\u00eda un pinchazo. No pod\u00eda moverme demasiado. Avis\u00e9 a una compa\u00f1era para que llamase a la doctora, me vino a buscar y me dijo que ten\u00edamos que ir al hospital. Lo pas\u00e9 muy mal, fue muy duro. Me ve\u00eda jugando los cuartos y de repente estaba en la cama del hospital, sin saber qu\u00e9 me pasaba. Me hac\u00edan muchas pruebas, no sab\u00edan si era apendicitis. Estaba en Grecia, mis padres no estaban. Fue una experiencia muy dura.<\/p>\n<p>Yo llegu\u00e9 a tener miedo. Me encontraba muy mal, me dol\u00eda much\u00edsmo la barriga, me hac\u00edan pruebas y pruebas. Y no es lo mismo estar fuera de Espa\u00f1a. No me hab\u00eda pasado nunca. Hasta que encontraron lo que me pasaba.<\/p>\n<p>A m\u00ed la experiencia me pareci\u00f3 muy dura, pero me hizo darme cuenta de toda la gente que ten\u00eda a mi lado, de todos los mensajes que recib\u00ed del grupo. El grupo me tuvo s\u00faper presente siempre, llevaban mi camiseta\u2026 Acabar el partido y ver mi camiseta en la tele cuando estaba tan mal fue muy chulo. Que acabasen el partido y, en vez de irse a cenar o lo que sea, sacasen un rato para venir a verme\u2026 Pues estas experiencias al final te quitan mucho, porque me quitaron un sue\u00f1o, me lo arrancaron de repente, pero te dan much\u00edsimo m\u00e1s. Y a m\u00ed me dieron personas y sentirme muy querida, que al final lo agradec\u00ed mucho. Y ahora me da mucha pena pero lo recuerdo con mucho amor, la verdad.<\/p>\n<p>Lo del Europeo tampoco fueron muchos d\u00edas. Estuve ingresada 5 d\u00edas o as\u00ed, pude ir a ver la final, a vivirla desde el banquillo. Luego s\u00ed que es verdad que cuando volv\u00ed a casa me hice revisiones, estaba todo bien, y fui poco a poco recuper\u00e1ndome, entrenando un poco, volviendo un poco a coger fuerza porque perd\u00ed mucha fuerza. Y durante el verano entren\u00e9, me prepar\u00e9 para la pretemporada. Yo al llegar a Salamanca me notaba rara, muy cansada, me costaba todo mucho. Y fue como \u201csiento que me est\u00e1 pasando algo\u201d. No era ese cansancio t\u00edpico de pretemporada; era un cansancio de \u201ces que me da igual dormir 10 horas, que estoy devastada\u201d. Anna Monta\u00f1ana y mis compa\u00f1eras me dec\u00edan: \u201c\u00bfQu\u00e9 te pasa, que parece que te ha atropellado un tren antes de venir a entrenar?\u201d. Yo dec\u00eda \u201cno lo s\u00e9, no lo s\u00e9\u201d. Hasta que lleg\u00f3 un d\u00eda en que ya no pod\u00eda ni ir a entrenar, me encontraba muy mal, fui al hospital, me hice unas pruebas y vimos que ten\u00eda algo. Entonces estuve m\u00e1s tranquila, porque dije \u201cvale, me pasa algo\u201d. No es que no tenga ganas de entrenar, o me canse porque s\u00ed\u2026 me pasa algo, tiene soluci\u00f3n. Y fue como tom\u00e1rmelo con m\u00e1s calma\u00bb<\/p>\n<p>Foto: Alberto Nevado<\/p>\n<p>\t\t\t\t\t\t<a href=\"https:\/\/www.gigantes.com\/tienda\/hemeroteca\/especial-40-aniversario-gigantes-del-basket-no-1-562-noviembre-2025\/\" target=\"_blank\" rel=\"noopener nofollow\"><br \/>\n\t\t\t\t\t\t\t<img decoding=\"async\" src=\"https:\/\/www.europesays.com\/es\/wp-content\/uploads\/2025\/11\/cropped-40.jpg\" alt=\"cropped-40.jpg\"\/><br \/>\n\t\t\t\t\t\t<\/a><\/p>\n<p class=\"magazine-meta\">\n\t\t\t\t\t\t\t\t\t\t\t\t\t\t\t\t\t1562<br \/>\n\t\t\t\t\t\t\t\t\t\t\t\t\t\t\t\t\t\t\t\t\t\t\t\t\t |<br \/>\n\t\t\t\t\t\t\t\t\t\t\t\t\t\t\t\t\t\t\t\t\t\t\t\t\tNoviembre 2025\n\t\t\t\t\t\t\t\t\t\t\t\t\t\t\t<\/p>\n<p class=\"magazine-description\">Testigos del baloncesto. Cumplimos 40 a\u00f1os. Una edici\u00f3n diferente, llena de curiosidades, opiniones, gui\u00f1os, historia y cari\u00f1o. Cuatro d\u00e9cadas fusionando basket y papel.<\/p>\n<p>\t\t\t\t\t<a href=\"https:\/\/www.gigantes.com\/tienda\/hemeroteca\/especial-40-aniversario-gigantes-del-basket-no-1-562-noviembre-2025\/\" class=\"btn-primary\" target=\"_blank\" rel=\"noopener nofollow\">Comprar<\/a><\/p>\n","protected":false},"excerpt":{"rendered":"La jugadora de Perfumer\u00edas Avenida se abre sobre todo lo experimentado este pasado verano y sus dos etapas&hellip;\n","protected":false},"author":2,"featured_media":258956,"comment_status":"","ping_status":"","sticky":false,"template":"","format":"standard","meta":{"footnotes":""},"categories":[269],"tags":[299,298,168,25,24,23,167],"class_list":{"0":"post-258955","1":"post","2":"type-post","3":"status-publish","4":"format-standard","5":"has-post-thumbnail","7":"category-baloncesto","8":"tag-baloncesto","9":"tag-basketball","10":"tag-deportes","11":"tag-es","12":"tag-espana","13":"tag-spain","14":"tag-sports"},"share_on_mastodon":{"url":"https:\/\/pubeurope.com\/@es\/115623097128624257","error":""},"_links":{"self":[{"href":"https:\/\/www.europesays.com\/es\/wp-json\/wp\/v2\/posts\/258955","targetHints":{"allow":["GET"]}}],"collection":[{"href":"https:\/\/www.europesays.com\/es\/wp-json\/wp\/v2\/posts"}],"about":[{"href":"https:\/\/www.europesays.com\/es\/wp-json\/wp\/v2\/types\/post"}],"author":[{"embeddable":true,"href":"https:\/\/www.europesays.com\/es\/wp-json\/wp\/v2\/users\/2"}],"replies":[{"embeddable":true,"href":"https:\/\/www.europesays.com\/es\/wp-json\/wp\/v2\/comments?post=258955"}],"version-history":[{"count":0,"href":"https:\/\/www.europesays.com\/es\/wp-json\/wp\/v2\/posts\/258955\/revisions"}],"wp:featuredmedia":[{"embeddable":true,"href":"https:\/\/www.europesays.com\/es\/wp-json\/wp\/v2\/media\/258956"}],"wp:attachment":[{"href":"https:\/\/www.europesays.com\/es\/wp-json\/wp\/v2\/media?parent=258955"}],"wp:term":[{"taxonomy":"category","embeddable":true,"href":"https:\/\/www.europesays.com\/es\/wp-json\/wp\/v2\/categories?post=258955"},{"taxonomy":"post_tag","embeddable":true,"href":"https:\/\/www.europesays.com\/es\/wp-json\/wp\/v2\/tags?post=258955"}],"curies":[{"name":"wp","href":"https:\/\/api.w.org\/{rel}","templated":true}]}}