{"id":258999,"date":"2025-11-27T19:05:10","date_gmt":"2025-11-27T19:05:10","guid":{"rendered":"https:\/\/www.europesays.com\/es\/258999\/"},"modified":"2025-11-27T19:05:10","modified_gmt":"2025-11-27T19:05:10","slug":"esta-llamado-a-ser-figura","status":"publish","type":"post","link":"https:\/\/www.europesays.com\/es\/258999\/","title":{"rendered":"\u00abEst\u00e1 llamado a ser figura\u00bb"},"content":{"rendered":"<p style=\"\">Tras deshojar la margarita, David de Miranda ser\u00e1 apoderado finalmente por Enrique Ponce. Un acuerdo de torero a torero despu\u00e9s de que todo apuntara a que las riendas de la carrera del onubense las dirigir\u00eda <a href=\"https:\/\/www.abc.es\/cultura\/toros\/sabado-linares-20250830173934-nt.html\" target=\"_self\" data-voc-vtm-id=\"in-text-traffic\" title=\"Ram\u00f3n Valencia\" rel=\"nofollow noopener\">Ram\u00f3n Valencia<\/a>. Pero el hist\u00f3rico cambio en la Real  &#8230; Maestranza de Sevilla -en manos de Pag\u00e9s casi un siglo- ha hecho que no se estampe la r\u00fabrica, a pesar de que Ram\u00f3n Valencia hijo acompa\u00f1\u00f3 al de <a href=\"https:\/\/www.abc.es\/cultura\/toros\/jueves-almeria-20250828102606-nt.html\" target=\"_self\" data-voc-vtm-id=\"in-text-traffic\" title=\"Trigueros\" rel=\"nofollow noopener\">Trigueros<\/a> a su cita con Lima y le cerr\u00f3 la corrida de Manizales. Seg\u00fan ha podido saber ABC, de palabra hab\u00edan dejado claro que el acuerdo solo se sellar\u00eda formalmente en caso de que continuase al frente del coso de Baratillo.<\/p>\n<p class=\"voc-p\" style=\"\">Son muchas las empresas y apoderados que han llamado tras <a href=\"https:\/\/www.abc.es\/cultura\/toros\/fdfdsf-20250819170150-nt.html\" target=\"_self\" data-voc-vtm-id=\"in-text-traffic\" title=\"&#039;lo de M\u00e1laga&#039;\" rel=\"nofollow noopener\">&#8216;lo de M\u00e1laga&#8217;<\/a> a David de Miranda \u2013y muchas las reuniones que el gran impacto del a\u00f1o ha mantenido\u2013, que definitivamente se ha decantado por el maestro de Chiva. Tras muchas reuniones con unos y otros, el andaluz el camino de la independencia de manos de un torero ya retirado y que en el festival de Anto\u00f1ete dict\u00f3 una de las grandes lecciones de temple de la temporada 2025.<\/p>\n<p class=\"voc-p\" style=\"\">A la puerta del onubense han tocado empresarios que seguramente hubiesen allanado el camino de Miranda, que le hubiesen garantizado un sitio en las ferias. Pero su decisi\u00f3n final, despu\u00e9s de o\u00edr a tantos, con la confecci\u00f3n de ferias como Valdemorillo, Valencia y Madrid ya en marcha, la ha tomado este jueves tras un tentadero en la finca del valenciano. \u00abEstoy muy ilusionado, es la primera vez que apodero a un torero. No era algo que tuviera en mente, pero el a\u00f1o pasado me impact\u00f3 y no s\u00f3lo por lo que ya es, sino por todo el potencial que tiene y por todo lo que puede llegar a ser. Est\u00e1 llamado a ser figura del toreo\u00bb, dice el maestro, que destaca \u00abla pureza y esa manera de torear\u00bb del onubense. \u00abMe ilusiona much\u00edsimo\u00bb, recalca.<\/p>\n<p class=\"voc-p\" style=\"\">Precisamente David de Miranda tiene muchos recuerdos de Ponce en la plaza de la Merced: \u00abEs un espejo, un referente. Tantos pase\u00edllo que le he visto en Huelva, tan grandiosas faenas, y que ahora lleve las riendas de mi carrera me hace much\u00edsima ilusi\u00f3n\u00bb. Respecto a las dificultades que entra\u00f1a la independencia, el no ir respaldado por una casa empresarial, subraya: \u00abHay que pensar en grande, lo que prevalece es lo que uno hace con la espada y la muleta. Y yo quiero una persona que me acompa\u00f1a y me defienda; me puede aportar muchas cosas\u00bb. Una figura de \u00e9poca debuta como apoderado para dirigir la carrera de un torero que sue\u00f1a con serlo. Con madera y merecedor por derecho propio de ocupar un puesto destacado en las principales ferias.<\/p>\n","protected":false},"excerpt":{"rendered":"Tras deshojar la margarita, David de Miranda ser\u00e1 apoderado finalmente por Enrique Ponce. Un acuerdo de torero a&hellip;\n","protected":false},"author":2,"featured_media":259000,"comment_status":"","ping_status":"","sticky":false,"template":"","format":"standard","meta":{"footnotes":""},"categories":[91],"tags":[42747,2429,12096,146,147,25,24,2629,9126,14791,23,12404],"class_list":{"0":"post-258999","1":"post","2":"type-post","3":"status-publish","4":"format-standard","5":"has-post-thumbnail","7":"category-entretenimiento","8":"tag-apoderamiento","9":"tag-david","10":"tag-enrique","11":"tag-entertainment","12":"tag-entretenimiento","13":"tag-es","14":"tag-espana","15":"tag-lanza","16":"tag-miranda","17":"tag-ponce","18":"tag-spain","19":"tag-terreno"},"share_on_mastodon":{"url":"https:\/\/pubeurope.com\/@es\/115623226602334103","error":""},"_links":{"self":[{"href":"https:\/\/www.europesays.com\/es\/wp-json\/wp\/v2\/posts\/258999","targetHints":{"allow":["GET"]}}],"collection":[{"href":"https:\/\/www.europesays.com\/es\/wp-json\/wp\/v2\/posts"}],"about":[{"href":"https:\/\/www.europesays.com\/es\/wp-json\/wp\/v2\/types\/post"}],"author":[{"embeddable":true,"href":"https:\/\/www.europesays.com\/es\/wp-json\/wp\/v2\/users\/2"}],"replies":[{"embeddable":true,"href":"https:\/\/www.europesays.com\/es\/wp-json\/wp\/v2\/comments?post=258999"}],"version-history":[{"count":0,"href":"https:\/\/www.europesays.com\/es\/wp-json\/wp\/v2\/posts\/258999\/revisions"}],"wp:featuredmedia":[{"embeddable":true,"href":"https:\/\/www.europesays.com\/es\/wp-json\/wp\/v2\/media\/259000"}],"wp:attachment":[{"href":"https:\/\/www.europesays.com\/es\/wp-json\/wp\/v2\/media?parent=258999"}],"wp:term":[{"taxonomy":"category","embeddable":true,"href":"https:\/\/www.europesays.com\/es\/wp-json\/wp\/v2\/categories?post=258999"},{"taxonomy":"post_tag","embeddable":true,"href":"https:\/\/www.europesays.com\/es\/wp-json\/wp\/v2\/tags?post=258999"}],"curies":[{"name":"wp","href":"https:\/\/api.w.org\/{rel}","templated":true}]}}