{"id":259005,"date":"2025-11-27T19:08:08","date_gmt":"2025-11-27T19:08:08","guid":{"rendered":"https:\/\/www.europesays.com\/es\/259005\/"},"modified":"2025-11-27T19:08:08","modified_gmt":"2025-11-27T19:08:08","slug":"videos-antiguos-para-extender-la-islamofobia","status":"publish","type":"post","link":"https:\/\/www.europesays.com\/es\/259005\/","title":{"rendered":"v\u00eddeos antiguos para extender la islamofobia"},"content":{"rendered":"<p style=\"text-align:justify;\">En las semanas previas a la Navidad, en redes sociales se est\u00e1n difundiendo contenidos descontextualizados sobre la poblaci\u00f3n musulmana en Europa. Son mensajes falsos o enga\u00f1osos que trasladan la idea de que esta poblaci\u00f3n quiere <strong>sabotear las fiestas navide\u00f1as con actos vand\u00e1licos con el objetivo de extender la islamofobia<\/strong>. En VerificaRTVE ya hemos desmontado ejemplos de esta narrativa desinformativa en Reino Unido y Alemania. Ahora circulan v\u00eddeos descontextualizados en Italia.   <\/p>\n<p>Estas im\u00e1genes de la Plaza del Duomo son de hace un a\u00f1o <\/p>\n<p style=\"text-align:justify;\">\u201c\u00daltima hora: En Italia, islamistas trepan estatuas, ondean banderas extranjeras y ponen m\u00fasica a todo volumen, s\u00f3lo para perturbar el mercado navide\u00f1o familiar\u201d, leemos en un mensaje <strong>compartido m\u00e1s de 5.000 veces<\/strong> en X desde el 25 de noviembre. La publicaci\u00f3n incluye un v\u00eddeo de 48 segundos de una plaza abarrotada de gente y algunos j\u00f3venes ondeando banderas desde una estatua. <strong>Es enga\u00f1oso, este v\u00eddeo no es actual.<\/strong> <\/p>\n<p>Mensaje que difunde un v\u00eddeo de hace un a\u00f1o en la Plaza del Duomo como si fuera actual\u00a0VerificaRTVE<\/p>\n<p style=\"text-align:justify;\"><strong>No son disturbios actuales en un mercadillo navide\u00f1o. <\/strong>A trav\u00e9s de una b\u00fasqueda inversa de imagen, hemos comprobado que la grabaci\u00f3n se difunde en redes desde el <a href=\"https:\/\/archive.is\/C1xls\" target=\"_blank\" rel=\"nofollow noopener\">2 de enero de 2025<\/a> junto a mensajes que la sit\u00faan en las celebraciones de la Nochevieja del a\u00f1o 2024. La grabaci\u00f3n se geolocaliza en la Plaza del Duomo de Mil\u00e1n (<a href=\"https:\/\/www.google.es\/maps\/place\/Statue+of+King+Victor+Emmanuel+II\/@45.4640166,9.1893082,3a,75y,349.03h,92.66t\/data=!3m7!1e1!3m5!1sjcINXpok3RBm_Tp7Sdj_8Q!2e0!6shttps:%2F%2Fstreetviewpixels-pa.googleapis.com%2Fv1%2Fthumbnail%3Fcb_client%3Dmaps_sv.tactile%26w%3D900%26h%3D600%26pitch%3D-2.658397418215671%26panoid%3DjcINXpok3RBm_Tp7Sdj_8Q%26yaw%3D349.0292198407172!7i16384!8i8192!4m6!3m5!1s0x4786c75b2e6de0b7:0xe5e5489954317592!8m2!3d45.4642149!4d9.1892659!16s%2Fg%2F112yfqwzd?entry=ttu&amp;g_ep=EgoyMDI1MTEyMy4xIKXMDSoASAFQAw%3D%3D\" target=\"_blank\" rel=\"nofollow noopener\">45.46421051187393, 9.189265631490343<\/a>), concretamente desde la estatua del rey V\u00edctor Manuel II. Las banderas que aparecen en el v\u00eddeo pertenecen a Egipto, Palestina, T\u00fanez y Marruecos. Medios italianos informaron entonces de disturbios que tuvieron lugar el 31 de diciembre de 2025 (<a href=\"https:\/\/milano.corriere.it\/notizie\/cronaca\/25_gennaio_06\/cosa-sappiamo-dei-fatti-di-capodanno-in-piazza-duomo-a-milano-le-denunce-mancanti-le-risse-e-i-controlli-il-questore-situazione-9e7b8ffd-38ef-4e29-8c7a-c4f3524f2xlk.shtml\" target=\"_blank\" rel=\"nofollow noopener\">1<\/a> y <a href=\"https:\/\/www.ansa.it\/sito\/notizie\/cronaca\/2025\/01\/10\/violenze-a-capodanno-in-piazza-duomo-la-procura-indaga-su-almeno-5-casi_28dae6c0-bc98-400e-b270-6dafb7ff54ee.html\" target=\"_blank\" rel=\"nofollow noopener\">2<\/a>).  <\/p>\n<p>Este incendio en una iglesia italiana se produjo en 2023 <\/p>\n<p style=\"text-align:justify;\">Otra publicaci\u00f3n de X del 24 de noviembre, <strong>compartida m\u00e1s de 7.000 veces<\/strong>, afirma que \u201cun terrorista musulm\u00e1n marroqu\u00ed incendi\u00f3 una iglesia en Villastanza, Italia, destruyendo el bel\u00e9n y el \u00f3rgano de 600 a\u00f1os de antig\u00fcedad\u201d. Difunde un v\u00eddeo de 34 segundos en el que se aprecia el exterior de una iglesia de la que sale abundante humo. <strong>Es enga\u00f1oso.<\/strong> <\/p>\n<p>Mensaje de X que desinforma sobre el incendio de una iglesia en Italia\u00a0VerificaRTVE<\/p>\n<p style=\"text-align:justify;\"><strong>Este incendio ocurri\u00f3 en 2023. <\/strong>A trav\u00e9s de una b\u00fasqueda inversa hemos comprobado que la grabaci\u00f3n se difunde en redes desde el <a href=\"https:\/\/archive.is\/tZuHU\" target=\"_blank\" rel=\"nofollow noopener\">16 de diciembre de 2023<\/a>. Medios italianos como el <a href=\"https:\/\/milano.corriere.it\/notizie\/cronaca\/23_dicembre_15\/parabiago-entra-in-chiesa-e-da-fuoco-al-presepe-di-natale-fermato-un-30enne-da-verificare-l-agibilita-dell-edificio-564faee6-cf3d-4a28-921d-a95f53f88xlk.shtml\" target=\"_blank\" rel=\"nofollow noopener\">Corriere della Sera<\/a> informaron de lo que ocurri\u00f3 ese d\u00eda en una iglesia de Villastanza, al norte de Mil\u00e1n: un joven norteafricano prendi\u00f3 fuego al bel\u00e9n, huy\u00f3 y poco despu\u00e9s fue detenido por los Carabinieri. El ataque da\u00f1\u00f3 un \u00f3rgano del siglo XVII, seg\u00fan el alcalde de Parabagio.  <\/p>\n<p style=\"text-align:justify;\">Seg\u00fan inform\u00f3 el diario <a href=\"https:\/\/www.ilgiorno.it\/legnano\/cronaca\/incendio-villastanza-problemi-mentali-18db3d6e\" target=\"_blank\" rel=\"nofollow noopener\">Il Giorno<\/a>, las autoridades informaron de que <strong>no se trataba de un acto terrorista<\/strong>. El autor del incendio era un joven que viv\u00eda en la localidad, de 23 a\u00f1os, que padec\u00eda problemas mentales y un trastorno de la personalidad. <\/p>\n<p style=\"text-align:justify;\">En VerificaRTVE te hemos alertado en otras ocasiones de <strong>bulos que buscan extender la islamofobia<\/strong>. Es el caso de <a href=\"https:\/\/www.rtve.es\/noticias\/20251126\/falso-no-son-musulmanes-a-caza-cristianos-reino-unido\/16832561.shtml\" rel=\"nofollow noopener\" target=\"_blank\">este v\u00eddeo con el que acusan a personas musulmanas<\/a> de salir \u2018a la caza\u2019 de cristianos brit\u00e1nicos o estas <a href=\"https:\/\/www.rtve.es\/noticias\/20251112\/inteligencia-artificial-alimentar-discurso-odio-migrantes-reino-unido\/16812294.shtml\" rel=\"nofollow noopener\" target=\"_blank\">grabaciones generadas con inteligencia artificial<\/a> para difundir falsedades sobre poblaci\u00f3n migrante en Reino Unido. <\/p>\n","protected":false},"excerpt":{"rendered":"En las semanas previas a la Navidad, en redes sociales se est\u00e1n difundiendo contenidos descontextualizados sobre la poblaci\u00f3n&hellip;\n","protected":false},"author":2,"featured_media":259006,"comment_status":"","ping_status":"","sticky":false,"template":"","format":"standard","meta":{"footnotes":""},"categories":[42],"tags":[17,18,13,14,11,61,62,63,64,19,20,9,10,15,16,12,21,22,65,66,67],"class_list":{"0":"post-259005","1":"post","2":"type-post","3":"status-publish","4":"format-standard","5":"has-post-thumbnail","7":"category-internacional","8":"tag-breaking-news","9":"tag-breakingnews","10":"tag-featured-news","11":"tag-featurednews","12":"tag-headlines","13":"tag-internacional","14":"tag-international","15":"tag-international-news","16":"tag-internationalnews","17":"tag-latest-news","18":"tag-latestnews","19":"tag-news","20":"tag-noticias","21":"tag-noticias-destacadas","22":"tag-noticiasdestacadas","23":"tag-titulares","24":"tag-ultimas-noticias","25":"tag-ultimasnoticias","26":"tag-world","27":"tag-world-news","28":"tag-worldnews"},"share_on_mastodon":{"url":"https:\/\/pubeurope.com\/@es\/115623238382488680","error":""},"_links":{"self":[{"href":"https:\/\/www.europesays.com\/es\/wp-json\/wp\/v2\/posts\/259005","targetHints":{"allow":["GET"]}}],"collection":[{"href":"https:\/\/www.europesays.com\/es\/wp-json\/wp\/v2\/posts"}],"about":[{"href":"https:\/\/www.europesays.com\/es\/wp-json\/wp\/v2\/types\/post"}],"author":[{"embeddable":true,"href":"https:\/\/www.europesays.com\/es\/wp-json\/wp\/v2\/users\/2"}],"replies":[{"embeddable":true,"href":"https:\/\/www.europesays.com\/es\/wp-json\/wp\/v2\/comments?post=259005"}],"version-history":[{"count":0,"href":"https:\/\/www.europesays.com\/es\/wp-json\/wp\/v2\/posts\/259005\/revisions"}],"wp:featuredmedia":[{"embeddable":true,"href":"https:\/\/www.europesays.com\/es\/wp-json\/wp\/v2\/media\/259006"}],"wp:attachment":[{"href":"https:\/\/www.europesays.com\/es\/wp-json\/wp\/v2\/media?parent=259005"}],"wp:term":[{"taxonomy":"category","embeddable":true,"href":"https:\/\/www.europesays.com\/es\/wp-json\/wp\/v2\/categories?post=259005"},{"taxonomy":"post_tag","embeddable":true,"href":"https:\/\/www.europesays.com\/es\/wp-json\/wp\/v2\/tags?post=259005"}],"curies":[{"name":"wp","href":"https:\/\/api.w.org\/{rel}","templated":true}]}}